{"id":286298,"date":"2025-07-31T08:50:11","date_gmt":"2025-07-31T08:50:11","guid":{"rendered":"https:\/\/www.europesays.com\/fr\/286298\/"},"modified":"2025-07-31T08:50:11","modified_gmt":"2025-07-31T08:50:11","slug":"volodymyr-zelensky-appelle-le-monde-a-agir-pour-un-changement-de-regime-en-russie","status":"publish","type":"post","link":"https:\/\/www.europesays.com\/fr\/286298\/","title":{"rendered":"Volodymyr Zelensky appelle le monde \u00e0 agir pour un \u00ab\u00a0changement de r\u00e9gime\u00a0\u00bb en Russie"},"content":{"rendered":"<p>\u00ab\u00a0Je crois que la Russie peut \u00eatre pouss\u00e9e \u00e0 mettre fin \u00e0 cette guerre, a d\u00e9clar\u00e9 le pr\u00e9sident\u00a0ukrainien Volodymyr Zelensky\u00a0jeudi 31\u00a0juillet 2025, en visio, lors d\u2019une conf\u00e9rence marquant les 50\u00a0ans des accords d\u2019Helsinki, organis\u00e9e dans la capitale finlandaise. C\u2019est elle qui l\u2019a commenc\u00e9e et on peut la contraindre \u00e0 y mettre un terme. Mais si le monde ne vise pas un changement de r\u00e9gime en Russie, cela signifie que m\u00eame apr\u00e8s la fin de la guerre, Moscou continuera \u00e0 tenter de d\u00e9stabiliser les pays voisins.\u00a0\u00bb<\/p>\n<p>Ce jour m\u00eame, <a target=\"_self\" href=\"https:\/\/www.lanouvellerepublique.fr\/a-la-une\/ukraine-au-moins-six-morts-dans-des-frappes-russes-a-kiev-1753939967\" rel=\"nofollow noopener\">une attaque de missiles<\/a> et de drones russes sur Kiev a fait au moins six morts, dont un enfant de 6\u00a0ans, et des dizaines de bless\u00e9s.<\/p>\n<p>Le pr\u00e9sident ukrainien a \u00e9galement ajout\u00e9 qu\u2019il\u00a0\u00e9tait \u00ab\u00a0temps de confisquer\u00a0\u00bb les avoirs russes, et non pas seulement de les geler, pour \u00ab\u00a0les utiliser au service de la paix\u00a0\u00bb. \u00ab\u00a0Nous devons bloquer compl\u00e8tement la machine de guerre russe [\u2026] utiliser tous les avoirs russes gel\u00e9s\u00a0\u2013 y compris les richesses vol\u00e9es issues de la corruption\u00a0\u2013 pour d\u00e9fendre le monde contre l\u2019agression russe\u00a0\u00bb.<\/p>\n","protected":false},"excerpt":{"rendered":"\u00ab\u00a0Je crois que la Russie peut \u00eatre pouss\u00e9e \u00e0 mettre fin \u00e0 cette guerre, a d\u00e9clar\u00e9 le pr\u00e9sident\u00a0ukrainien&hellip;\n","protected":false},"author":2,"featured_media":286299,"comment_status":"","ping_status":"","sticky":false,"template":"","format":"standard","meta":{"footnotes":""},"categories":[1591],"tags":[328,11,674,1887,329,74,12,1885,1886,132,220],"class_list":{"0":"post-286298","1":"post","2":"type-post","3":"status-publish","4":"format-standard","5":"has-post-thumbnail","7":"category-russie","8":"tag-a-la-une","9":"tag-actualites","10":"tag-europe","11":"tag-federation-de-russie","12":"tag-france-monde","13":"tag-monde","14":"tag-news","15":"tag-russia","16":"tag-russian-federation","17":"tag-russie","18":"tag-ukraine"},"share_on_mastodon":{"url":"https:\/\/pubeurope.com\/@fr\/114946993352754115","error":""},"_links":{"self":[{"href":"https:\/\/www.europesays.com\/fr\/wp-json\/wp\/v2\/posts\/286298","targetHints":{"allow":["GET"]}}],"collection":[{"href":"https:\/\/www.europesays.com\/fr\/wp-json\/wp\/v2\/posts"}],"about":[{"href":"https:\/\/www.europesays.com\/fr\/wp-json\/wp\/v2\/types\/post"}],"author":[{"embeddable":true,"href":"https:\/\/www.europesays.com\/fr\/wp-json\/wp\/v2\/users\/2"}],"replies":[{"embeddable":true,"href":"https:\/\/www.europesays.com\/fr\/wp-json\/wp\/v2\/comments?post=286298"}],"version-history":[{"count":0,"href":"https:\/\/www.europesays.com\/fr\/wp-json\/wp\/v2\/posts\/286298\/revisions"}],"wp:featuredmedia":[{"embeddable":true,"href":"https:\/\/www.europesays.com\/fr\/wp-json\/wp\/v2\/media\/286299"}],"wp:attachment":[{"href":"https:\/\/www.europesays.com\/fr\/wp-json\/wp\/v2\/media?parent=286298"}],"wp:term":[{"taxonomy":"category","embeddable":true,"href":"https:\/\/www.europesays.com\/fr\/wp-json\/wp\/v2\/categories?post=286298"},{"taxonomy":"post_tag","embeddable":true,"href":"https:\/\/www.europesays.com\/fr\/wp-json\/wp\/v2\/tags?post=286298"}],"curies":[{"name":"wp","href":"https:\/\/api.w.org\/{rel}","templated":true}]}}