{"id":286320,"date":"2025-07-31T09:02:11","date_gmt":"2025-07-31T09:02:11","guid":{"rendered":"https:\/\/www.europesays.com\/fr\/286320\/"},"modified":"2025-07-31T09:02:11","modified_gmt":"2025-07-31T09:02:11","slug":"revolution-au-stade-mayol-les-prochains-travaux-vont-rejouir-les-supporters-du-rct","status":"publish","type":"post","link":"https:\/\/www.europesays.com\/fr\/286320\/","title":{"rendered":"R\u00e9volution au Stade Mayol : Les prochains travaux vont r\u00e9jouir les supporters du RCT !"},"content":{"rendered":"<p>C\u2019est une v\u00e9ritable r\u00e9volution qui attend les supporters du Rugby Club Toulonnais, au Stade Mayol.<\/p>\n<p>En effet, les tribunes Delangre et Finale pourraient bient\u00f4t \u00eatre couvertes.<\/p>\n<p>Lors d\u2019un entretien accord\u00e9 au journal <a href=\"https:\/\/www.varmatin.com\/vie-locale\/objectif-le-13-septembre-pour-la-fin-des-travaux-du-stade-mayol-996268?t=1753946035\" rel=\"nofollow noopener\" target=\"_blank\">Var-matin<\/a>, la maire de Toulon, Jos\u00e9e Massi a confirm\u00e9 qu\u2019il s\u2019agira du prochain gros chantier du Stade Mayol.<\/p>\n<p>Pour rappel, le pr\u00e9sident du RCT, Bernard Lemaitre a r\u00e9cemment point\u00e9 du doigt cette probl\u00e9matique des tribunes non couvertes du Stade Mayol.<\/p>\n<p>Et pour cause, par temps de pluie, les supporters Varois positionn\u00e9s en Delangre et Finale ne sont pas du tout prot\u00e9g\u00e9s.<\/p>\n<p>Il s\u2019agit d\u2019une probl\u00e9matique importante pour la direction du RCT qui souhaite rem\u00e9dier \u00e0 ce probl\u00e8me.<\/p>\n<p><strong>Et la maire de Toulon va prendre les choses en mains. Extrait:<\/strong><\/p>\n<p>\u00ab On en discute avec le club, mais on va peut-\u00eatre couvrir les tribunes. On se doit de donner un confort aux spectateurs, parce que l\u2019hiver il fait froid et l\u2019\u00e9t\u00e9 il fait trop chaud. Donc je crois que ce sera le prochain grand chantier. \u00bb<\/p>\n<p><strong>Voil\u00e0 une excellente nouvelle pour le RCT et ses supporters !<\/strong><\/p>\n","protected":false},"excerpt":{"rendered":"C\u2019est une v\u00e9ritable r\u00e9volution qui attend les supporters du Rugby Club Toulonnais, au Stade Mayol. En effet, les&hellip;\n","protected":false},"author":2,"featured_media":235127,"comment_status":"","ping_status":"","sticky":false,"template":"","format":"standard","meta":{"footnotes":""},"categories":[1416],"tags":[1011,27,479,1468,60],"class_list":{"0":"post-286320","1":"post","2":"type-post","3":"status-publish","4":"format-standard","5":"has-post-thumbnail","7":"category-rugby","8":"tag-fr","9":"tag-france","10":"tag-rugby","11":"tag-rugby-football","12":"tag-sports"},"share_on_mastodon":{"url":"https:\/\/pubeurope.com\/@fr\/114947040544794708","error":""},"_links":{"self":[{"href":"https:\/\/www.europesays.com\/fr\/wp-json\/wp\/v2\/posts\/286320","targetHints":{"allow":["GET"]}}],"collection":[{"href":"https:\/\/www.europesays.com\/fr\/wp-json\/wp\/v2\/posts"}],"about":[{"href":"https:\/\/www.europesays.com\/fr\/wp-json\/wp\/v2\/types\/post"}],"author":[{"embeddable":true,"href":"https:\/\/www.europesays.com\/fr\/wp-json\/wp\/v2\/users\/2"}],"replies":[{"embeddable":true,"href":"https:\/\/www.europesays.com\/fr\/wp-json\/wp\/v2\/comments?post=286320"}],"version-history":[{"count":0,"href":"https:\/\/www.europesays.com\/fr\/wp-json\/wp\/v2\/posts\/286320\/revisions"}],"wp:featuredmedia":[{"embeddable":true,"href":"https:\/\/www.europesays.com\/fr\/wp-json\/wp\/v2\/media\/235127"}],"wp:attachment":[{"href":"https:\/\/www.europesays.com\/fr\/wp-json\/wp\/v2\/media?parent=286320"}],"wp:term":[{"taxonomy":"category","embeddable":true,"href":"https:\/\/www.europesays.com\/fr\/wp-json\/wp\/v2\/categories?post=286320"},{"taxonomy":"post_tag","embeddable":true,"href":"https:\/\/www.europesays.com\/fr\/wp-json\/wp\/v2\/tags?post=286320"}],"curies":[{"name":"wp","href":"https:\/\/api.w.org\/{rel}","templated":true}]}}