{"id":286321,"date":"2025-07-31T09:03:11","date_gmt":"2025-07-31T09:03:11","guid":{"rendered":"https:\/\/www.europesays.com\/fr\/286321\/"},"modified":"2025-07-31T09:03:11","modified_gmt":"2025-07-31T09:03:11","slug":"le-numero-1-francais-arthur-fils-assure-pour-sa-reprise-au-masters-1000-de-toronto-deux-mois-apres-sa-blessure-a-roland-garros","status":"publish","type":"post","link":"https:\/\/www.europesays.com\/fr\/286321\/","title":{"rendered":"le num\u00e9ro 1 fran\u00e7ais Arthur Fils assure pour sa reprise au Masters 1000 de Toronto, deux mois apr\u00e8s sa blessure \u00e0 Roland-Garros"},"content":{"rendered":"<p class=\"c-chapo \">\n  21e mondial, le joueur tricolore a battu en deux manches, mercredi, l&rsquo;Espagnol Pablo Carreno Busta pour son entr\u00e9e en lice dans le tournoi canadien.\n<\/p>\n<p>            lire plus tard<\/p>\n<p id=\"dialog__title\" class=\"dialog__title\">Pour sauvegarder cet article, connectez-vous ou cr\u00e9ez un compte franceinfo<\/p>\n<p class=\"dialog__description\">Sans paiement. Sans abonnement.<\/p>\n<p>        Fermer la fen\u00eatre d\u2019activation des notifications France Info<\/p>\n<p>            cr\u00e9er votre compte<\/p>\n<p>            se connecter<\/p>\n<p>        Fermer la fen\u00eatre de pr\u00e9sentation<\/p>\n<p>    <img loading=\"lazy\" decoding=\"async\" class=\"signature__image lazyload\" width=\"100\" height=\"100\" data- alt=\"\" src=\"https:\/\/www.europesays.com\/fr\/wp-content\/uploads\/2025\/07\/logosport-fond-blanc-68664bf99f8a0368288482.jpg\"\/><\/p>\n<p>          France T\u00e9l\u00e9visions &#8211; R\u00e9daction Sport<\/p>\n<p>    Publi\u00e9 le 31\/07\/2025 09:30<\/p>\n<p>        Temps de lecture : 1min<\/p>\n<p>    <img decoding=\"async\"  alt=\"Le n\u00b01 fran\u00e7ais Arthur Fils \u00e0 l'occasion du deuxi\u00e8me tour du Masters 1000 de Toronto face \u00e0 l'Espagnol Pablo Carreno Busta, le 30 juillet 2025. (DAN HAMILTON \/ SIPA)\" width=\"432\" height=\"243\" src=\"https:\/\/www.europesays.com\/fr\/wp-content\/uploads\/2025\/07\/sipa-sipausa30500950-000051-688b1aac6785f083935445.jpg\" fetchpriority=\"high\"\/><\/p>\n<p>      Le n\u00b01 fran\u00e7ais Arthur Fils \u00e0 l&rsquo;occasion du deuxi\u00e8me tour du Masters 1000 de Toronto face \u00e0 l&rsquo;Espagnol Pablo Carreno Busta, le 30 juillet 2025. (DAN HAMILTON \/ SIPA)<\/p>\n<p>Une reprise rassurante.\u00a0Apr\u00e8s deux mois d&rsquo;absence \u00e0 cause d&rsquo;une blessure au dos, le num\u00e9ro 1 fran\u00e7ais Arthur Fils (21e mondial) a r\u00e9ussi son retour sur le circuit en s&rsquo;imposant en deux sets (6-3, 6-4) contre l&rsquo;Espagnol Pablo Carreno (93e), mercredi 30 juillet, au deuxi\u00e8me tour du Masters 1\u00a0000 de Toronto. Le Francilien n&rsquo;avait plus rejou\u00e9 depuis <a href=\"https:\/\/www.franceinfo.fr\/roland-garros\/focus\/roland-garros-2025-blesse-arthur-fils-declare-forfait-plus-de-francais-engage-en-simple-chez-les-hommes_7282428.html\" rel=\"nofollow noopener\" target=\"_blank\">son forfait \u00e0 Roland-Garros \u00e0 la suite d&rsquo;une fracture de fatigue au bas du dos<\/a>.<\/p>\n<p>Cette blessure l&rsquo;avait contraint \u00e0 se retirer avant son match du troisi\u00e8me tour porte d&rsquo;Auteuil contre le Russe Andrey Rublev, <a href=\"https:\/\/www.franceinfo.fr\/roland-garros\/roland-garros-2025-meme-diminue-arthur-fils-se-qualifie-pour-le-troisieme-tour-apres-une-bataille-de-plus-de-quatre-heures-contre-jaume-munar_7279920.html\" rel=\"nofollow noopener\" target=\"_blank\">apr\u00e8s un rude combat en cinq sets face \u00e0 Jaume Munar<\/a>. Absent des courts pendant environ huit semaines, manquant notamment la saison sur gazon dont Wimbledon, Arthur Fils avait d\u00e9clar\u00e9 avant son match de mercredi qu&rsquo;il \u00e9tait \u00ab\u00a0toujours en forme, mais pas encore bien dans le jeu\u00a0\u00bb, expliquant qu&rsquo;il avait repris le tennis dix jours seulement avant son retour. Le Fran\u00e7ais de 21 ans affrontera le Tch\u00e8que Jiri Lehecka (27e mondial) au troisi\u00e8me tour du tournoi canadien.<\/p>\n<p class=\"related-tags__title\" role=\"heading\" aria-level=\"2\">les mots-cl\u00e9s associ\u00e9s \u00e0 cet article\n    <\/p>\n","protected":false},"excerpt":{"rendered":"21e mondial, le joueur tricolore a battu en deux manches, mercredi, l&rsquo;Espagnol Pablo Carreno Busta pour son entr\u00e9e&hellip;\n","protected":false},"author":2,"featured_media":286322,"comment_status":"","ping_status":"","sticky":false,"template":"","format":"standard","meta":{"footnotes":""},"categories":[1415],"tags":[1011,27,60,1467],"class_list":{"0":"post-286321","1":"post","2":"type-post","3":"status-publish","4":"format-standard","5":"has-post-thumbnail","7":"category-tennis","8":"tag-fr","9":"tag-france","10":"tag-sports","11":"tag-tennis"},"share_on_mastodon":{"url":"https:\/\/pubeurope.com\/@fr\/114947044407574424","error":""},"_links":{"self":[{"href":"https:\/\/www.europesays.com\/fr\/wp-json\/wp\/v2\/posts\/286321","targetHints":{"allow":["GET"]}}],"collection":[{"href":"https:\/\/www.europesays.com\/fr\/wp-json\/wp\/v2\/posts"}],"about":[{"href":"https:\/\/www.europesays.com\/fr\/wp-json\/wp\/v2\/types\/post"}],"author":[{"embeddable":true,"href":"https:\/\/www.europesays.com\/fr\/wp-json\/wp\/v2\/users\/2"}],"replies":[{"embeddable":true,"href":"https:\/\/www.europesays.com\/fr\/wp-json\/wp\/v2\/comments?post=286321"}],"version-history":[{"count":0,"href":"https:\/\/www.europesays.com\/fr\/wp-json\/wp\/v2\/posts\/286321\/revisions"}],"wp:featuredmedia":[{"embeddable":true,"href":"https:\/\/www.europesays.com\/fr\/wp-json\/wp\/v2\/media\/286322"}],"wp:attachment":[{"href":"https:\/\/www.europesays.com\/fr\/wp-json\/wp\/v2\/media?parent=286321"}],"wp:term":[{"taxonomy":"category","embeddable":true,"href":"https:\/\/www.europesays.com\/fr\/wp-json\/wp\/v2\/categories?post=286321"},{"taxonomy":"post_tag","embeddable":true,"href":"https:\/\/www.europesays.com\/fr\/wp-json\/wp\/v2\/tags?post=286321"}],"curies":[{"name":"wp","href":"https:\/\/api.w.org\/{rel}","templated":true}]}}