{"id":286373,"date":"2025-07-31T09:36:15","date_gmt":"2025-07-31T09:36:15","guid":{"rendered":"https:\/\/www.europesays.com\/fr\/286373\/"},"modified":"2025-07-31T09:36:15","modified_gmt":"2025-07-31T09:36:15","slug":"metropole-de-grenoble-quatre-voitures-incendiees-dans-la-nuit","status":"publish","type":"post","link":"https:\/\/www.europesays.com\/fr\/286373\/","title":{"rendered":"M\u00e9tropole de Grenoble. Quatre voitures incendi\u00e9es dans la nuit"},"content":{"rendered":"<p>Les sapeurs-pompiers sont intervenus \u00e0 plusieurs reprises, dans la nuit du 30 au 31\u00a0juillet, \u00e0 divers endroits de l\u2019agglom\u00e9ration, pour \u00e9teindre des incendies de v\u00e9hicules et \u00e9viter leur propagation. La premi\u00e8re alerte a \u00e9t\u00e9 donn\u00e9e vers 22\u00a0h\u00a030, sur l\u2019avenue des \u00c9tats G\u00e9n\u00e9raux \u00e0 \u00c9chirolles. Si le feu a rapidement pu \u00eatre \u00e9teint, le v\u00e9hicule, enti\u00e8rement calcin\u00e9, n\u2019a pas pu \u00eatre identifi\u00e9.<\/p>\n<p>Ce contenu est bloqu\u00e9 car vous n&rsquo;avez pas accept\u00e9 les cookies et autres traceurs.<\/p>\n<p>En cliquant sur \u00ab J\u2019accepte \u00bb, les cookies et autres traceurs seront d\u00e9pos\u00e9s et vous pourrez visualiser les contenus  (<a href=\"\" class=\"consentModule_policy\" target=\"_blank\" title=\"Consulter la politique de protection des donn\u00e9es du fournisseur\">plus d&rsquo;informations<\/a>).<\/p>\n<p>En cliquant sur \u00ab J\u2019accepte tous les cookies \u00bb, vous autorisez des d\u00e9p\u00f4ts de cookies et autres traceurs pour le stockage de vos donn\u00e9es sur nos sites et applications \u00e0 des fins de personnalisation et de ciblage publicitaire.<\/p>\n<p class=\"consentModule_secondaryText\">Vous gardez la possibilit\u00e9 de retirer votre consentement \u00e0 tout moment en consultant notre <a href=\"https:\/\/www.ledauphine.com\/protection-des-donnees\" target=\"_blank\" title=\"Consulter notre politique de protection des donn\u00e9es\" rel=\"noopener\">politique de protection des donn\u00e9es<\/a>. <br \/>&#13;<br \/>\n            <a href=\"https:\/\/www.ledauphine.com\/faits-divers-justice\/2025\/07\/31\/javascript:Didomi.notice.show()\" class=\"consentModule_cmp\" target=\"_blank\" rel=\"noopener\">G\u00e9rer mes choix<\/a>&#13;\n        <\/p>\n<p>&#13;<br \/>\n                        J&rsquo;accepte&#13;<br \/>\n            J&rsquo;accepte tous les cookies&#13;\n        <\/p>\n<p>Une heure plus tard, vers 23\u00a0h\u00a030, c\u2019est rue Paul-Gueymard, \u00e0 Saint-Martin-d\u2019H\u00e8res que les sapeurs-pompiers ont \u00e9t\u00e9 appel\u00e9s. Le v\u00e9hicule, \u00e9galement totalement d\u00e9truit, n\u2019a pu \u00eatre identifi\u00e9. L\u2019incendie ne s\u2019est en revanche pas propag\u00e9.<\/p>\n<p>Vers 1\u00a0h\u00a030, place des G\u00e9ants \u00e0 la Villeneuve, c\u2019est une Mercedes classe A qui a \u00e9t\u00e9 d\u00e9truite par les flammes. Une voiture qui n\u2019a pas \u00e9t\u00e9 d\u00e9clar\u00e9e vol\u00e9e, tout comme le SUV Renault Captur qui a pris feu quelques minutes plus tard sur l\u2019avenue des \u00c9tats G\u00e9n\u00e9raux, \u00e0 \u00c9chirolles et qui a \u00e9t\u00e9 compl\u00e8tement d\u00e9truit, sans dommage collat\u00e9ral.<\/p>\n","protected":false},"excerpt":{"rendered":"Les sapeurs-pompiers sont intervenus \u00e0 plusieurs reprises, dans la nuit du 30 au 31\u00a0juillet, \u00e0 divers endroits de&hellip;\n","protected":false},"author":2,"featured_media":286374,"comment_status":"","ping_status":"","sticky":false,"template":"","format":"standard","meta":{"footnotes":""},"categories":[9566],"tags":[1111,11,2430,271,272,112,1777,674,274,107,1011,27,2731,2732,108,12,25],"class_list":{"0":"post-286373","1":"post","2":"type-post","3":"status-publish","4":"format-standard","5":"has-post-thumbnail","7":"category-grenoble","8":"tag-actu","9":"tag-actualites","10":"tag-auvergne-rhone-alpes","11":"tag-crime","12":"tag-delit-et-contravention","13":"tag-edition-grenoble-agglomeration","14":"tag-eu","15":"tag-europe","16":"tag-faits-divers-justice","17":"tag-fil-info","18":"tag-fr","19":"tag-france","20":"tag-grenoble","21":"tag-grenoble-bassin","22":"tag-isere","23":"tag-news","24":"tag-republique-francaise"},"share_on_mastodon":{"url":"https:\/\/pubeurope.com\/@fr\/114947174160271254","error":""},"_links":{"self":[{"href":"https:\/\/www.europesays.com\/fr\/wp-json\/wp\/v2\/posts\/286373","targetHints":{"allow":["GET"]}}],"collection":[{"href":"https:\/\/www.europesays.com\/fr\/wp-json\/wp\/v2\/posts"}],"about":[{"href":"https:\/\/www.europesays.com\/fr\/wp-json\/wp\/v2\/types\/post"}],"author":[{"embeddable":true,"href":"https:\/\/www.europesays.com\/fr\/wp-json\/wp\/v2\/users\/2"}],"replies":[{"embeddable":true,"href":"https:\/\/www.europesays.com\/fr\/wp-json\/wp\/v2\/comments?post=286373"}],"version-history":[{"count":0,"href":"https:\/\/www.europesays.com\/fr\/wp-json\/wp\/v2\/posts\/286373\/revisions"}],"wp:featuredmedia":[{"embeddable":true,"href":"https:\/\/www.europesays.com\/fr\/wp-json\/wp\/v2\/media\/286374"}],"wp:attachment":[{"href":"https:\/\/www.europesays.com\/fr\/wp-json\/wp\/v2\/media?parent=286373"}],"wp:term":[{"taxonomy":"category","embeddable":true,"href":"https:\/\/www.europesays.com\/fr\/wp-json\/wp\/v2\/categories?post=286373"},{"taxonomy":"post_tag","embeddable":true,"href":"https:\/\/www.europesays.com\/fr\/wp-json\/wp\/v2\/tags?post=286373"}],"curies":[{"name":"wp","href":"https:\/\/api.w.org\/{rel}","templated":true}]}}