{"id":286379,"date":"2025-07-31T09:39:12","date_gmt":"2025-07-31T09:39:12","guid":{"rendered":"https:\/\/www.europesays.com\/fr\/286379\/"},"modified":"2025-07-31T09:39:12","modified_gmt":"2025-07-31T09:39:12","slug":"reouverture-progressive-a-partir-du-samedi-2-aout","status":"publish","type":"post","link":"https:\/\/www.europesays.com\/fr\/286379\/","title":{"rendered":"r\u00e9ouverture progressive \u00e0 partir du samedi 2 ao\u00fbt"},"content":{"rendered":"<p>Suite \u00e0 une panne technique des pompes de circulation d\u2019eau survenue le 24\u00a0juillet, <a href=\"https:\/\/www.dna.fr\/societe\/2025\/07\/24\/fermeture-de-la-piscine-du-wacken-jusqu-a-debut-aout\" target=\"_blank\" rel=\"noopener\">la piscine du Wacken avait \u00e9t\u00e9 ferm\u00e9e au public<\/a>. \u00ab\u00a0Gr\u00e2ce \u00e0 la mobilisation du personnel et aux efforts d\u00e9ploy\u00e9s pour r\u00e9parer l\u2018\u00e9quipement, la piscine pourra rouvrir progressivement \u00e0 partir du samedi 2\u00a0ao\u00fbt\u00a0\u00bb, annonce ce jeudi 31\u00a0juillet la m\u00e9tropole de Strasbourg.<\/p>\n<p>Ce contenu est bloqu\u00e9 car vous n&rsquo;avez pas accept\u00e9 les cookies et autres traceurs.<\/p>\n<p>En cliquant sur \u00ab J\u2019accepte \u00bb, les cookies et autres traceurs seront d\u00e9pos\u00e9s et vous pourrez visualiser les contenus  (<a href=\"\" class=\"consentModule_policy\" target=\"_blank\" title=\"Consulter la politique de protection des donn\u00e9es du fournisseur\">plus d&rsquo;informations<\/a>).<\/p>\n<p>En cliquant sur \u00ab J\u2019accepte tous les cookies \u00bb, vous autorisez des d\u00e9p\u00f4ts de cookies et autres traceurs pour le stockage de vos donn\u00e9es sur nos sites et applications \u00e0 des fins de personnalisation et de ciblage publicitaire.<\/p>\n<p class=\"consentModule_secondaryText\">Vous gardez la possibilit\u00e9 de retirer votre consentement \u00e0 tout moment en consultant notre <a href=\"https:\/\/www.dna.fr\/protection-des-donnees\" target=\"_blank\" title=\"Consulter notre politique de protection des donn\u00e9es\" rel=\"noopener\">politique de protection des donn\u00e9es<\/a>. <br \/>&#13;<br \/>\n            <a href=\"https:\/\/www.dna.fr\/culture-loisirs\/2025\/07\/31\/javascript:Didomi.notice.show()\" class=\"consentModule_cmp\" target=\"_blank\" rel=\"noopener\">G\u00e9rer mes choix<\/a>&#13;\n        <\/p>\n<p>&#13;<br \/>\n                        J&rsquo;accepte&#13;<br \/>\n            J&rsquo;accepte tous les cookies&#13;\n        <\/p>\n<p>  Le calendrier<\/p>\n<p>Les espaces suivants seront accessibles au public selon le calendrier suivant\u00a0:<\/p>\n<p>&#8211; \u00c0 partir du samedi 2\u00a0ao\u00fbt\u00a0: r\u00e9ouverture du bassin sportif et du bassin carrel\u00e9 (\u00e0 destination des enfants)\u00a0;<\/p>\n<p>&#8211; \u00c0 partir du mercredi 6\u00a0ao\u00fbt\u00a0: r\u00e9ouverture du bassin ludique, sous r\u00e9serve de l\u2019avanc\u00e9e des r\u00e9parations.<\/p>\n<p>Le deuxi\u00e8me bassin \u00e0 destination des enfants sera rouvert ult\u00e9rieurement, poursuit le communiqu\u00e9.<\/p>\n","protected":false},"excerpt":{"rendered":"Suite \u00e0 une panne technique des pompes de circulation d\u2019eau survenue le 24\u00a0juillet, la piscine du Wacken avait&hellip;\n","protected":false},"author":2,"featured_media":286380,"comment_status":"","ping_status":"","sticky":false,"template":"","format":"standard","meta":{"footnotes":""},"categories":[2820],"tags":[1111,11,4749,1687,33,2880,1777,674,107,1011,27,775,12,25,640,2879],"class_list":{"0":"post-286379","1":"post","2":"type-post","3":"status-publish","4":"format-standard","5":"has-post-thumbnail","7":"category-strasbourg","8":"tag-actu","9":"tag-actualites","10":"tag-btp-et-chantiers","11":"tag-culture-loisirs","12":"tag-economie","13":"tag-edition-strasbourg","14":"tag-eu","15":"tag-europe","16":"tag-fil-info","17":"tag-fr","18":"tag-france","19":"tag-grand-est","20":"tag-news","21":"tag-republique-francaise","22":"tag-strasbourg","23":"tag-strasbourg-ville"},"share_on_mastodon":{"url":"https:\/\/pubeurope.com\/@fr\/114947185956226958","error":""},"_links":{"self":[{"href":"https:\/\/www.europesays.com\/fr\/wp-json\/wp\/v2\/posts\/286379","targetHints":{"allow":["GET"]}}],"collection":[{"href":"https:\/\/www.europesays.com\/fr\/wp-json\/wp\/v2\/posts"}],"about":[{"href":"https:\/\/www.europesays.com\/fr\/wp-json\/wp\/v2\/types\/post"}],"author":[{"embeddable":true,"href":"https:\/\/www.europesays.com\/fr\/wp-json\/wp\/v2\/users\/2"}],"replies":[{"embeddable":true,"href":"https:\/\/www.europesays.com\/fr\/wp-json\/wp\/v2\/comments?post=286379"}],"version-history":[{"count":0,"href":"https:\/\/www.europesays.com\/fr\/wp-json\/wp\/v2\/posts\/286379\/revisions"}],"wp:featuredmedia":[{"embeddable":true,"href":"https:\/\/www.europesays.com\/fr\/wp-json\/wp\/v2\/media\/286380"}],"wp:attachment":[{"href":"https:\/\/www.europesays.com\/fr\/wp-json\/wp\/v2\/media?parent=286379"}],"wp:term":[{"taxonomy":"category","embeddable":true,"href":"https:\/\/www.europesays.com\/fr\/wp-json\/wp\/v2\/categories?post=286379"},{"taxonomy":"post_tag","embeddable":true,"href":"https:\/\/www.europesays.com\/fr\/wp-json\/wp\/v2\/tags?post=286379"}],"curies":[{"name":"wp","href":"https:\/\/api.w.org\/{rel}","templated":true}]}}