{"id":286381,"date":"2025-07-31T09:40:14","date_gmt":"2025-07-31T09:40:14","guid":{"rendered":"https:\/\/www.europesays.com\/fr\/286381\/"},"modified":"2025-07-31T09:40:14","modified_gmt":"2025-07-31T09:40:14","slug":"ryanair-quitte-bergerac-brive-et-strasbourg-2","status":"publish","type":"post","link":"https:\/\/www.europesays.com\/fr\/286381\/","title":{"rendered":"Ryanair quitte Bergerac, Brive et Strasbourg."},"content":{"rendered":"<p>\t\t\t\t\t\t\t\t<img width=\"800\" height=\"450\" src=\"data:image\/svg+xml,%3Csvg%20xmlns=\" http:=\"\" class=\"attachment-article size-article wp-post-image\" alt=\"\" decoding=\"async\" fetchpriority=\"high\" data-lazy- data-lazy- data-attachment-id=\"7925003\" data-permalink=\"https:\/\/www.aerobuzz.fr\/transport-aerien\/ryanair-quitte-bergerac-brive-et-strasbourg\/attachment\/ryanair-avion-gros-plan\/\" data-orig-file=\"https:\/\/i0.wp.com\/www.aerobuzz.fr\/wp-content\/uploads\/2025\/07\/Ryanair-avion-gros-plan.jpg?fit=800%2C450&amp;ssl=1\" data-orig-size=\"800,450\" data-comments-opened=\"1\" data-image-meta=\"{&quot;aperture&quot;:&quot;0&quot;,&quot;credit&quot;:&quot;&quot;,&quot;camera&quot;:&quot;&quot;,&quot;caption&quot;:&quot;&quot;,&quot;created_timestamp&quot;:&quot;0&quot;,&quot;copyright&quot;:&quot;&quot;,&quot;focal_length&quot;:&quot;0&quot;,&quot;iso&quot;:&quot;0&quot;,&quot;shutter_speed&quot;:&quot;0&quot;,&quot;title&quot;:&quot;&quot;,&quot;orientation&quot;:&quot;1&quot;}\" data-image-title=\"\" data-image-description=\"\" data-image-caption=\"&lt;p&gt;Outre l\u2019arr\u00eat de ses op\u00e9rations \u00e0 Bergerac, Brives et Strasbourg, Ryanair va r\u00e9duire son offre de si\u00e8ges \u00e0 Marseille de 9%, \u00e0 Beauvais de 8% et \u00e0 Toulouse de 4%. \u00a9 Ryanair&lt;\/p&gt;&#10;\" data-medium-file=\"https:\/\/i0.wp.com\/www.aerobuzz.fr\/wp-content\/uploads\/2025\/07\/Ryanair-avion-gros-plan.jpg?resize=300%2C169&amp;ssl=1\" data-large-file=\"https:\/\/i0.wp.com\/www.aerobuzz.fr\/wp-content\/uploads\/2025\/07\/Ryanair-avion-gros-plan.jpg?resize=600%2C338&amp;ssl=1\" data-lazy-src=\"https:\/\/www.europesays.com\/fr\/wp-content\/uploads\/2025\/07\/Ryanair-avion-gros-plan.jpg\"\/>\t\t\t\t\t\t\t<\/p>\n<p>Outre l&rsquo;arr\u00eat de ses op\u00e9rations \u00e0 Bergerac, Brives et Strasbourg, Ryanair va r\u00e9duire son offre de si\u00e8ges \u00e0 Marseille de 9%, \u00e0 Beauvais de 8% et \u00e0 Toulouse de 4%. \u00a9 Ryanair<\/p>\n<p>Ryanair a annonc\u00e9 le mercredi 30 juillet 2025 une r\u00e9duction de 13 % de sa capacit\u00e9 en France pour cet hiver, entra\u00eenant la suppression de 750.000 si\u00e8ges, l\u2019annulation de 25 lignes et l\u2019arr\u00eat de ses op\u00e9rations aux a\u00e9roports de Bergerac, Brive et Strasbourg. En cause les augmentations de taxes jug\u00e9es \u00ab\u00a0excessives\u00a0\u00bb par la low cost irlandaise.<\/p>\n<p>La premi\u00e8re \u00e0 r\u00e9agir \u00e0 l\u2019annonce de Ryanair a \u00e9t\u00e9 l\u2019Union des a\u00e9roports fran\u00e7ais, en expliquant qu\u2019elle avait pr\u00e9venu le gouvernement fran\u00e7ais des cons\u00e9quences de l\u2019augmentation des taxes appliqu\u00e9es au transport a\u00e9rien. \u00ab\u00a0Depuis plusieurs ann\u00e9es, l\u2019UAF alerte les pouvoirs publics sur les effets d\u00e9l\u00e9t\u00e8res de l\u2019inflation fiscale frappant le transport a\u00e9rien en France. L\u2019augmentation spectaculaire de la Taxe de Solidarit\u00e9 sur les Billets d\u2019Avion (TSBA), entr\u00e9e en vigueur le 1er mars 2025, en est l\u2019exemple le plus criant. Jamais une telle hausse n\u2019avait \u00e9t\u00e9 appliqu\u00e9e en une seule fois. L\u2019UAF avait pr\u00e9venu : les cons\u00e9quences se manifesteraient pleinement d\u00e8s la saison a\u00e9ronautique hiver 2025 et s\u2019aggraveraient encore au printemps-\u00e9t\u00e9 2026.\u00a0\u00bb<\/p>\n<p>L\u2019UAF rappelle que les compagnies low-cost repr\u00e9sentent plus de 50\u00a0% du trafic passagers dans les a\u00e9roports fran\u00e7ais, et que celles-ci jouent un r\u00f4le cl\u00e9 dans la desserte des r\u00e9gions. Elle pointe \u00e9galement l\u2019incoh\u00e9rence du gouvernement qui d\u2019un c\u00f4t\u00e9 entend relancer le tourisme en attirant davantage de visiteurs \u00e9trangers et de l\u2019autre c\u00f4t\u00e9 surtaxe ces m\u00eames visiteurs \u00e9trangers. L\u2019UAF souligne que \u00ab\u00a0pr\u00e8s de 40 % des revenus du tourisme international en France proviennent de voyageurs arrivant par avion.\u00a0\u00bb<\/p>\n<p>Pour Thomas Juin, Pr\u00e9sident de l\u2019UAF, \u00ab\u00a0Ce choix politique est une faute lourde aux cons\u00e9quences directes\u00a0: isolement croissant de nombreux territoires, destruction d\u2019emplois, affaiblissement du tourisme et perte s\u00e8che pour l\u2019\u00e9conomie fran\u00e7aise. Il est temps de tourner la page d\u2019une fiscalit\u00e9 punitive et de redonner \u00e0 nos r\u00e9gions les moyens de rayonner, d\u2019innover et d\u2019accueillir le monde\u00a0\u00bb.<\/p>\n<p>Pour Jason McGuinness, Chief Commercial Officer de Ryanair, \u00ab\u00a0A moins que le gouvernement ne change de cap et n\u2019abolisse cette taxe a\u00e9rienne injuste, la capacit\u00e9 et les investissements de Ryanair en France seront in\u00e9vitablement redirig\u00e9s vers des march\u00e9s europ\u00e9ens plus comp\u00e9titifs comme la Su\u00e8de, la Hongrie ou certaines r\u00e9gions d\u2019Italie, o\u00f9 les gouvernements suppriment activement les taxes a\u00e9riennes pour stimuler le trafic, le tourisme, l\u2019emploi et la reprise \u00e9conomique.\u00a0\u00bb<\/p>\n<p>Outre l\u2019arr\u00eat de ses op\u00e9rations \u00e0 Bergerac, Brives et Strasbourg, Ryanair va r\u00e9duire son offre de si\u00e8ges \u00e0 Marseille de 9%, \u00e0 Beauvais de 8% et \u00e0 Toulouse de 4%.<\/p>\n<p>\n\tArticles similaires<\/p>\n","protected":false},"excerpt":{"rendered":"Outre l&rsquo;arr\u00eat de ses op\u00e9rations \u00e0 Bergerac, Brives et Strasbourg, Ryanair va r\u00e9duire son offre de si\u00e8ges \u00e0&hellip;\n","protected":false},"author":2,"featured_media":286382,"comment_status":"","ping_status":"","sticky":false,"template":"","format":"standard","meta":{"footnotes":""},"categories":[2820],"tags":[1111,11,1777,674,1011,27,775,12,25,8683,640,42523],"class_list":{"0":"post-286381","1":"post","2":"type-post","3":"status-publish","4":"format-standard","5":"has-post-thumbnail","7":"category-strasbourg","8":"tag-actu","9":"tag-actualites","10":"tag-eu","11":"tag-europe","12":"tag-fr","13":"tag-france","14":"tag-grand-est","15":"tag-news","16":"tag-republique-francaise","17":"tag-ryanair","18":"tag-strasbourg","19":"tag-uaf"},"share_on_mastodon":{"url":"https:\/\/pubeurope.com\/@fr\/114947189897864901","error":""},"_links":{"self":[{"href":"https:\/\/www.europesays.com\/fr\/wp-json\/wp\/v2\/posts\/286381","targetHints":{"allow":["GET"]}}],"collection":[{"href":"https:\/\/www.europesays.com\/fr\/wp-json\/wp\/v2\/posts"}],"about":[{"href":"https:\/\/www.europesays.com\/fr\/wp-json\/wp\/v2\/types\/post"}],"author":[{"embeddable":true,"href":"https:\/\/www.europesays.com\/fr\/wp-json\/wp\/v2\/users\/2"}],"replies":[{"embeddable":true,"href":"https:\/\/www.europesays.com\/fr\/wp-json\/wp\/v2\/comments?post=286381"}],"version-history":[{"count":0,"href":"https:\/\/www.europesays.com\/fr\/wp-json\/wp\/v2\/posts\/286381\/revisions"}],"wp:featuredmedia":[{"embeddable":true,"href":"https:\/\/www.europesays.com\/fr\/wp-json\/wp\/v2\/media\/286382"}],"wp:attachment":[{"href":"https:\/\/www.europesays.com\/fr\/wp-json\/wp\/v2\/media?parent=286381"}],"wp:term":[{"taxonomy":"category","embeddable":true,"href":"https:\/\/www.europesays.com\/fr\/wp-json\/wp\/v2\/categories?post=286381"},{"taxonomy":"post_tag","embeddable":true,"href":"https:\/\/www.europesays.com\/fr\/wp-json\/wp\/v2\/tags?post=286381"}],"curies":[{"name":"wp","href":"https:\/\/api.w.org\/{rel}","templated":true}]}}