{"id":286388,"date":"2025-07-31T09:44:10","date_gmt":"2025-07-31T09:44:10","guid":{"rendered":"https:\/\/www.europesays.com\/fr\/286388\/"},"modified":"2025-07-31T09:44:10","modified_gmt":"2025-07-31T09:44:10","slug":"ce-vide-grenier-reversera-ses-fonds-pour-lutter-contre-les-violences-faites-aux-femmes","status":"publish","type":"post","link":"https:\/\/www.europesays.com\/fr\/286388\/","title":{"rendered":"ce vide-grenier reversera ses fonds pour lutter contre les violences faites aux femmes"},"content":{"rendered":"<p>            Par<br \/>\n        <strong><br \/>\n            <a href=\"https:\/\/actu.fr\/auteur\/laure-gentil\" title=\"Consulter tous les articles de Laure Gentil\" target=\"_blank\" rel=\"noopener\">Laure Gentil<\/a><br \/>\n        <\/strong><\/p>\n<p>        Publi\u00e9 le<\/p>\n<p>            31 juil. 2025 \u00e0 11h40        <\/p>\n<p>Un vide-grenier solidaire va se d\u00e9rouler le dimanche 21\u00a0septembre 2025, de 8\u2009h \u00e0 18\u2009h, sur le parking couvert de la <strong>place Pirmil<\/strong> \u00e0 <a href=\"https:\/\/actu.fr\/nantes\" target=\"_blank\" rel=\"noopener\">Nantes<\/a>. L\u2019\u00e9v\u00e9nement, organis\u00e9 par la<strong> Fondation des Femmes<\/strong>, vise \u00e0 soutenir la lutte contre les violences faites aux femmes.<\/p>\n<p class=\" wall-content\">Au programme de ce vide-grenier, ouvert \u00e0 tous, il y aura des animations et une buvette.<\/p>\n<p>Comment r\u00e9server son emplacement\u2009?<\/p>\n<p class=\" wall-content\">Les emplacements sont propos\u00e9s aux particuliers au<strong> tarif de 10\u00a0euros pour 3 m\u00b2<\/strong>, et l\u2019int\u00e9gralit\u00e9 des fonds sera revers\u00e9e \u00e0 la Fondation des Femmes.<\/p>\n<p class=\" wall-content\">Cette Fondation a \u00e9t\u00e9 cr\u00e9\u00e9e en 2016 par <strong>Anne-C\u00e9cile Mailfert,<\/strong> une militante et \u00e9crivaine f\u00e9ministe porte-parole puis pr\u00e9sidente d\u2019Osez le f\u00e9minisme\u2009!<\/p>\n<p>Pour \u00eatre exposant, il est n\u00e9cessaire de<a href=\"https:\/\/www.helloasso.com\/associations\/fondation-des-femmes-nantes\/evenements\/inscription-vide-de-grenier-solidaire\" target=\"_blank\" rel=\"noopener\"> s\u2019inscrire en cliquant ici.<\/a><\/p>\n<p class=\" wall-content\">Suivez toute l\u2019actualit\u00e9 de vos villes et m\u00e9dias favoris en vous inscrivant \u00e0 <a href=\"https:\/\/moncompte.actu.fr\" title=\"D\u00e9couvez Mon Actu\" rel=\"nofollow noopener\" data-trk=\"{&quot;cta&quot;:{&quot;action&quot;:&quot;https:\\\/\\\/moncompte.actu.fr&quot;,&quot;category&quot;:&quot;mon compte&quot;,&quot;from&quot;:&quot;article footer&quot;,&quot;name&quot;:&quot;Mon actu&quot;,&quot;type&quot;:&quot;cta&quot;}}\" target=\"_blank\">Mon Actu<\/a>.<\/p>\n<ul class=\"ac-article-tag wall-content\">\n<li><a href=\"https:\/\/actu.fr\/tag\/solidarite\" data-trk=\"{&quot;cta&quot;:{&quot;action&quot;:&quot;Solidarit\\u00e9&quot;,&quot;category&quot;:&quot;tag&quot;,&quot;from&quot;:&quot;article footer&quot;,&quot;name&quot;:&quot;Solidarit\\u00e9&quot;,&quot;type&quot;:&quot;cta&quot;}}\" target=\"_blank\" rel=\"noopener\">#Solidarit\u00e9<\/a><\/li>\n<li><a href=\"https:\/\/actu.fr\/tag\/vide-greniers\" data-trk=\"{&quot;cta&quot;:{&quot;action&quot;:&quot;Vide-greniers&quot;,&quot;category&quot;:&quot;tag&quot;,&quot;from&quot;:&quot;article footer&quot;,&quot;name&quot;:&quot;Vide-greniers&quot;,&quot;type&quot;:&quot;cta&quot;}}\" target=\"_blank\" rel=\"noopener\">#Vide-greniers<\/a><\/li>\n<\/ul>\n","protected":false},"excerpt":{"rendered":"Par Laure Gentil Publi\u00e9 le 31 juil. 2025 \u00e0 11h40 Un vide-grenier solidaire va se d\u00e9rouler le dimanche&hellip;\n","protected":false},"author":2,"featured_media":286389,"comment_status":"","ping_status":"","sticky":false,"template":"","format":"standard","meta":{"footnotes":""},"categories":[2818],"tags":[1111,11,1777,674,1011,27,766,12,2636,25,104,3400,3365],"class_list":{"0":"post-286388","1":"post","2":"type-post","3":"status-publish","4":"format-standard","5":"has-post-thumbnail","7":"category-nantes","8":"tag-actu","9":"tag-actualites","10":"tag-eu","11":"tag-europe","12":"tag-fr","13":"tag-france","14":"tag-nantes","15":"tag-news","16":"tag-pays-de-la-loire","17":"tag-republique-francaise","18":"tag-societe","19":"tag-solidarite","20":"tag-vide-greniers"},"share_on_mastodon":{"url":"https:\/\/pubeurope.com\/@fr\/114947205756884696","error":""},"_links":{"self":[{"href":"https:\/\/www.europesays.com\/fr\/wp-json\/wp\/v2\/posts\/286388","targetHints":{"allow":["GET"]}}],"collection":[{"href":"https:\/\/www.europesays.com\/fr\/wp-json\/wp\/v2\/posts"}],"about":[{"href":"https:\/\/www.europesays.com\/fr\/wp-json\/wp\/v2\/types\/post"}],"author":[{"embeddable":true,"href":"https:\/\/www.europesays.com\/fr\/wp-json\/wp\/v2\/users\/2"}],"replies":[{"embeddable":true,"href":"https:\/\/www.europesays.com\/fr\/wp-json\/wp\/v2\/comments?post=286388"}],"version-history":[{"count":0,"href":"https:\/\/www.europesays.com\/fr\/wp-json\/wp\/v2\/posts\/286388\/revisions"}],"wp:featuredmedia":[{"embeddable":true,"href":"https:\/\/www.europesays.com\/fr\/wp-json\/wp\/v2\/media\/286389"}],"wp:attachment":[{"href":"https:\/\/www.europesays.com\/fr\/wp-json\/wp\/v2\/media?parent=286388"}],"wp:term":[{"taxonomy":"category","embeddable":true,"href":"https:\/\/www.europesays.com\/fr\/wp-json\/wp\/v2\/categories?post=286388"},{"taxonomy":"post_tag","embeddable":true,"href":"https:\/\/www.europesays.com\/fr\/wp-json\/wp\/v2\/tags?post=286388"}],"curies":[{"name":"wp","href":"https:\/\/api.w.org\/{rel}","templated":true}]}}