{"id":286419,"date":"2025-07-31T10:01:12","date_gmt":"2025-07-31T10:01:12","guid":{"rendered":"https:\/\/www.europesays.com\/fr\/286419\/"},"modified":"2025-07-31T10:01:12","modified_gmt":"2025-07-31T10:01:12","slug":"ukraine-zelensky-appelle-a-un-changement-de-regime-en-russie-apres-des-bombardements-meurtriers-sur-kiev-actualites","status":"publish","type":"post","link":"https:\/\/www.europesays.com\/fr\/286419\/","title":{"rendered":"Ukraine: Zelensky appelle \u00e0 un \u00ab\u00a0changement de r\u00e9gime\u00a0\u00bb en Russie apr\u00e8s des bombardements meurtriers sur Kiev : Actualit\u00e9s"},"content":{"rendered":"<p class=\"lead \">Le pr\u00e9sident ukrainien Volodymyr Zelensky a appel\u00e9 jeudi le monde \u00e0 oeuvrer pour un \u00ab\u00a0changement de r\u00e9gime\u00a0\u00bb en Russie, apr\u00e8s des bombardements meurtriers russes \u00e0 l&rsquo;aube sur Kiev, et l&rsquo;annonce par Moscou de la prise d&rsquo;une ville strat\u00e9gique dans l&rsquo;est.<\/p>\n<p class=\"lead \">\u00ab\u00a0Si le monde ne vise pas un changement de r\u00e9gime en Russie, cela signifie que m\u00eame apr\u00e8s la fin de la guerre, Moscou continuera \u00e0 tenter de d\u00e9stabiliser les pays voisins\u00a0\u00bb, a-t-il d\u00e9clar\u00e9 en participant par lien vid\u00e9o \u00e0 une conf\u00e9rence marquant les 50 ans des Accords d&rsquo;Helsinki.<\/p>\n<p class=\"lead \">\u00ab\u00a0Je crois que la Russie peut \u00eatre pouss\u00e9e \u00e0 mettre fin \u00e0 cette guerre. C&rsquo;est elle qui l&rsquo;a commenc\u00e9e, et on peut la contraindre \u00e0 y mettre un terme\u00a0\u00bb, a-t-il ajout\u00e9 quelques heures apr\u00e8s de nouvelles frappes russes qui ont tu\u00e9 au moins sept personnes dont un enfant \u00e0 Kiev. <\/p>\n<p class=\"lead \">Cette attaque de drones et de missiles jeudi \u00e0 l&rsquo;aube a aussi fait au moins une cinquantaine de bless\u00e9s, selon un dernier bilan officiel. <\/p>\n<p class=\"lead \">Neuf enfants se trouvent parmi les bless\u00e9s, a indiqu\u00e9 sur Telegram le maire de Kiev, Vitali Klitschko.<\/p>\n<p class=\"lead \">Volodymyr Zelensky a pr\u00e9cis\u00e9 sur les r\u00e9seaux sociaux qu&rsquo;un gar\u00e7on de six ans faisait partie des victimes: il avait auparavant annonc\u00e9 que la m\u00e8re de cet enfant avait \u00e9galement \u00e9t\u00e9 tu\u00e9e, avant de corriger sa publication.<\/p>\n<p class=\"lead \">Il a d\u00e9nonc\u00e9 un \u00ab\u00a0nouveau spectacle meurtrier\u00a0\u00bb de la part de la Russie, alors que les \u00c9tats-Unis pressent Moscou de mettre un terme \u00e0 plus de trois ans de son invasion de l&rsquo;Ukraine.<\/p>\n<p class=\"lead \">Selon l&rsquo;arm\u00e9e de l&rsquo;air ukrainienne, la Russie a lanc\u00e9 \u00ab\u00a0309 drones\u00a0\u00bb et \u00ab\u00a0huit missiles de croisi\u00e8re\u00a0\u00bb sur le pays, ajoutant que la principale cible de l&rsquo;attaque \u00e9tait Kiev. <\/p>\n<p class=\"lead \">L&rsquo;arm\u00e9e a ajout\u00e9 avoir abattu 288 drones et trois missiles.<\/p>\n<p class=\"lead \">Des journalistes de l&rsquo;AFP sur le lieu d&rsquo;une frappe ont vu des immeubles r\u00e9sidentiels en ruine, des voitures calcin\u00e9es et retourn\u00e9es. <\/p>\n<p class=\"lead \">Des pompiers tentaient d&rsquo;\u00e9teindre des r\u00e9sidus d&rsquo;incendie tandis que des secouristes recherchaient des survivants dans un amoncellement de gravats. <\/p>\n<p class=\"lead \">\u00c9voquant \u00ab\u00a0un matin horrible \u00e0 Kiev\u00a0\u00bb, o\u00f9 \u00ab\u00a0des b\u00e2timents r\u00e9sidentiels ont \u00e9t\u00e9 d\u00e9truits et des \u00e9coles et h\u00f4pitaux endommag\u00e9s\u00a0\u00bb, le ministre ukrainien des Affaires \u00e9trang\u00e8res Andri\u00ef Sybiga a estim\u00e9 sur X qu&rsquo;il \u00e9tait \u00ab\u00a0temps de mettre la pression maximale sur Moscou\u00a0\u00bb.<\/p>\n<p class=\"lead \">\u00ab\u00a0Le pr\u00e9sident (am\u00e9ricain) Trump a \u00e9t\u00e9 tr\u00e8s g\u00e9n\u00e9reux et tr\u00e8s patient avec Poutine, essayant de trouver une solution\u00a0\u00bb, a-t-il poursuivi; \u00ab\u00a0il est temps de synchroniser toutes les mesures de sanctions. Il est temps d&rsquo;imposer la paix par la force\u00a0\u00bb alors que le pr\u00e9sident russe \u00ab\u00a0ne cherche qu&rsquo;\u00e0 d\u00e9truire et tuer\u00a0\u00bb.<\/p>\n<p class=\"lead \">&#8211; Tchassiv Iar &#8211;<\/p>\n<p class=\"lead \">Jeudi matin, l&rsquo;arm\u00e9e russe a affirm\u00e9 avoir conquis la ville de Tchassiv Iar, ancien bastion de l&rsquo;arm\u00e9e ukrainienne dans la r\u00e9gion de Donetsk (est) o\u00f9 les troupes de Moscou avancent lentement depuis des mois.<\/p>\n<p class=\"lead \">Une information d\u00e9mentie par l&rsquo;arm\u00e9e ukrainienne dans la foul\u00e9e. <\/p>\n<p class=\"lead \">\u00ab\u00a0Bien s\u00fbr, ce n&rsquo;est pas vrai (&#8230;) c&rsquo;est un mensonge total\u00a0\u00bb, a d\u00e9clar\u00e9 \u00e0 l&rsquo;AFP Viktor Tregoubov, porte-parole du groupement de forces Khortytsia, en charge de la zone.<\/p>\n<p class=\"lead \">&#8211; Loi critiqu\u00e9e &#8211;<\/p>\n<p class=\"lead \">Les nouvelles frappes sont intervenues avant une vote crucial au Parlement attendu jeudi pour revenir sur une loi tr\u00e8s critiqu\u00e9e r\u00e9voquant l&rsquo;ind\u00e9pendance d&rsquo;instances de lutte contre la corruption.<\/p>\n<p class=\"lead \">Cette loi vot\u00e9e le 22 juillet pr\u00e9voyait de placer l&rsquo;agence nationale anticorruption (le NABU) et le parquet sp\u00e9cialis\u00e9 anticorruption (le SAP) directement sous la tutelle du procureur g\u00e9n\u00e9ral, lui-m\u00eame nomm\u00e9 par le chef de l&rsquo;Etat. <\/p>\n<p class=\"lead \">D\u00e9cri\u00e9e par la soci\u00e9t\u00e9 civile et l&rsquo;Union europ\u00e9enne, la loi ainsi adopt\u00e9e avait provoqu\u00e9 les premi\u00e8res manifestations d&rsquo;ampleur en Ukraine depuis le d\u00e9but de l&rsquo;invasion russe en 2022. <\/p>\n<p class=\"lead \">Des centaines de personnes \u00e9taient encore rassembl\u00e9es mercredi soir \u00e0 Kiev, peu avant les bombardements. Jeudi matin, au moins une centaine d&rsquo;Ukrainiens manifestaient devant le Parlement exhortant les d\u00e9put\u00e9s \u00e0 r\u00e9tablir l&rsquo;ind\u00e9pendance de ces structures.<\/p>\n<p class=\"lead \">Le pr\u00e9sident Zelensky a finalement propos\u00e9 un nouveau projet de loi restaurant leur ind\u00e9pendance, que les \u00e9lus doivent examiner jeudi.<\/p>\n<p class=\"lead \">Les forces russes ont multipli\u00e9 les attaques meurtri\u00e8res en Ukraine ces derniers jours, au moment o\u00f9 le pr\u00e9sident am\u00e9ricain Donald Trump a donn\u00e9 dix jours \u00e0 compter de mardi \u00e0 Vladimir Poutine pour mettre un terme au conflit sous peine de sanctions.<\/p>\n<p class=\"lead \">Dans la nuit de lundi \u00e0 mardi, au moins 25 civils dont une femme enceinte et une quinzaine de personnes d\u00e9tenues dans une colonie p\u00e9nitentiaire de la r\u00e9gion de Zaporijjia (sud), avaient perdu la vie dans des bombardements russes.<\/p>\n<p class=\"small font-weight-bold text-gray3 \"> publi\u00e9 le 31 juillet \u00e0 11h55, AFP<\/p>\n<p>                             Partager<\/p>\n","protected":false},"excerpt":{"rendered":"Le pr\u00e9sident ukrainien Volodymyr Zelensky a appel\u00e9 jeudi le monde \u00e0 oeuvrer pour un \u00ab\u00a0changement de r\u00e9gime\u00a0\u00bb en&hellip;\n","protected":false},"author":2,"featured_media":286420,"comment_status":"","ping_status":"","sticky":false,"template":"","format":"standard","meta":{"footnotes":""},"categories":[1591],"tags":[11,2120,1887,12,1885,1886,132,220],"class_list":{"0":"post-286419","1":"post","2":"type-post","3":"status-publish","4":"format-standard","5":"has-post-thumbnail","7":"category-russie","8":"tag-actualites","9":"tag-conflit","10":"tag-federation-de-russie","11":"tag-news","12":"tag-russia","13":"tag-russian-federation","14":"tag-russie","15":"tag-ukraine"},"share_on_mastodon":{"url":"https:\/\/pubeurope.com\/@fr\/114947272483733268","error":""},"_links":{"self":[{"href":"https:\/\/www.europesays.com\/fr\/wp-json\/wp\/v2\/posts\/286419","targetHints":{"allow":["GET"]}}],"collection":[{"href":"https:\/\/www.europesays.com\/fr\/wp-json\/wp\/v2\/posts"}],"about":[{"href":"https:\/\/www.europesays.com\/fr\/wp-json\/wp\/v2\/types\/post"}],"author":[{"embeddable":true,"href":"https:\/\/www.europesays.com\/fr\/wp-json\/wp\/v2\/users\/2"}],"replies":[{"embeddable":true,"href":"https:\/\/www.europesays.com\/fr\/wp-json\/wp\/v2\/comments?post=286419"}],"version-history":[{"count":0,"href":"https:\/\/www.europesays.com\/fr\/wp-json\/wp\/v2\/posts\/286419\/revisions"}],"wp:featuredmedia":[{"embeddable":true,"href":"https:\/\/www.europesays.com\/fr\/wp-json\/wp\/v2\/media\/286420"}],"wp:attachment":[{"href":"https:\/\/www.europesays.com\/fr\/wp-json\/wp\/v2\/media?parent=286419"}],"wp:term":[{"taxonomy":"category","embeddable":true,"href":"https:\/\/www.europesays.com\/fr\/wp-json\/wp\/v2\/categories?post=286419"},{"taxonomy":"post_tag","embeddable":true,"href":"https:\/\/www.europesays.com\/fr\/wp-json\/wp\/v2\/tags?post=286419"}],"curies":[{"name":"wp","href":"https:\/\/api.w.org\/{rel}","templated":true}]}}