{"id":286423,"date":"2025-07-31T10:03:12","date_gmt":"2025-07-31T10:03:12","guid":{"rendered":"https:\/\/www.europesays.com\/fr\/286423\/"},"modified":"2025-07-31T10:03:12","modified_gmt":"2025-07-31T10:03:12","slug":"etats-unis-le-senat-rejette-2-motions-pour-suspendre-les-transferts-darmes-a-israel","status":"publish","type":"post","link":"https:\/\/www.europesays.com\/fr\/286423\/","title":{"rendered":"\u00c9tats-Unis: le S\u00e9nat rejette 2 motions pour suspendre les transferts d\u2019armes \u00e0 Isra\u00ebl"},"content":{"rendered":"<p textalign=\"left\" class=\"\">Le s\u00e9nateur ind\u00e9pendant a tent\u00e9 une nouvelle fois de stopper le soutien militaire \u00e0 Isra\u00ebl. \u201cC\u2019est assez\u201d, a-t-il d\u00e9clar\u00e9 devant ses pairs, \u201cles Am\u00e9ricains veulent que cela s\u2019arr\u00eate. Ils ne veulent pas \u00eatre complices de la famine en cours et des massacres de civils.\u201d<br \/>Lors de son discours devant le S\u00e9nat avant le vote, Bernie Sanders a r\u00e9p\u00e9t\u00e9 qu\u2019Isra\u00ebl a lanc\u00e9 une guerre d\u2019an\u00e9antissement ill\u00e9gale, immorale et horrible\u201d contre le peuple palestinien depuis 21 mois.<\/p>\n<p textalign=\"left\" class=\"\">Il a rappel\u00e9 qu\u2019entre le 2 mars et le 19 mai, Isra\u00ebl a totalement bloqu\u00e9 l\u2019entr\u00e9e de l\u2019aide humanitaire dans l\u2019enclave et \u201cmalgr\u00e9 ces crimes de guerre commis \u00e0 la vue de tous, les Etats-Unis ont fourni 22 milliards de mat\u00e9riel militaire depuis le d\u00e9but de la guerre\u201c, a-t-il ajout\u00e9.<\/p>\n<p><a data-link-preview=\"\" href=\"https:\/\/trt.global\/fran%C3%A7ais\/article\/70ba87963582\" target=\"_blank\" rel=\"noopener noreferrer nofollow\" dir=\"ltr\" class=\"relative flex w-full px-4 py-3 flex-col items-start gap-6 rounded bg-[#F1F1F1] border-l-0 transition-all duration-200 ease-in-out box-border mb-4 hover:bg-[#F9F9F9] hover:shadow-[0_4px_6px_-1px_rgba(0,0,0,0.1),0_-4px_6px_-1px_rgba(0,0,0,0.06),4px_0_6px_-1px_rgba(0,0,0,0.06)] focus:bg-[#F9F9F9] focus:shadow-[0_4px_6px_-1px_rgba(0,0,0,0.1),0_-4px_6px_-1px_rgba(0,0,0,0.06),4px_0_6px_-1px_rgba(0,0,0,0.06)] before:content-[&quot;&quot;] before:absolute before:left-0 before:top-0 before:bottom-0 before:w-[3px] before:rounded-l-md before:bg-[#01ABD9]\"><img decoding=\"async\" class=\"flex justify-center items-center rounded-md !w-20 !h-20 aspect-square flex-shrink-0 sm:rounded md:rounded-md lg:!w-[84px] lg:!h-[84px] lg:rounded xl:rounded-md\" src=\"https:\/\/d2udx5iz3h7s4h.cloudfront.net\/2025\/5\/28\/Reuters\/image\/2025_05_28T050042Z_367821177_RC2YY3A8L37L_RTRMADP_3_ISRAEL_PALESTINIANS_FRANCE.JPG?width=512&amp;format=jpg&amp;quality=80\"\/><\/p>\n<p>En Relation<\/p>\n<p><\/a><\/p>\n<p textalign=\"left\" class=\"\"><strong>Deux motions et deux non<\/strong><\/p>\n<p textalign=\"left\" class=\"\">La premi\u00e8re motion qui visait \u00e0 bloquer une vente d\u2019armes \u00e0 Isra\u00ebl d\u2019une valeur de plus de 675 millions de dollars, a \u00e9t\u00e9 rejet\u00e9e par 70 voix contre 27 ; la seconde concernait la fourniture de dizaines de milliers de fusils d\u2019assaut automatiques et elle a \u00e9t\u00e9 rejet\u00e9e par 73 voix contre 24.\u00a0<\/p>\n<p textalign=\"left\" class=\"\">Si tous les s\u00e9nateurs r\u00e9publicains ont vot\u00e9 contre ces textes, avec le soutien de 20 d\u00e9mocrates, il faut noter le nombre croissant de s\u00e9nateurs d\u00e9mocrates soutenant le blocage de l\u2019aide militaire \u00e0 Isra\u00ebl, ce qui signale un changement au sein du parti.<\/p>\n<p textalign=\"left\" class=\"\">C\u2019est en tout cas l\u2019espoir de Bernie Sanders qui \u00e0 l&rsquo;issue du vote s\u2019est exclam\u00e9 :\u00a0 \u201cLes d\u00e9mocrates sont en train de bouger sur ce sujet, et j\u2019esp\u00e8re voir un soutien r\u00e9publicain dans un futur proche\u201d.<\/p>\n<p><a data-link-preview=\"\" href=\"https:\/\/trt.global\/fran%C3%A7ais\/article\/46b735441822\" target=\"_blank\" rel=\"noopener noreferrer nofollow\" dir=\"ltr\" class=\"relative flex w-full px-4 py-3 flex-col items-start gap-6 rounded bg-[#F1F1F1] border-l-0 transition-all duration-200 ease-in-out box-border mb-4 hover:bg-[#F9F9F9] hover:shadow-[0_4px_6px_-1px_rgba(0,0,0,0.1),0_-4px_6px_-1px_rgba(0,0,0,0.06),4px_0_6px_-1px_rgba(0,0,0,0.06)] focus:bg-[#F9F9F9] focus:shadow-[0_4px_6px_-1px_rgba(0,0,0,0.1),0_-4px_6px_-1px_rgba(0,0,0,0.06),4px_0_6px_-1px_rgba(0,0,0,0.06)] before:content-[&quot;&quot;] before:absolute before:left-0 before:top-0 before:bottom-0 before:w-[3px] before:rounded-l-md before:bg-[#01ABD9]\"><img decoding=\"async\" class=\"flex justify-center items-center rounded-md !w-20 !h-20 aspect-square flex-shrink-0 sm:rounded md:rounded-md lg:!w-[84px] lg:!h-[84px] lg:rounded xl:rounded-md\" src=\"https:\/\/d2udx5iz3h7s4h.cloudfront.net\/2025\/6\/29\/Reuters\/image\/2025_06_29T182632Z_559630068_RC2HCFAYSHWE_RTRMADP_3_ISRAEL_PALESTINIANS_GAZA.JPG?width=512&amp;format=jpg&amp;quality=80\"\/><\/p>\n<p>En Relation<\/p>\n<p><\/a><\/p>\n","protected":false},"excerpt":{"rendered":"Le s\u00e9nateur ind\u00e9pendant a tent\u00e9 une nouvelle fois de stopper le soutien militaire \u00e0 Isra\u00ebl. \u201cC\u2019est assez\u201d, a-t-il&hellip;\n","protected":false},"author":2,"featured_media":286424,"comment_status":"","ping_status":"","sticky":false,"template":"","format":"standard","meta":{"footnotes":""},"categories":[1589],"tags":[11,73,1866,12,1864,1865,1863,308],"class_list":{"0":"post-286423","1":"post","2":"type-post","3":"status-publish","4":"format-standard","5":"has-post-thumbnail","7":"category-etats-unis","8":"tag-actualites","9":"tag-etats-unis","10":"tag-etats-unis-damerique","11":"tag-news","12":"tag-united-states","13":"tag-united-states-of-america","14":"tag-us","15":"tag-usa"},"share_on_mastodon":{"url":"https:\/\/pubeurope.com\/@fr\/114947280297870846","error":""},"_links":{"self":[{"href":"https:\/\/www.europesays.com\/fr\/wp-json\/wp\/v2\/posts\/286423","targetHints":{"allow":["GET"]}}],"collection":[{"href":"https:\/\/www.europesays.com\/fr\/wp-json\/wp\/v2\/posts"}],"about":[{"href":"https:\/\/www.europesays.com\/fr\/wp-json\/wp\/v2\/types\/post"}],"author":[{"embeddable":true,"href":"https:\/\/www.europesays.com\/fr\/wp-json\/wp\/v2\/users\/2"}],"replies":[{"embeddable":true,"href":"https:\/\/www.europesays.com\/fr\/wp-json\/wp\/v2\/comments?post=286423"}],"version-history":[{"count":0,"href":"https:\/\/www.europesays.com\/fr\/wp-json\/wp\/v2\/posts\/286423\/revisions"}],"wp:featuredmedia":[{"embeddable":true,"href":"https:\/\/www.europesays.com\/fr\/wp-json\/wp\/v2\/media\/286424"}],"wp:attachment":[{"href":"https:\/\/www.europesays.com\/fr\/wp-json\/wp\/v2\/media?parent=286423"}],"wp:term":[{"taxonomy":"category","embeddable":true,"href":"https:\/\/www.europesays.com\/fr\/wp-json\/wp\/v2\/categories?post=286423"},{"taxonomy":"post_tag","embeddable":true,"href":"https:\/\/www.europesays.com\/fr\/wp-json\/wp\/v2\/tags?post=286423"}],"curies":[{"name":"wp","href":"https:\/\/api.w.org\/{rel}","templated":true}]}}