{"id":286425,"date":"2025-07-31T10:04:10","date_gmt":"2025-07-31T10:04:10","guid":{"rendered":"https:\/\/www.europesays.com\/fr\/286425\/"},"modified":"2025-07-31T10:04:10","modified_gmt":"2025-07-31T10:04:10","slug":"le-soutien-du-royaume-uni-au-plan-dautonomie-un-moment-cle-dans-les-relations-entre-rabat-et-londres","status":"publish","type":"post","link":"https:\/\/www.europesays.com\/fr\/286425\/","title":{"rendered":"Le soutien du Royaume-Uni au plan d\u2019autonomie, \u00abun moment cl\u00e9\u00bb dans les relations entre Rabat et Londres"},"content":{"rendered":"<p style=\"text-align: justify\"><strong>Le soutien du Royaume-Uni au plan marocain d\u2019autonomie est \u00abun moment cl\u00e9\u00bb dans les relations entre Rabat et Londres, a affirm\u00e9, mercredi, la Baronne Chapman, ministre britannique du D\u00e9veloppement international.\u00a0<\/strong><\/p>\n<p style=\"text-align: justify\">La visite effectu\u00e9e, en juin dernier, au Maroc par le ministre britannique des Affaires \u00e9trang\u00e8res, David Lammy, \u00aba \u00e9t\u00e9 marqu\u00e9e par un moment cl\u00e9, \u00e0 savoir le soutien du Royaume-Uni \u00e0 la proposition d\u2019autonomie pr\u00e9sent\u00e9e par le Maroc, la consid\u00e9rant comme la base la plus cr\u00e9dible et pragmatique pour parvenir \u00e0 une solution durable au diff\u00e9rend sur le Sahara marocain\u00bb, a dit la Baronne Chapman dans une allocution prononc\u00e9e au nom du gouvernement du Royaume-Uni lors d\u2019une r\u00e9ception organis\u00e9e par l\u2019ambassade du Maroc \u00e0 Londres, \u00e0 l\u2019occasion de la Glorieuse F\u00eate du Tr\u00f4ne.<\/p>\n<p style=\"text-align: justify\">\u00a0La Baronne Chapman, qui est \u00e9galement charg\u00e9e de l\u2019Am\u00e9rique latine et des Cara\u00efbes, a relev\u00e9 que la visite de M. Lammy au Maroc, dans le cadre du Dialogue strat\u00e9gique, \u00aba ouvert un nouveau chapitre dans nos relations, marquant notre volont\u00e9 commune de renforcer davantage notre partenariat\u00bb.<\/p>\n<p style=\"text-align: justify\">\u00a0Elle s\u2019est r\u00e9jouie de la signature de nouveaux accords qui \u00e9largissent les opportunit\u00e9s \u00e9conomiques pour les deux pays, citant notamment le soutien du Royaume-Uni aux projets d\u2019infrastructure ambitieux lanc\u00e9s par le Maroc en vue de l\u2019organisation de la Coupe du Monde 2030.\u00a0 Le Maroc et le Royaume-Uni envisagent l\u2019avenir ensemble, avec l\u2019objectif de relever les d\u00e9fis communs et de saisir de nouvelles opportunit\u00e9s, le partenariat entre les deux pays se renfor\u00e7ant de plus en plus, a ajout\u00e9 la responsable, notant que Londres et Rabat sont \u00abr\u00e9solument focalis\u00e9s\u00bb sur l\u2019\u00e9dification d\u2019un avenir plus s\u00fbr et prosp\u00e8re pour les deux peuples.<\/p>\n<p style=\"text-align: justify\">\u00a0\u00abNos deux pays jouissent d\u2019un partenariat des plus solides, l\u2019une des relations diplomatiques les plus anciennes au monde, qui remontent \u00e0 plus de 800 ans\u00bb, a-t-elle poursuivi, soulignant que ce partenariat ne cesse de se renforcer sous le leadership de Sa Majest\u00e9 le Roi, \u00abalors que nous \u0153uvrons ensemble au d\u00e9veloppement de nos \u00e9conomies, \u00e0 la promotion de la stabilit\u00e9 r\u00e9gionale et au renforcement de la s\u00e9curit\u00e9 mondiale\u00bb.<\/p>\n<p style=\"text-align: justify\">La responsable n\u2019a pas manqu\u00e9 de souligner \u00able r\u00f4le crucial\u00bb que joue la communaut\u00e9 marocaine \u00e9tablie au Royaume-Uni, contribuant notamment \u00e0 l\u2019enrichissement de la culture et de l\u2019\u00e9conomie britanniques et \u00e0 la construction de \u00abnotre avenir commun\u00bb.\u00a0 Elle a aussi indiqu\u00e9 que la c\u00e9l\u00e9bration de la F\u00eate du Tr\u00f4ne \u00abest un rappel de ces liens durables et des valeurs\u00bb que le Maroc et le Royaume-Uni partagent, adressant, au nom du gouvernement britannique, ses chaleureuses f\u00e9licitations \u00e0 Sa Majest\u00e9 le Roi Mohammed VI ainsi qu\u2019au peuple marocain.<\/p>\n<p style=\"text-align: justify\">La r\u00e9ception, organis\u00e9e dans un grand palace de Londres, a \u00e9t\u00e9 marqu\u00e9e par la pr\u00e9sence de nombreuses personnalit\u00e9s, dont Lord Coaker, ministre d\u2019\u00c9tat \u00e0 la D\u00e9fense, et Ben Coleman, envoy\u00e9 commercial du Premier ministre britannique pour le Maroc et l\u2019Afrique de l\u2019Ouest.\u00a0 Plusieurs anciens ministres britanniques, des membres des deux chambres du Parlement britannique, des ambassadeurs de pays fr\u00e8res et amis, des hommes d\u2019affaires et des acteurs du monde acad\u00e9mique et des think tanks ont \u00e9galement pris part \u00e0 cette r\u00e9ception.<\/p>\n","protected":false},"excerpt":{"rendered":"Le soutien du Royaume-Uni au plan marocain d\u2019autonomie est \u00abun moment cl\u00e9\u00bb dans les relations entre Rabat et&hellip;\n","protected":false},"author":2,"featured_media":286426,"comment_status":"","ping_status":"","sticky":false,"template":"","format":"standard","meta":{"footnotes":""},"categories":[1588],"tags":[11,1777,674,12,473,1853,1851,1850,1852],"class_list":{"0":"post-286425","1":"post","2":"type-post","3":"status-publish","4":"format-standard","5":"has-post-thumbnail","7":"category-royaume-uni","8":"tag-actualites","9":"tag-eu","10":"tag-europe","11":"tag-news","12":"tag-royaume-uni","13":"tag-royaume-uni-de-grande-bretagne-et-dirlande-du-nord","14":"tag-uk","15":"tag-united-kingdom","16":"tag-united-kingdom-of-great-britain-and-northern-ireland"},"share_on_mastodon":{"url":"https:\/\/pubeurope.com\/@fr\/114947284232268113","error":""},"_links":{"self":[{"href":"https:\/\/www.europesays.com\/fr\/wp-json\/wp\/v2\/posts\/286425","targetHints":{"allow":["GET"]}}],"collection":[{"href":"https:\/\/www.europesays.com\/fr\/wp-json\/wp\/v2\/posts"}],"about":[{"href":"https:\/\/www.europesays.com\/fr\/wp-json\/wp\/v2\/types\/post"}],"author":[{"embeddable":true,"href":"https:\/\/www.europesays.com\/fr\/wp-json\/wp\/v2\/users\/2"}],"replies":[{"embeddable":true,"href":"https:\/\/www.europesays.com\/fr\/wp-json\/wp\/v2\/comments?post=286425"}],"version-history":[{"count":0,"href":"https:\/\/www.europesays.com\/fr\/wp-json\/wp\/v2\/posts\/286425\/revisions"}],"wp:featuredmedia":[{"embeddable":true,"href":"https:\/\/www.europesays.com\/fr\/wp-json\/wp\/v2\/media\/286426"}],"wp:attachment":[{"href":"https:\/\/www.europesays.com\/fr\/wp-json\/wp\/v2\/media?parent=286425"}],"wp:term":[{"taxonomy":"category","embeddable":true,"href":"https:\/\/www.europesays.com\/fr\/wp-json\/wp\/v2\/categories?post=286425"},{"taxonomy":"post_tag","embeddable":true,"href":"https:\/\/www.europesays.com\/fr\/wp-json\/wp\/v2\/tags?post=286425"}],"curies":[{"name":"wp","href":"https:\/\/api.w.org\/{rel}","templated":true}]}}