{"id":286427,"date":"2025-07-31T10:05:12","date_gmt":"2025-07-31T10:05:12","guid":{"rendered":"https:\/\/www.europesays.com\/fr\/286427\/"},"modified":"2025-07-31T10:05:12","modified_gmt":"2025-07-31T10:05:12","slug":"allemagne-le-taux-de-chomage-stable-a-63-en-juillet-31-07-2025-a-1053","status":"publish","type":"post","link":"https:\/\/www.europesays.com\/fr\/286427\/","title":{"rendered":"Allemagne: le taux de chomage stable \u00e0 6,3% en juillet &#8211; 31\/07\/2025 \u00e0 10:53"},"content":{"rendered":"<p>        <img fetchpriority=\"high\" decoding=\"async\" src=\"https:\/\/www.europesays.com\/fr\/wp-content\/uploads\/2025\/07\/b2544f1d11342eab5c65353086d1093e-760x507.jpg\" alt=\"Friedrich Merz \u00e0 Vilnius, en Lituanie, le 22 mai 2025. ( AFP \/ PETRAS MALUKAS )\" loading=\"eager\" width=\"760\" height=\"507\" style=\"max-width: 100%!important; height: auto;\"\/><\/p>\n<p class=\"c-image-news__legend\">Friedrich Merz \u00e0 Vilnius, en Lituanie, le 22 mai 2025. ( AFP \/ PETRAS MALUKAS )<\/p>\n<p>\n Le taux de ch\u00f4mage en Allemagne est rest\u00e9 inchang\u00e9 en juillet pour le quatri\u00e8me mois d&rsquo;affil\u00e9e, le traditionnel trou de la p\u00e9riode estivale n&rsquo;aidant pas \u00e0 redresser un march\u00e9 de l&#8217;emploi d\u00e9j\u00e0 atone.\n<\/p>\n<p>\n Il s&rsquo;est \u00e9tablit \u00e0 6,3%, selon des donn\u00e9es corrig\u00e9es des variations saisonni\u00e8res (CVS) publi\u00e9es jeudi par l&rsquo;Agence f\u00e9d\u00e9rale pour l&#8217;emploi.\n<\/p>\n<p>\n Le nombre de personnes sans emploi a augment\u00e9 de 2.000, toujours en donn\u00e9es CVS, soit cinq fois moins qu&rsquo;attendu par les analystes sond\u00e9s par Factset.\n<\/p>\n<p>\n En donn\u00e9es brutes, qui sont un rep\u00e8re pour le d\u00e9bat public bien que moins repr\u00e9sentatives, le nombre de chomeurs a bondi de 65.000, \u00e0 2,979 millions.\n<\/p>\n<p>\n Il se rapproche du seuil, jamais atteint dans la premi\u00e8re \u00e9conomie europ\u00e9enne, des 3 millions de sans emplois, symbolique des difficult\u00e9s que traverse l&rsquo;Allemagne confront\u00e9e \u00e0 une crise du secteur industriel.\n<\/p>\n<p>\n \u00ab\u00a0Le ch\u00f4mage a augment\u00e9 en raison du d\u00e9but des vacances d&rsquo;\u00e9t\u00e9\u00a0\u00bb, les entreprises se montrant \u00ab\u00a0tr\u00e8s prudentes\u00a0\u00bb dans l&rsquo;affichage de nouveaux postes, explique Andrea Nahles, pr\u00e9sidente de l&rsquo;agence bas\u00e9e \u00e0 Nuremberg.\n<\/p>\n<p>\n Il y avait en juillet 171.000 personnes sans emploi suppl\u00e9mentaires compar\u00e9 au m\u00eame mois de l&rsquo;an dernier.\n<\/p>\n<p>\n La p\u00e9nurie de travailleurs qualifi\u00e9s ainsi que la crise de l&rsquo;industrie allemande, responsable d&rsquo;une vague de plans sociaux, sont au coeur des probl\u00e8mes du march\u00e9 du travail.\n<\/p>\n<p>\n Cela complique la qu\u00eate de croissance \u00e9conomique du pays, qui sort de deux ann\u00e9es de r\u00e9cession.\n<\/p>\n<p>\n Au deuxi\u00e8me trimestre, le PIB allemand a recul\u00e9 de 0,1%, principalement \u00e0 cause de la baisse des investissements.<\/p>\n","protected":false},"excerpt":{"rendered":"Friedrich Merz \u00e0 Vilnius, en Lituanie, le 22 mai 2025. ( AFP \/ PETRAS MALUKAS ) Le taux&hellip;\n","protected":false},"author":2,"featured_media":286428,"comment_status":"","ping_status":"","sticky":false,"template":"","format":"standard","meta":{"footnotes":""},"categories":[1587],"tags":[400,11,672,398,408,1804,405,1805,1803,1777,674,1801,403,402,399,404,12,1802,401,406,407],"class_list":{"0":"post-286427","1":"post","2":"type-post","3":"status-publish","4":"format-standard","5":"has-post-thumbnail","7":"category-allemagne","8":"tag-action-cac-40","9":"tag-actualites","10":"tag-allemagne","11":"tag-bourse-de-paris","12":"tag-boursorama","13":"tag-bundesrepublik-deutschland","14":"tag-cotations","15":"tag-de","16":"tag-deutschland","17":"tag-eu","18":"tag-europe","19":"tag-germany","20":"tag-indices-devises","21":"tag-investir","22":"tag-investissement","23":"tag-marche-boursier","24":"tag-news","25":"tag-republique-federale-dallemagne","26":"tag-sicav","27":"tag-trackers","28":"tag-warrants"},"share_on_mastodon":{"url":"https:\/\/pubeurope.com\/@fr\/114947288231998172","error":""},"_links":{"self":[{"href":"https:\/\/www.europesays.com\/fr\/wp-json\/wp\/v2\/posts\/286427","targetHints":{"allow":["GET"]}}],"collection":[{"href":"https:\/\/www.europesays.com\/fr\/wp-json\/wp\/v2\/posts"}],"about":[{"href":"https:\/\/www.europesays.com\/fr\/wp-json\/wp\/v2\/types\/post"}],"author":[{"embeddable":true,"href":"https:\/\/www.europesays.com\/fr\/wp-json\/wp\/v2\/users\/2"}],"replies":[{"embeddable":true,"href":"https:\/\/www.europesays.com\/fr\/wp-json\/wp\/v2\/comments?post=286427"}],"version-history":[{"count":0,"href":"https:\/\/www.europesays.com\/fr\/wp-json\/wp\/v2\/posts\/286427\/revisions"}],"wp:featuredmedia":[{"embeddable":true,"href":"https:\/\/www.europesays.com\/fr\/wp-json\/wp\/v2\/media\/286428"}],"wp:attachment":[{"href":"https:\/\/www.europesays.com\/fr\/wp-json\/wp\/v2\/media?parent=286427"}],"wp:term":[{"taxonomy":"category","embeddable":true,"href":"https:\/\/www.europesays.com\/fr\/wp-json\/wp\/v2\/categories?post=286427"},{"taxonomy":"post_tag","embeddable":true,"href":"https:\/\/www.europesays.com\/fr\/wp-json\/wp\/v2\/tags?post=286427"}],"curies":[{"name":"wp","href":"https:\/\/api.w.org\/{rel}","templated":true}]}}