{"id":286431,"date":"2025-07-31T10:07:15","date_gmt":"2025-07-31T10:07:15","guid":{"rendered":"https:\/\/www.europesays.com\/fr\/286431\/"},"modified":"2025-07-31T10:07:15","modified_gmt":"2025-07-31T10:07:15","slug":"sarah-poniatowski-avec-roman-le-fils-quelle-a-eu-avec-marc-lavoine-elle-vit-une-experience-a-sensation-quelle-noubliera-jamais","status":"publish","type":"post","link":"https:\/\/www.europesays.com\/fr\/286431\/","title":{"rendered":"Sarah Poniatowski : Avec Roman, le fils qu\u2019elle a eu avec Marc Lavoine, elle vit une exp\u00e9rience \u00e0 sensation qu\u2019elle n\u2019oubliera jamais"},"content":{"rendered":"<p>            <img loading=\"lazy\" decoding=\"async\" src=\"https:\/\/www.europesays.com\/fr\/wp-content\/uploads\/2025\/04\/144-64f8c016610ee-35x35-1.jpg\" class=\"author-article-picture\" width=\"35\" height=\"35\"\/><\/p>\n<p>                Par<br \/>\n                                    <a class=\"author-article-bio-link\" href=\"https:\/\/www.purepeople.com\/auteur\/louise-martin_a144\" rel=\"nofollow noopener\" target=\"_blank\">Louise Martin<\/a><br \/>\n                                                    | R\u00e9dactrice<\/p>\n<p>\n                Koh Lanta, Les Marseillais mais aussi Mari\u00e9s au Premier regards\u2026 Louise Martin est une t\u00e9l\u00e9vore qui essaye, \u00e0 ses heures perdues, de refaire les g\u00e2teaux qu\u2019elle admire devant le Meilleur P\u00e2tissier\u2026 mais elle ne risque pas de gagner le tablier bleu ! Les r\u00e9seaux sociaux n\u2019ont pas de secret pour elle, les derniers scoops, les derni\u00e8res \u00e9missions, elle les conna\u00eet tous.\n            <\/p>\n<p>\n    Sarah Poniatowski, l&rsquo;ex-femme de Marc Lavoine, s&rsquo;est offert une activit\u00e9 m\u00e9morable avec son fils Roman. Et le moins que l&rsquo;on puisse dire, c&rsquo;est que la d\u00e9coratrice fran\u00e7aise n&rsquo;est pas pr\u00e8s d&rsquo;oublier ce moment unique m\u00e8re-fils !\n<\/p>\n<p>                            <img loading=\"lazy\" decoding=\"async\" class=\"player-thumbnail\" src=\"https:\/\/www.europesays.com\/fr\/wp-content\/uploads\/2025\/07\/44b811714385df08-580x326-4.jpg\" width=\"580\" height=\"326\"\/><\/p>\n<p>                    Sarah Poniatowski : Avec Roman, le fils qu\u2019elle a eu avec Marc Lavoine, elle vit une exp\u00e9rience \u00e0 sensation qu\u2019elle n\u2019oubliera jamais<\/p>\n<p>La suite apr\u00e8s la publicit\u00e9<\/p>\n<p>En mars 2018, <a href=\"https:\/\/www.purepeople.com\/people\/marc-lavoine_p513\" rel=\"nofollow noopener\" target=\"_blank\">Marc Lavoine<\/a> et <a href=\"https:\/\/www.purepeople.com\/people\/sarah-lavoine_p547743\" rel=\"nofollow noopener\" target=\"_blank\">Sarah Poniatowski<\/a> <a href=\"https:\/\/www.purepeople.com\/article\/marc-lavoine-separe-de-sarah-poniatowski-evoque-leur-famille-on-neleve-pas-les-enfants-de-la-meme-maniere_a540872\/1\" rel=\"nofollow noopener\" target=\"_blank\">annon\u00e7aient leur s\u00e9paration, apr\u00e8s 23 ans de vie commune<\/a>. De leur union sont n\u00e9s <a href=\"https:\/\/www.purepeople.com\/article\/sarah-poniatowski-et-marc-lavoine-leur-fille-yasmine-evoque-ses-freres-milo-et-roman-les-plus-beaux-cadeaux-de-ma-vie_a540603\/1\" rel=\"nofollow noopener\" target=\"_blank\">trois enfants : Yasmine, 27 ans, Roman, 18 ans, et Milo, 15 ans.<\/a> Si aujourd&rsquo;hui, <a href=\"https:\/\/www.purepeople.com\/article\/vous-ne-pouvez-pas-savoir-adriana-karembeu-se-confie-sur-son-histoire-damour-avec-marc-lavoine-et-lache-quelques-informations_a537693\/1\" rel=\"nofollow noopener\" target=\"_blank\">le chanteur a retrouv\u00e9 l&rsquo;amour dans les bras d&rsquo;<\/a><a href=\"https:\/\/www.purepeople.com\/people\/adriana-karembeu_p1254\" rel=\"nofollow noopener\" target=\"_blank\">Adriana Karembeu<\/a>, <strong>et pourrait m\u00eame <\/strong><a href=\"https:\/\/www.purepeople.com\/article\/en-couple-avec-marc-lavoine-adriana-karembeu-prepare-en-secret-son-divorce-mais-ca-ne-sannonce-pas-simple_a539267\/1\" rel=\"nofollow noopener\" target=\"_blank\"><strong>\u00eatre sur le point de se marier<\/strong><\/a>, c&rsquo;est \u00e9galement le cas de Sarah Poniatowski, qui est d\u00e9sormais <a href=\"https:\/\/www.purepeople.com\/article\/ce-n-est-pas-de-notre-fait-roschdy-zem-en-couple-avec-sarah-poniatowski-l-ex-femme-de-marc-lavoine-evoque-leur-duo_a539635\/1\" rel=\"nofollow noopener\" target=\"_blank\"><strong>en couple avec l&rsquo;acteur Roschdy Zem<\/strong><\/a>.\u00a0<\/p>\n<p>Pendant ce temps,<strong> <\/strong><a href=\"https:\/\/www.purepeople.com\/article\/un-nouveau-chapitre-souvre-sarah-poniatowski-et-marc-lavoine-peuvent-etre-fiers-de-leur-fils-roman_a540072\/1\" rel=\"nofollow noopener\" target=\"_blank\"><strong>Roman, 18 ans, continue de faire la fiert\u00e9 de ses parents <\/strong><\/a>en d\u00e9crochant son baccalaur\u00e9at. Quelques jours avant les r\u00e9sultats de l&rsquo;examen, Sarah Poniatowski avait \u00e9t\u00e9 aper\u00e7ue <a href=\"https:\/\/www.purepeople.com\/article\/roland-garros-sarah-poniatowski-vibre-avec-sa-moitie-star-de-cinema-et-son-fils-roman-dont-le-pere-est-marc-lavoine_a538808\/1\" rel=\"nofollow noopener\" target=\"_blank\">plus \u00e9panouie que jamais aux c\u00f4t\u00e9s de son fils<\/a> lors du tournoi de Roland-Garros. Et deux mois plus tard, elle<strong> \u00a0partage un autre grand moment de complicit\u00e9 avec lui<\/strong>, comme le montrent les images partag\u00e9es sur les r\u00e9seaux.<\/p>\n<p>Sarah Poniatowski offre un cadeau m\u00e9morable \u00e0 son fils<\/p>\n<p>Ce mercredi 30 juillet 2025, c&rsquo;\u00e9tait un grand jour pour le duo m\u00e8re-fils. <strong>La raison ? Ils ont fait leur bapt\u00eame de l&rsquo;air ! <\/strong>En effet, Sarah Poniatowski a offert \u00e0 Roman un vol en parapente. Parmi les nombreuses photos et vid\u00e9os partag\u00e9es, la premi\u00e8re a \u00e9t\u00e9 prise avant le grand saut dans le vide.\u00a0<\/p>\n<p>On d\u00e9couvre la m\u00e8re et le fils assis sur le sable (peut-\u00eatre la dune de Pilat ?), en attendant leur tour. En l\u00e9gende, on peu lire : \u00ab\u00a0Ready for this first trip\u00a0\u00bb, c&rsquo;est-\u00e0-dire \u00ab\u00a0<strong>Pr\u00eats pour ce premier voyage<\/strong>\u00ab\u00a0.<\/p>\n<p><strong>Sarah Poniatowski a ensuite publi\u00e9 quelques souvenirs du vol en parachute<\/strong>. On d\u00e9couvre le jeune homme en train de faire son saut en chute libre avec un instructeur dipl\u00f4m\u00e9, le sourire aux l\u00e8vres, comme le montre cette photo. \u00c9mue par ce spectacle a\u00e9rien, la maman de Roman a comment\u00e9 : \u00ab\u00a0Magique\u00a0\u00bb.<\/p>\n<p>Enfin, c&rsquo;\u00e9tait au tour de Sarah Poniatowski de se lancer. Avant de prendre le d\u00e9part, l<strong>a designer a pos\u00e9 aux c\u00f4t\u00e9s de son instructeur<\/strong>. De quoi immortaliser l&rsquo;instant avant le grand saut ! Si certains pourraient \u00eatre angoiss\u00e9s \u00e0 l&rsquo;id\u00e9e de se jeter dans le vide, Sarah Poniatowski, elle, semble plut\u00f4t d\u00e9tendue !<\/p>\n<p>Une chose est s\u00fbre, <strong>le duo m\u00e8re-fils n&rsquo;est pas pr\u00eat d&rsquo;oublier cette exp\u00e9rience magique<\/strong> <strong>!<\/strong><\/p>\n","protected":false},"excerpt":{"rendered":"Par Louise Martin | R\u00e9dactrice Koh Lanta, Les Marseillais mais aussi Mari\u00e9s au Premier regards\u2026 Louise Martin est&hellip;\n","protected":false},"author":2,"featured_media":286432,"comment_status":"","ping_status":"","sticky":false,"template":"","format":"standard","meta":{"footnotes":""},"categories":[1586],"tags":[11,1777,674,1779,1011,27,12,25,1778,364],"class_list":{"0":"post-286431","1":"post","2":"type-post","3":"status-publish","4":"format-standard","5":"has-post-thumbnail","7":"category-europe","8":"tag-actualites","9":"tag-eu","10":"tag-europe","11":"tag-european-union","12":"tag-fr","13":"tag-france","14":"tag-news","15":"tag-republique-francaise","16":"tag-ue","17":"tag-union-europeenne"},"share_on_mastodon":{"url":"https:\/\/pubeurope.com\/@fr\/114947296176449973","error":""},"_links":{"self":[{"href":"https:\/\/www.europesays.com\/fr\/wp-json\/wp\/v2\/posts\/286431","targetHints":{"allow":["GET"]}}],"collection":[{"href":"https:\/\/www.europesays.com\/fr\/wp-json\/wp\/v2\/posts"}],"about":[{"href":"https:\/\/www.europesays.com\/fr\/wp-json\/wp\/v2\/types\/post"}],"author":[{"embeddable":true,"href":"https:\/\/www.europesays.com\/fr\/wp-json\/wp\/v2\/users\/2"}],"replies":[{"embeddable":true,"href":"https:\/\/www.europesays.com\/fr\/wp-json\/wp\/v2\/comments?post=286431"}],"version-history":[{"count":0,"href":"https:\/\/www.europesays.com\/fr\/wp-json\/wp\/v2\/posts\/286431\/revisions"}],"wp:featuredmedia":[{"embeddable":true,"href":"https:\/\/www.europesays.com\/fr\/wp-json\/wp\/v2\/media\/286432"}],"wp:attachment":[{"href":"https:\/\/www.europesays.com\/fr\/wp-json\/wp\/v2\/media?parent=286431"}],"wp:term":[{"taxonomy":"category","embeddable":true,"href":"https:\/\/www.europesays.com\/fr\/wp-json\/wp\/v2\/categories?post=286431"},{"taxonomy":"post_tag","embeddable":true,"href":"https:\/\/www.europesays.com\/fr\/wp-json\/wp\/v2\/tags?post=286431"}],"curies":[{"name":"wp","href":"https:\/\/api.w.org\/{rel}","templated":true}]}}