{"id":286438,"date":"2025-07-31T10:11:10","date_gmt":"2025-07-31T10:11:10","guid":{"rendered":"https:\/\/www.europesays.com\/fr\/286438\/"},"modified":"2025-07-31T10:11:10","modified_gmt":"2025-07-31T10:11:10","slug":"rafael-amiel-vice-champion-de-france-un-reunionnais-dans-lhistoire-du-golf-junior-francais","status":"publish","type":"post","link":"https:\/\/www.europesays.com\/fr\/286438\/","title":{"rendered":"Rafael Amiel, vice-champion de France\u00a0: un R\u00e9unionnais dans l\u2019histoire du golf junior fran\u00e7ais"},"content":{"rendered":"<p>\u00c0 seulement 14 ans, le jeune golfeur form\u00e9 \u00e0 La R\u00e9union s\u2019offre une place en finale du Championnat de France et \u00e9crit une page in\u00e9dite du sport ultramarin.<\/p>\n<p>Durant une semaine de comp\u00e9tition intense sur le prestigieux Golf du Gouverneur, \u00e0 quelques kilom\u00e8tres de Lyon, Rafael Amiel a brill\u00e9 lors du Championnat de France jeunes, r\u00e9unissant les meilleurs joueurs nationaux de sa cat\u00e9gorie d\u2019\u00e2ge. Ce parcours de haut niveau, exigeant tant techniquement que mentalement, a \u00e9t\u00e9 le th\u00e9\u00e2tre d\u2019un exploit remarquable sign\u00e9 par ce jeune golfeur form\u00e9 \u00e0 La R\u00e9union, entre les fairways du Golf Club de Bourbon et ceux du Golf Club du Bassin Bleu.<\/p>\n<p><strong>Un tournoi ma\u00eetris\u00e9 de bout en bout<\/strong><\/p>\n<p>Le tournoi d\u00e9bute par deux tours de stroke play, o\u00f9 Rafael fait preuve d\u2019un jeu stable et solide, alternant pr\u00e9cision au drive, finesse au petit jeu et une excellente gestion de la pression. R\u00e9sultat\u00a0: une bonne 4\u1d49 place au g\u00e9n\u00e9ral, dans un peloton extr\u00eamement relev\u00e9. Une performance qui lui ouvre les portes des phases finales en match play, o\u00f9 chaque duel se joue trou par trou, dans une logique de strat\u00e9gie et de mental \u00e0 toute \u00e9preuve.<br \/>Dans ce format, Rafael encha\u00eene les victoires avec sang-froid, \u00e9cartant ses adversaires un \u00e0 un. Solide, concentr\u00e9, chirurgical, il impressionne les observateurs par sa maturit\u00e9 et son calme face aux enjeux. Il se hisse ainsi jusqu\u2019\u00e0 la finale, devenant l\u2019un des deux derniers pr\u00e9tendants au titre national.<\/p>\n<p>Une finale au sommet\u2026 et un adversaire stratosph\u00e9rique<br \/>Le dimanche, c\u2019est une finale de tr\u00e8s haut niveau qui s\u2019engage. Rafael est concentr\u00e9, pr\u00eat, d\u00e9termin\u00e9. Mais ce jour-l\u00e0, son adversaire semble habit\u00e9. Il r\u00e9ussit pas moins de huit birdies sur les douze premiers trous \u2014 un score presque irr\u00e9el \u00e0 ce niveau de comp\u00e9tition. Le niveau de jeu produit fr\u00f4le l\u2019exceptionnel.<\/p>\n<p>\u00ab\u00a0M\u00eame Scottie Scheffler, actuel num\u00e9ro 1 mondial am\u00e9ricain, n\u2019aurait sans doute pas pu rivaliser avec ce niveau de r\u00e9ussite et de fluidit\u00e9 sur les greens ce jour-l\u00e0\u00a0\u00bb, souffle un suiveur exp\u00e9riment\u00e9, admiratif.<\/p>\n<p>Malgr\u00e9 sa combativit\u00e9 et son talent, Rafael s\u2019incline avec les honneurs. Il termine vice-champion de France, un r\u00e9sultat historique pour le golf r\u00e9unionnais.<\/p>\n<p><strong>Un exploit jamais r\u00e9alis\u00e9 par un golfeur r\u00e9unionnais<\/strong><\/p>\n<p>Jamais auparavant un golfeur r\u00e9unionnais n\u2019avait atteint une telle place en Championnat de France dans cette cat\u00e9gorie junior. Rafael Amiel inscrit ainsi son nom en lettres majuscules dans l\u2019histoire du sport ultramarin.<\/p>\n<p>Il devient un ambassadeur naturel pour son \u00eele, mettant en lumi\u00e8re l\u2019excellence de la formation locale et la passion d\u2019un territoire trop souvent \u00e9loign\u00e9 des radars du sport m\u00e9tropolitain. Son parcours inspire d\u00e9j\u00e0 les jeunes g\u00e9n\u00e9rations de golfeurs ultramarins.<\/p>\n<p><strong>Un calendrier de haut niveau pour la suite<\/strong><\/p>\n<p>Interrog\u00e9 \u00e0 chaud, Rafael garde le recul et la lucidit\u00e9 d\u2019un champion en devenir\u00a0: \u00ab\u00a0Je suis assez satisfait de ma prestation. Mon adversaire du jour a d\u00e9ploy\u00e9 un jeu stratosph\u00e9rique, donc je n\u2019ai pas vraiment perdu\u2026 c\u2019est surtout lui qui a gagn\u00e9.\u00a0\u00bb<\/p>\n<p>Pas de repos pour le vice-champion\u00a0: d\u00e8s samedi prochain, il s\u2019envole pour l\u2019Angleterre, pr\u00e8s de Manchester, o\u00f9 il participera au plus grand tournoi europ\u00e9en de sa cat\u00e9gorie, avec l\u2019ambition de jouer les premiers r\u00f4les. Une nouvelle \u00e9tape dans un calendrier de haut niveau.<\/p>\n<p>Le 8 septembre, il int\u00e9grera le Centre de Performance de la F\u00e9d\u00e9ration Fran\u00e7aise de Golf \u00e0 Terre Blanche, dans le Var, v\u00e9ritable p\u00e9pini\u00e8re de talents encadr\u00e9e par l\u2019\u00e9lite nationale. Rafael y poursuivra son d\u00e9veloppement dans un environnement taill\u00e9 pour les futurs professionnels.<\/p>\n<p>Il reviendra ensuite \u00e0 La R\u00e9union pour les vacances en d\u00e9cembre, riche de cette exp\u00e9rience unique et de nouvelles ambitions.<\/p>\n<p>\u00c0 seulement 14 ans, Rafael Amiel incarne d\u00e9j\u00e0 la nouvelle g\u00e9n\u00e9ration du golf fran\u00e7ais. Talentueux, travailleur, et ancr\u00e9 dans ses racines r\u00e9unionnaises, il prouve qu\u2019avec de la d\u00e9termination, les plus hauts sommets sont accessibles, m\u00eame en partant d\u2019une \u00eele de l\u2019oc\u00e9an Indien.<\/p>\n","protected":false},"excerpt":{"rendered":"\u00c0 seulement 14 ans, le jeune golfeur form\u00e9 \u00e0 La R\u00e9union s\u2019offre une place en finale du Championnat&hellip;\n","protected":false},"author":2,"featured_media":286439,"comment_status":"","ping_status":"","sticky":false,"template":"","format":"standard","meta":{"footnotes":""},"categories":[1418],"tags":[47,1011,27,1472,6335,1922,6336,7224,104,60],"class_list":{"0":"post-286438","1":"post","2":"type-post","3":"status-publish","4":"format-standard","5":"has-post-thumbnail","7":"category-golf","8":"tag-actualite","9":"tag-fr","10":"tag-france","11":"tag-golf","12":"tag-home-page","13":"tag-info","14":"tag-la-reunion","15":"tag-newsletter-soir","16":"tag-societe","17":"tag-sports"},"share_on_mastodon":{"url":"https:\/\/pubeurope.com\/@fr\/114947311852700088","error":""},"_links":{"self":[{"href":"https:\/\/www.europesays.com\/fr\/wp-json\/wp\/v2\/posts\/286438","targetHints":{"allow":["GET"]}}],"collection":[{"href":"https:\/\/www.europesays.com\/fr\/wp-json\/wp\/v2\/posts"}],"about":[{"href":"https:\/\/www.europesays.com\/fr\/wp-json\/wp\/v2\/types\/post"}],"author":[{"embeddable":true,"href":"https:\/\/www.europesays.com\/fr\/wp-json\/wp\/v2\/users\/2"}],"replies":[{"embeddable":true,"href":"https:\/\/www.europesays.com\/fr\/wp-json\/wp\/v2\/comments?post=286438"}],"version-history":[{"count":0,"href":"https:\/\/www.europesays.com\/fr\/wp-json\/wp\/v2\/posts\/286438\/revisions"}],"wp:featuredmedia":[{"embeddable":true,"href":"https:\/\/www.europesays.com\/fr\/wp-json\/wp\/v2\/media\/286439"}],"wp:attachment":[{"href":"https:\/\/www.europesays.com\/fr\/wp-json\/wp\/v2\/media?parent=286438"}],"wp:term":[{"taxonomy":"category","embeddable":true,"href":"https:\/\/www.europesays.com\/fr\/wp-json\/wp\/v2\/categories?post=286438"},{"taxonomy":"post_tag","embeddable":true,"href":"https:\/\/www.europesays.com\/fr\/wp-json\/wp\/v2\/tags?post=286438"}],"curies":[{"name":"wp","href":"https:\/\/api.w.org\/{rel}","templated":true}]}}