{"id":286440,"date":"2025-07-31T10:12:12","date_gmt":"2025-07-31T10:12:12","guid":{"rendered":"https:\/\/www.europesays.com\/fr\/286440\/"},"modified":"2025-07-31T10:12:12","modified_gmt":"2025-07-31T10:12:12","slug":"les-bleus-sortis-par-la-slovenie-en-quarts-de-finale-de-la-ligue-des-nations-lequipe","status":"publish","type":"post","link":"https:\/\/www.europesays.com\/fr\/286440\/","title":{"rendered":"Les Bleus sortis par la Slov\u00e9nie en quarts de finale de la Ligue des nations &#8211; L&#039;\u00c9quipe"},"content":{"rendered":"<ol>\n<li><a href=\"https:\/\/news.google.com\/rss\/articles\/CBMiygFBVV95cUxPYnMxSl94WmxmNERzNHZob2pfZzVUM0VVNThNVV9qTk02TmZXZ1FYaVR1NXljSU00Zy1PX2VjM1Y5OVgydFU2UWVJaV9TaFVGSXUyRmZJTGU5ZG5lMm82bHVzM2hsY3dIejBCbTJOSlZMYXFHNnVBd3pEalpLaGYzekEyVTFNeTVtb2Q0TVNGRnlSRVhxVkJBT2laR1UwaDRGUU1EcDl6NzFFNWJ0emFJLVNyczRBVjlTaUFwNGkydXpNcDJrTE1fUHdB?oc=5\" target=\"_blank\" rel=\"nofollow noopener\">Les Bleus sortis par la Slov\u00e9nie en quarts de finale de la Ligue des nations<\/a>&nbsp;&nbsp;L&rsquo;\u00c9quipe<\/li>\n<li><a href=\"https:\/\/news.google.com\/rss\/articles\/CBMiyAFBVV95cUxPd01QU2hwZEFSTWRtQXdFS2Rnc3hCUzNRcmg4RHhTQ3ItTHcwWXdYVGF4c3dKc2pnZmJIXzhJMVFDVkhRM09LRTJxU3RfRzJxblRnUkZPSFE5U1JhaHl6VzdSU0YyUGZMZjh2dGVIa0JoSEhySDVGbmh1S3JDVGJuYVVxZXZQWFVQeUo0bzV5S25FLTExOHVrejNLdmRLQzYzbXBQVS01RFhmSE9WeEZMLTlHR250U3NDdkFvMDdRN1Z3c2w1dWxic9IBxwFBVV95cUxPM1BtRjNrUUNkMEFmNml6YVhMLVA5V1dXei1oRHJIamYxUFFIdC1leGYyT2tGSi1XT1BCVDFsZ3VNaVZ2WWxKZDg3Rks5ZFFadWVab0pIOUxtdnlsX3ZRenZINjUxMnV1RjlHZFdLTFJzNF94TWRCRUJZMVBpeWlOZEdzekxMVVc5MjFtUFoyTWJWR2tieldCWUxCaXkxeXVfc2pzVWJzeGpyUUpfUHZMNVBwYzk4UFdiUGRfQ0hqUXF3QWpaWW40?oc=5\" target=\"_blank\" rel=\"nofollow noopener\">Ligue des nations (H) : La France tombe de haut face \u00e0 la Slov\u00e9nie<\/a>&nbsp;&nbsp;Orange Actualit\u00e9s | Sports<\/li>\n<li><a href=\"https:\/\/news.google.com\/rss\/articles\/CBMikwJBVV95cUxOblgtZ2d3cFJYc01FNm1XWmN6UGFEZm9aV0hjQTZmSzNlNXhCZS1SOUtmdTNONzBzNzNZLWlzS09TTFJ5aURNVWpNTHZnV3pKeWN2UWFQNkNDN0R6cVFibkc5WEIzVGt0czVkLWF1UVJBTXpmdlcySHJ0aVdZWFBFUDBoOWhVQlIxTjZveU5uV2h4N2ZhV1E3cFVVcUZHOEU2NFJUN2M5UjZ6Smx5bVJxRlRzLVBQNkJKUzMwUGQxMjZJODMtMWRVSUduV1poeWZCVmdMWEo3dmR3SDYtVk5FWDRBT0w3dTJpclBnU0JtcThSS0YwMWJVVE85MkpsQmd3UXdnMTBYSnBPeU84eHZZdU5SYw?oc=5\" target=\"_blank\" rel=\"nofollow noopener\">Ligue des nations. Les Bleus s\u2019inclinent d\u00e8s les quarts de finale face \u00e0 la Slov\u00e9nie<\/a>&nbsp;&nbsp;Ouest-France<\/li>\n<li><a href=\"https:\/\/news.google.com\/rss\/articles\/CBMi_AFBVV95cUxPdWtfYXk1X21pcGZiOW01cWpUeVRtMWJsMmZUYzJWaFNLeENXUExFZzVrZ2lXSElHVHI5SzdXR1NkY3lTNS0zaTVjMEM4UndPMUxzQ3hCb0dqTGJ3dHp3aHUyN2VBUURKVUFEU1gtdDJTc052LU9nckprM21ZSjJQVE9uWUlGQzZZa3dVNXdscGVyRUY3bnl1b2dXWF9LUWt6VWtVeUY0RTlyMGliTUI2Z3lDREtIbmNSbHRUSlZUQnVBcTF4MWxfNmltMkY3VnFMNmlETmFoNjlUSDF1WnhMVXZIcURISGZoZWh3b1h6QXBRVU5fNUtkYVNyaUc?oc=5\" target=\"_blank\" rel=\"nofollow noopener\">Ligue des nations: d\u00e9sillusion pour l&rsquo;\u00e9quipe de France de volley, double championne olympique, sortie d\u00e8s les quarts<\/a>&nbsp;&nbsp;RMC Sport<\/li>\n<li><a href=\"https:\/\/news.google.com\/rss\/articles\/CBMizwFBVV95cUxOVXF3WVZ1eWIxYjlaQUhJR3JvcXRGcm5sQmt4TWxta3VON1J2RzNDcVlQcnVwcnJuUEtGTVhYYmVGR1NjNWJVamREdTN3MTB4cEJlS1VHN05LSHd3bWtnZjhUT2E3VmttdkdDM1dkX3JsZ2hUUjBnVG5VSGdmWnhIUHJEcVI3TmZEMUNZV1g5UWhfLVFIaldLUmRIQ1c3UF9VTVlYOUZiblIzbmhnN2tER0t3bzFuUlFjMUdoSjcxZUpNeUV1dHRZb29GajlsNTg?oc=5\" target=\"_blank\" rel=\"nofollow noopener\">Volley-ball : les Bleus \u00e9limin\u00e9s d\u00e8s les quarts de finale de la Ligue des nations<\/a>&nbsp;&nbsp;Sud Ouest<\/li>\n<\/ol>\n","protected":false},"excerpt":{"rendered":"Les Bleus sortis par la Slov\u00e9nie en quarts de finale de la Ligue des nations&nbsp;&nbsp;L&rsquo;\u00c9quipe Ligue des nations&hellip;\n","protected":false},"author":2,"featured_media":286441,"comment_status":"","ping_status":"","sticky":false,"template":"","format":"standard","meta":{"footnotes":""},"categories":[1417],"tags":[1011,27,60,1470,1469],"class_list":{"0":"post-286440","1":"post","2":"type-post","3":"status-publish","4":"format-standard","5":"has-post-thumbnail","7":"category-volley","8":"tag-fr","9":"tag-france","10":"tag-sports","11":"tag-volley","12":"tag-volleyball"},"share_on_mastodon":{"url":"https:\/\/pubeurope.com\/@fr\/114947315761604718","error":""},"_links":{"self":[{"href":"https:\/\/www.europesays.com\/fr\/wp-json\/wp\/v2\/posts\/286440","targetHints":{"allow":["GET"]}}],"collection":[{"href":"https:\/\/www.europesays.com\/fr\/wp-json\/wp\/v2\/posts"}],"about":[{"href":"https:\/\/www.europesays.com\/fr\/wp-json\/wp\/v2\/types\/post"}],"author":[{"embeddable":true,"href":"https:\/\/www.europesays.com\/fr\/wp-json\/wp\/v2\/users\/2"}],"replies":[{"embeddable":true,"href":"https:\/\/www.europesays.com\/fr\/wp-json\/wp\/v2\/comments?post=286440"}],"version-history":[{"count":0,"href":"https:\/\/www.europesays.com\/fr\/wp-json\/wp\/v2\/posts\/286440\/revisions"}],"wp:featuredmedia":[{"embeddable":true,"href":"https:\/\/www.europesays.com\/fr\/wp-json\/wp\/v2\/media\/286441"}],"wp:attachment":[{"href":"https:\/\/www.europesays.com\/fr\/wp-json\/wp\/v2\/media?parent=286440"}],"wp:term":[{"taxonomy":"category","embeddable":true,"href":"https:\/\/www.europesays.com\/fr\/wp-json\/wp\/v2\/categories?post=286440"},{"taxonomy":"post_tag","embeddable":true,"href":"https:\/\/www.europesays.com\/fr\/wp-json\/wp\/v2\/tags?post=286440"}],"curies":[{"name":"wp","href":"https:\/\/api.w.org\/{rel}","templated":true}]}}