{"id":286442,"date":"2025-07-31T10:13:11","date_gmt":"2025-07-31T10:13:11","guid":{"rendered":"https:\/\/www.europesays.com\/fr\/286442\/"},"modified":"2025-07-31T10:13:11","modified_gmt":"2025-07-31T10:13:11","slug":"international-quatre-nouveaux-joueurs-intronises-au-hall-of-fame-de-world-rugby-en-2025","status":"publish","type":"post","link":"https:\/\/www.europesays.com\/fr\/286442\/","title":{"rendered":"International \u2013 Quatre nouveaux joueurs intronis\u00e9s au Hall of Fame de World Rugby en 2025"},"content":{"rendered":"<p>\n                Ce jeudi, World Rugby a annonc\u00e9 l\u2019arriv\u00e9e de quatre nouveaux joueurs\u00a0au Hall of Fame. Les deux premiers seront intronis\u00e9s ce samedi lors de la derni\u00e8re rencontre de la tourn\u00e9e des Lions britanniques et irlandais en Australie. Pour les deux autres, ce sont deux joueuses qui ont marqu\u00e9 l\u2019histoire du rugby f\u00e9minin et qui seront intronis\u00e9es pendant la Coupe du monde en Angleterre qui d\u00e9marre le 22\u00a0ao\u00fbt.\n            <\/p>\n<p>De nouvelles l\u00e9gendes du rugby vont faire leur entr\u00e9e au Hall\u00a0of Fame de World Rugby ce samedi. Ils seront intronis\u00e9s lors de la rencontre qui opposera les Lions britanniques et irlandais aux Australiens \u00e0 Sydney le 2\u00a0ao\u00fbt.\u00a0Matthew Burke, ancien\u00a0arri\u00e8re des Wallabies et\u00a0Richard Hill, ancien troisi\u00e8me ligne de l\u2019Angleterre et des Lions britanniques et irlandais seront donc les 172e et le 173e joueurs a \u00eatre intronis\u00e9s depuis la cr\u00e9ation du Hall of Fame en 2006.<\/p>\n<p>\u00ab\u00a0Burke est l\u2019un des meilleurs arri\u00e8res de l\u2019histoire du rugby australien, alliant la vitesse, fiabilit\u00e9, une d\u00e9fense solide et un excellent jeu au pied, tandis que Hill faisait partie du fameux trio de troisi\u00e8mes lignes de Clive Woodward qui a contribu\u00e9 \u00e0 la victoire de l\u2019Angleterre lors de la Coupe du Monde de Rugby sur le sol australien en 2003\u00a0\u00bb explique World Rugby dans son communiqu\u00e9.<\/p>\n<p>Les noms des deux joueuses r\u00e9v\u00e9l\u00e9s pendant la Coupe du monde<\/p>\n<p>D\u2019ici quelques semaines, World Rugby r\u00e9v\u00e8lera les noms des deux joueuses\u00a0qui int\u00e9greront le Hall of Fame. Deux joueuses qui ont marqu\u00e9 l\u2019histoire du rugby f\u00e9minin \u00e0 l\u2019international.\u00a0John Eales, pr\u00e9sident du comit\u00e9 du Hall of Fame, assure dans le communiqu\u00e9\u00a0: \u00ab\u00a0Au travers ces nouvelles intronisations pour 2025, le World Rugby Hall of Fame souhaite c\u00e9l\u00e9brer la s\u00e9rie des Lions britanniques et irlandais en Australie ainsi que la Coupe du Monde de Rugby f\u00e9minine. Ainsi, parmi les quatre intronis\u00e9s, deux joueurs ayant particip\u00e9 \u00e0 des s\u00e9ries pr\u00e9c\u00e9dentes des Lions seront intronis\u00e9s en ao\u00fbt, et plus tard dans l\u2019ann\u00e9e, nous d\u00e9voilerons \u00e9galement le nom de deux joueuses exceptionnelles qui seront intronis\u00e9es lors de la Coupe du Monde de Rugby f\u00e9minine\u00a0\u00bb. Le suspense est total\u00a0!<\/p>\n","protected":false},"excerpt":{"rendered":"Ce jeudi, World Rugby a annonc\u00e9 l\u2019arriv\u00e9e de quatre nouveaux joueurs\u00a0au Hall of Fame. Les deux premiers seront&hellip;\n","protected":false},"author":2,"featured_media":286443,"comment_status":"","ping_status":"","sticky":false,"template":"","format":"standard","meta":{"footnotes":""},"categories":[1416],"tags":[1011,27,479,1468,60],"class_list":{"0":"post-286442","1":"post","2":"type-post","3":"status-publish","4":"format-standard","5":"has-post-thumbnail","7":"category-rugby","8":"tag-fr","9":"tag-france","10":"tag-rugby","11":"tag-rugby-football","12":"tag-sports"},"share_on_mastodon":{"url":"https:\/\/pubeurope.com\/@fr\/114947319694903171","error":""},"_links":{"self":[{"href":"https:\/\/www.europesays.com\/fr\/wp-json\/wp\/v2\/posts\/286442","targetHints":{"allow":["GET"]}}],"collection":[{"href":"https:\/\/www.europesays.com\/fr\/wp-json\/wp\/v2\/posts"}],"about":[{"href":"https:\/\/www.europesays.com\/fr\/wp-json\/wp\/v2\/types\/post"}],"author":[{"embeddable":true,"href":"https:\/\/www.europesays.com\/fr\/wp-json\/wp\/v2\/users\/2"}],"replies":[{"embeddable":true,"href":"https:\/\/www.europesays.com\/fr\/wp-json\/wp\/v2\/comments?post=286442"}],"version-history":[{"count":0,"href":"https:\/\/www.europesays.com\/fr\/wp-json\/wp\/v2\/posts\/286442\/revisions"}],"wp:featuredmedia":[{"embeddable":true,"href":"https:\/\/www.europesays.com\/fr\/wp-json\/wp\/v2\/media\/286443"}],"wp:attachment":[{"href":"https:\/\/www.europesays.com\/fr\/wp-json\/wp\/v2\/media?parent=286442"}],"wp:term":[{"taxonomy":"category","embeddable":true,"href":"https:\/\/www.europesays.com\/fr\/wp-json\/wp\/v2\/categories?post=286442"},{"taxonomy":"post_tag","embeddable":true,"href":"https:\/\/www.europesays.com\/fr\/wp-json\/wp\/v2\/tags?post=286442"}],"curies":[{"name":"wp","href":"https:\/\/api.w.org\/{rel}","templated":true}]}}