{"id":286448,"date":"2025-07-31T10:17:12","date_gmt":"2025-07-31T10:17:12","guid":{"rendered":"https:\/\/www.europesays.com\/fr\/286448\/"},"modified":"2025-07-31T10:17:12","modified_gmt":"2025-07-31T10:17:12","slug":"il-faut-aider-le-foot-francais-ces-fans-deja-seduits-par-ligue-1-la-nouvelle-chaine-de-la-lfp-lequipe-2","status":"publish","type":"post","link":"https:\/\/www.europesays.com\/fr\/286448\/","title":{"rendered":"\u00ab Il faut aider le foot fran\u00e7ais \u00bb : ces fans d\u00e9j\u00e0 s\u00e9duits par Ligue 1+, la nouvelle cha\u00eene de la LFP &#8211; L&#039;\u00c9quipe"},"content":{"rendered":"<ol>\n<li><a href=\"https:\/\/news.google.com\/rss\/articles\/CBMi1wFBVV95cUxNcVlmeFI3d1pnbDVqUng5MXV5VHozZ016d1RIU0xMZG1HaldtazN5RU1SZVlGWWdPMDZPRndnWHhZZ00zbjFzelMyaGF0ZDQweHU1em1FeWNld2E2NTdjN1FiTVpDd0N2NGVhRjIxMEFlTG5qamtFbWczUW4xNTdxakxJdzRzSm82a1RuYzBGeUxvUzJTd3dZTlRWTGR5SHRhdzVwd3RYWjQyR1VBcmVKUjZGU0FoZEpHdUJUVWJRX0dRN1c5SWR6dTRaMnVKY045SmlwNkpHOA?oc=5\" target=\"_blank\" rel=\"nofollow noopener\">\u00ab Il faut aider le foot fran\u00e7ais \u00bb : ces fans d\u00e9j\u00e0 s\u00e9duits par Ligue 1+, la nouvelle cha\u00eene de la LFP<\/a>&nbsp;&nbsp;L&rsquo;\u00c9quipe<\/li>\n<li><a href=\"https:\/\/news.google.com\/rss\/articles\/CBMimAFBVV95cUxQYnYzZmtvSzhqaTgxYnU1cmpleUJ2aG00cUVUdE9adzZ6dHdvM3hGelhSRDNXUWc2eDVwVFlRQnRwZE9lUDlNWHViMXFsUHNLQlpWSjNrMVhPVkhublY2R1Zna2tOY3RHamRhUFh1Tm1kdV9QSWdWX1VUMVJiRTVoYWpOaDNvV1dqTXFEUW5lRFN1enJ0a3ZjNw?oc=5\" target=\"_blank\" rel=\"nofollow noopener\">Lancement de Ligue 1+ : Tout ce qu\u2019il faut savoir<\/a>&nbsp;&nbsp;ligue1.com<\/li>\n<li><a href=\"https:\/\/news.google.com\/rss\/articles\/CBMi2wFBVV95cUxPNk5fR0FFWHJ3dHY0UGdURDRHUEF3SU5zWDBCZGFNTy1zUm4yY1BGSGExQ1VRMkZHOTVsa2VFV0hPVjJoWjE1V0UxMFdlZzZ1U3hwbzN2SThRVVFyZGVEbUpuSXVaUWFfc1N6amRQNExwYTJudXdlbDJGeG4tMUdxU19QazNDZHdCQUJyekMzNEZMdjFLVXhDNzVIZGFYMFBpektPU1g3Rl9vUGdETFBxUzY5WUtRWTh3OUdsX3dqYS1EUmJjaVhVMUh2WVZORVRIMlRkMVFFTE80eXc?oc=5\" target=\"_blank\" rel=\"nofollow noopener\">Ligue 1: voici la date \u00e0 laquelle vous pourrez vous abonner \u00e0 la cha\u00eene Ligue 1+<\/a>&nbsp;&nbsp;RMC Sport<\/li>\n<li><a href=\"https:\/\/news.google.com\/rss\/articles\/CBMiwgFBVV95cUxQYVlzZmprZm1HZG1xNkRKY2hTS0huSVV6NkNSek04TGxSZC1KM3ljdXZheUJiX1FtUkhMRmtyb2FkUGdaWXdTdDJMRDk3eDExYW9WMG01TWlHd3p1b182QWd5LVdaTUpxSzBLLXdBOGZRQ1gtYzlwS3NuamJrY2QweXlWMVpPZlcwRWRrdXJBSngyS1l6UnhVNWpkcE5ZZTFoV3hJdEFndEV5Y25CYkRMLUo2VHRFWG5FVVRBTlNoUnc1QQ?oc=5\" target=\"_blank\" rel=\"nofollow noopener\">Ligue 1+ : Amaury Media d\u00e9croche la r\u00e9gie publicitaire exclusive de la nouvelle cha\u00eene de la LFP<\/a>&nbsp;&nbsp;The Media Leader<\/li>\n<li><a href=\"https:\/\/news.google.com\/rss\/articles\/CBMiT0FVX3lxTE9hQXFPNDVfQXBYVEVJRFpJYW9MclpvUzRyQzNvX3BPdjVKWGJCVldVN2xVeEVBUk92elhYUU9yUWR5WUJhRE9tVVprZUdVdk0?oc=5\" target=\"_blank\" rel=\"nofollow noopener\">Agence. Publicis Sport signe la campagne de lancement de Ligue 1+<\/a>&nbsp;&nbsp;Sport Business Club<\/li>\n<\/ol>\n","protected":false},"excerpt":{"rendered":"\u00ab Il faut aider le foot fran\u00e7ais \u00bb : ces fans d\u00e9j\u00e0 s\u00e9duits par Ligue 1+, la nouvelle&hellip;\n","protected":false},"author":2,"featured_media":272016,"comment_status":"","ping_status":"","sticky":false,"template":"","format":"standard","meta":{"footnotes":""},"categories":[1412],"tags":[1451,1452,1453,1454,1455,1011,27,60],"class_list":{"0":"post-286448","1":"post","2":"type-post","3":"status-publish","4":"format-standard","5":"has-post-thumbnail","7":"category-f1","8":"tag-f1","9":"tag-formula-1","10":"tag-formula1","11":"tag-formule-1","12":"tag-formule1","13":"tag-fr","14":"tag-france","15":"tag-sports"},"share_on_mastodon":{"url":"https:\/\/pubeurope.com\/@fr\/114947335315370194","error":""},"_links":{"self":[{"href":"https:\/\/www.europesays.com\/fr\/wp-json\/wp\/v2\/posts\/286448","targetHints":{"allow":["GET"]}}],"collection":[{"href":"https:\/\/www.europesays.com\/fr\/wp-json\/wp\/v2\/posts"}],"about":[{"href":"https:\/\/www.europesays.com\/fr\/wp-json\/wp\/v2\/types\/post"}],"author":[{"embeddable":true,"href":"https:\/\/www.europesays.com\/fr\/wp-json\/wp\/v2\/users\/2"}],"replies":[{"embeddable":true,"href":"https:\/\/www.europesays.com\/fr\/wp-json\/wp\/v2\/comments?post=286448"}],"version-history":[{"count":0,"href":"https:\/\/www.europesays.com\/fr\/wp-json\/wp\/v2\/posts\/286448\/revisions"}],"wp:featuredmedia":[{"embeddable":true,"href":"https:\/\/www.europesays.com\/fr\/wp-json\/wp\/v2\/media\/272016"}],"wp:attachment":[{"href":"https:\/\/www.europesays.com\/fr\/wp-json\/wp\/v2\/media?parent=286448"}],"wp:term":[{"taxonomy":"category","embeddable":true,"href":"https:\/\/www.europesays.com\/fr\/wp-json\/wp\/v2\/categories?post=286448"},{"taxonomy":"post_tag","embeddable":true,"href":"https:\/\/www.europesays.com\/fr\/wp-json\/wp\/v2\/tags?post=286448"}],"curies":[{"name":"wp","href":"https:\/\/api.w.org\/{rel}","templated":true}]}}