{"id":286481,"date":"2025-07-31T10:34:15","date_gmt":"2025-07-31T10:34:15","guid":{"rendered":"https:\/\/www.europesays.com\/fr\/286481\/"},"modified":"2025-07-31T10:34:15","modified_gmt":"2025-07-31T10:34:15","slug":"le-petit-fils-de-lucien-neuwirth-interpelle-macron","status":"publish","type":"post","link":"https:\/\/www.europesays.com\/fr\/286481\/","title":{"rendered":"le petit-fils de Lucien Neuwirth interpelle Macron"},"content":{"rendered":"<p>Il n\u2019est pas le seul \u00e0 avoir adress\u00e9 une lettre\u00a0ouverte au pr\u00e9sident de la R\u00e9publique, lui demandant d\u2019intervenir afin d\u2019emp\u00eacher la destruction, pr\u00e9vue par le gouvernement am\u00e9ricain, de contraceptifs f\u00e9minins.<\/p>\n<p>Des milliers d\u2019implants, de st\u00e9rilets, de pilules, stock\u00e9s en Belgique, devraient \u00eatre incin\u00e9r\u00e9s en France. Les \u00c9cologistes l\u2019ont interpell\u00e9, samedi dernier, suivis d\u2019\u00e9lus de la France insoumise.<\/p>\n<p>Charles Dallara, petit-fils du \u00ab\u00a0p\u00e8re de la pilule\u00a0\u00bb, a, lui aussi, aussit\u00f4t adress\u00e9 un message \u00e0 <a href=\"https:\/\/www.leprogres.fr\/p\/emmanuel-macron\" target=\"_blank\" rel=\"nofollow noopener\">Emmanuel Macron<\/a> apr\u00e8s avoir d\u00e9couvert, sur les r\u00e9seaux sociaux, cette affaire r\u00e9v\u00e9l\u00e9e par le quotidien britannique, The Guardian.<\/p>\n<p>\u00ab\u00a0Honorer notre tradition humaniste\u00a0\u00bb<\/p>\n<p>\u00ab\u00a0J\u2019ai peu \u00e0 peu recoup\u00e9 les informations et, ce qui m\u2019a profond\u00e9ment \u00e9nerv\u00e9, c\u2019est que cette destruction se fasse en France. Je me suis dit que j\u2019avais une forme de l\u00e9gitimit\u00e9 <a href=\"https:\/\/www.leprogres.fr\/loire\/2017\/02\/09\/mon-grand-pere-lucien-neuwirth-etait-quelqu-un-de-tres-ouvert\" target=\"_blank\" rel=\"nofollow noopener\">en tant que garant de la m\u00e9moire de mon grand-p\u00e8re \u00e0 r\u00e9agir<\/a>.\u00a0\u00bb<\/p>\n<p>Un grand-p\u00e8re, d\u00e9put\u00e9 gaulliste de la Loire, qui n\u2019avait pas h\u00e9sit\u00e9, apr\u00e8s un combat obstin\u00e9, \u00e0 faire \u00e9voluer les m\u0153urs de la soci\u00e9t\u00e9 fran\u00e7aise sur l\u2019usage des contraceptifs. \u00ab\u00a0C\u2019est un sujet que je suis. Je compte bien continuer \u00e0 transmettre le message\u00a0\u00bb, assure l\u2019\u00e9lu \u00e0 la mairie de Saint-\u00c9tienne qui a exhort\u00e9 le pr\u00e9sident fran\u00e7ais \u00e0 suspendre cette incin\u00e9ration.<\/p>\n<p>  Emp\u00eacher cette destruction<\/p>\n<p>\u00ab\u00a0\u00c0 ne pas laisser la France devenir complice de ce scandale. Il doit pouvoir, par d\u00e9cret, emp\u00eacher cette destruction. Je pense qu\u2019il a les moyens d\u2019intervenir. C\u2019est quand m\u00eame lui, et je salue sa d\u00e9cision, qui a fait inscrire en mars\u00a02024 le droit \u00e0 l\u2019interruption volontaire de grossesse (IVG) dans la Constitution. Comment un an plus tard, au c\u0153ur de l\u2019\u00e9t\u00e9, en toute discr\u00e9tion, on peut laisser partir en fum\u00e9e du mat\u00e9riel contraceptif sur la terre des droits de l\u2019homme et de la femme, s\u2019indigne Charles Dallara. Refuser cette destruction, c\u2019est honorer notre tradition humaniste, notre engagement pour les droits des femmes et le combat de celles et ceux qui, comme <a href=\"https:\/\/www.leprogres.fr\/p\/simone-veil\" target=\"_blank\" rel=\"nofollow noopener\">Simone Veil<\/a> ou mon grand-p\u00e8re, ont permis aux femmes de disposer librement de leur corps.\u00a0\u00bb<\/p>\n<p>  \u00ab\u00a0R\u00e9cup\u00e9rer ce mat\u00e9riel\u00a0\u00bb<\/p>\n<p>Dans son message post\u00e9 sur les r\u00e9seaux sociaux, et sa lettre envoy\u00e9e en recommand\u00e9 ce mercredi, il demande \u00e9galement au pr\u00e9sident de \u00ab\u00a0r\u00e9cup\u00e9rer ce mat\u00e9riel, quitte \u00e0 le racheter. Des ONG et m\u00eame l\u2019ONU ont propos\u00e9 de les r\u00e9cup\u00e9rer gratuitement. Cela a \u00e9t\u00e9 refus\u00e9 par le gouvernement am\u00e9ricain.\u00a0\u00bb Alors que le mat\u00e9riel n\u2019aurait pas atteint sa date de p\u00e9remption. \u00ab\u00a0Il est important que les femmes qui en ont besoin en b\u00e9n\u00e9ficient\u00a0\u00bb, insiste l\u2019\u00e9lu de Saint-Etienne.<\/p>\n<p>Ces millions de contraceptifs f\u00e9minins, command\u00e9s alors par l\u2019administration Biden, d\u2019une valeur de plusieurs milliers de dollars, \u00e9taient destin\u00e9s \u00e0 des pays b\u00e9n\u00e9ficiaires dans le cadre des programmes de l\u2019Agence am\u00e9ricaine pour le d\u00e9veloppement international (USAID), une agence internationale d\u00e9mantel\u00e9e, depuis, par l\u2019administration Trump.<\/p>\n<p>Ce jeudi, Emmanuel Macron n\u2019avait toujours pas r\u00e9pondu \u00e0 Charles Dallara.<\/p>\n","protected":false},"excerpt":{"rendered":"Il n\u2019est pas le seul \u00e0 avoir adress\u00e9 une lettre\u00a0ouverte au pr\u00e9sident de la R\u00e9publique, lui demandant d\u2019intervenir&hellip;\n","protected":false},"author":2,"featured_media":286482,"comment_status":"","ping_status":"","sticky":false,"template":"","format":"standard","meta":{"footnotes":""},"categories":[9653],"tags":[1111,11,2430,7539,1777,674,1011,27,3367,12,25,4001,7538,71],"class_list":{"0":"post-286481","1":"post","2":"type-post","3":"status-publish","4":"format-standard","5":"has-post-thumbnail","7":"category-saint-etienne","8":"tag-actu","9":"tag-actualites","10":"tag-auvergne-rhone-alpes","11":"tag-edition-loire-sud","12":"tag-eu","13":"tag-europe","14":"tag-fr","15":"tag-france","16":"tag-loire","17":"tag-news","18":"tag-republique-francaise","19":"tag-saint-etienne","20":"tag-saint-etienne-ville","21":"tag-sante"},"share_on_mastodon":{"url":"https:\/\/pubeurope.com\/@fr\/114947402181575859","error":""},"_links":{"self":[{"href":"https:\/\/www.europesays.com\/fr\/wp-json\/wp\/v2\/posts\/286481","targetHints":{"allow":["GET"]}}],"collection":[{"href":"https:\/\/www.europesays.com\/fr\/wp-json\/wp\/v2\/posts"}],"about":[{"href":"https:\/\/www.europesays.com\/fr\/wp-json\/wp\/v2\/types\/post"}],"author":[{"embeddable":true,"href":"https:\/\/www.europesays.com\/fr\/wp-json\/wp\/v2\/users\/2"}],"replies":[{"embeddable":true,"href":"https:\/\/www.europesays.com\/fr\/wp-json\/wp\/v2\/comments?post=286481"}],"version-history":[{"count":0,"href":"https:\/\/www.europesays.com\/fr\/wp-json\/wp\/v2\/posts\/286481\/revisions"}],"wp:featuredmedia":[{"embeddable":true,"href":"https:\/\/www.europesays.com\/fr\/wp-json\/wp\/v2\/media\/286482"}],"wp:attachment":[{"href":"https:\/\/www.europesays.com\/fr\/wp-json\/wp\/v2\/media?parent=286481"}],"wp:term":[{"taxonomy":"category","embeddable":true,"href":"https:\/\/www.europesays.com\/fr\/wp-json\/wp\/v2\/categories?post=286481"},{"taxonomy":"post_tag","embeddable":true,"href":"https:\/\/www.europesays.com\/fr\/wp-json\/wp\/v2\/tags?post=286481"}],"curies":[{"name":"wp","href":"https:\/\/api.w.org\/{rel}","templated":true}]}}