{"id":286505,"date":"2025-07-31T10:46:13","date_gmt":"2025-07-31T10:46:13","guid":{"rendered":"https:\/\/www.europesays.com\/fr\/286505\/"},"modified":"2025-07-31T10:46:13","modified_gmt":"2025-07-31T10:46:13","slug":"pourquoi-ce-taxi-qui-ramenait-les-fetards-a-prix-libre-risque-35-000-e-damende-et-doit","status":"publish","type":"post","link":"https:\/\/www.europesays.com\/fr\/286505\/","title":{"rendered":"Pourquoi ce taxi qui ramenait les f\u00eatards \u00e0 prix libre risque 35 000 \u20ac d\u2019amende et doit"},"content":{"rendered":"<tr wp_automatic_readability=\"2.9347826086957\">\n<td valign=\"middle\" align=\"center\" class=\"col-logo\">\n    <img decoding=\"async\" src=\"https:\/\/www.europesays.com\/fr\/wp-content\/uploads\/2025\/05\/ouest-france.gif\" alt=\"logo Ouest-France\" height=\"66\"\/><\/p>\n<\/td>\n<td class=\"col-titre\">\n\t\t\tJeudi 31 juillet 2025 11:01<br \/>\n\t\t\t<a class=\"icon-bulle sizeL count\" href=\"#ancreAvis\"><br \/>\n\t&#8230;<br \/>\n<\/a><\/td>\n<\/tr>\n<p>\t\t<a class=\"mavillebox2 elmt-photo\" href=\"https:\/\/maville.com\/photosmvi\/2025\/07\/31\/P35383667D6919165G.jpg\" title=\" Le taxi associatif exer\u00e7ait depuis l\u2019\u00e9t\u00e9 2024.  \u00a9  Photo d\u2019illustration\u00a0: EyeEm Mobile GmbH via Getty Images  &lt;!--TAG-BLC credit--&gt;\" rel=\"galerie_actu noopener\" target=\"_blank\"><br \/>\n\t<img decoding=\"async\" src=\"https:\/\/www.europesays.com\/fr\/wp-content\/uploads\/2025\/07\/P35383667D6919165G_crop_640-330_.jpg\" alt=\"photo  le taxi associatif exer\u00e7ait depuis l\u2019\u00e9t\u00e9 2024.  \u00a9  photo d\u2019illustration\u00a0: eyeem mobile gmbh via getty images \"\/><br \/>\n\t1<br \/>\n<\/a><\/p>\n<p class=\"elmt-legende\"> Le taxi associatif exer\u00e7ait depuis l\u2019\u00e9t\u00e9 2024.  \u00a9  Photo d\u2019illustration\u00a0: EyeEm Mobile GmbH via Getty Images  <\/p>\n<p>\t\tDepuis 2024, Jean-No\u00ebl s\u2019\u00e9tait donn\u00e9 pour mission d\u2019assurer la s\u00e9curit\u00e9 des f\u00eatards de l\u2019\u00eele en leur proposant de les ramener chez eux pour un prix d\u00e9risoire.\u00a0La direction des transports terrestres a estim\u00e9 qu\u2019il s\u2019agissait d\u2019une concurrence d\u00e9loyale envers les taxis.<\/p>\n<p>\t\t Par l\u2019\u00e9dition du soir. \u00a0\u00a0<br \/>\n\t\tOuest-France\u00a0\u00a0<\/p>\n<p>\t\t&#13;<\/p>\n","protected":false},"excerpt":{"rendered":"Jeudi 31 juillet 2025 11:01 &#8230; 1 Le taxi associatif exer\u00e7ait depuis l\u2019\u00e9t\u00e9 2024. \u00a9 Photo d\u2019illustration\u00a0: EyeEm&hellip;\n","protected":false},"author":2,"featured_media":286506,"comment_status":"","ping_status":"","sticky":false,"template":"","format":"standard","meta":{"footnotes":""},"categories":[2821],"tags":[6541,42537,1111,11,7087,42538,829,1777,674,42536,1011,27,29023,12,2141,42535,584,25,4510,13430],"class_list":{"0":"post-286505","1":"post","2":"type-post","3":"status-publish","4":"format-standard","5":"has-post-thumbnail","7":"category-rennes","8":"tag-6541","9":"tag-42537","10":"tag-actu","11":"tag-actualites","12":"tag-amende","13":"tag-arreter","14":"tag-bretagne","15":"tag-eu","16":"tag-europe","17":"tag-fetards","18":"tag-fr","19":"tag-france","20":"tag-libre","21":"tag-news","22":"tag-prix","23":"tag-ramenait","24":"tag-rennes","25":"tag-republique-francaise","26":"tag-risque","27":"tag-taxi"},"share_on_mastodon":{"url":"https:\/\/pubeurope.com\/@fr\/114947449440572208","error":""},"_links":{"self":[{"href":"https:\/\/www.europesays.com\/fr\/wp-json\/wp\/v2\/posts\/286505","targetHints":{"allow":["GET"]}}],"collection":[{"href":"https:\/\/www.europesays.com\/fr\/wp-json\/wp\/v2\/posts"}],"about":[{"href":"https:\/\/www.europesays.com\/fr\/wp-json\/wp\/v2\/types\/post"}],"author":[{"embeddable":true,"href":"https:\/\/www.europesays.com\/fr\/wp-json\/wp\/v2\/users\/2"}],"replies":[{"embeddable":true,"href":"https:\/\/www.europesays.com\/fr\/wp-json\/wp\/v2\/comments?post=286505"}],"version-history":[{"count":0,"href":"https:\/\/www.europesays.com\/fr\/wp-json\/wp\/v2\/posts\/286505\/revisions"}],"wp:featuredmedia":[{"embeddable":true,"href":"https:\/\/www.europesays.com\/fr\/wp-json\/wp\/v2\/media\/286506"}],"wp:attachment":[{"href":"https:\/\/www.europesays.com\/fr\/wp-json\/wp\/v2\/media?parent=286505"}],"wp:term":[{"taxonomy":"category","embeddable":true,"href":"https:\/\/www.europesays.com\/fr\/wp-json\/wp\/v2\/categories?post=286505"},{"taxonomy":"post_tag","embeddable":true,"href":"https:\/\/www.europesays.com\/fr\/wp-json\/wp\/v2\/tags?post=286505"}],"curies":[{"name":"wp","href":"https:\/\/api.w.org\/{rel}","templated":true}]}}