{"id":286510,"date":"2025-07-31T10:49:18","date_gmt":"2025-07-31T10:49:18","guid":{"rendered":"https:\/\/www.europesays.com\/fr\/286510\/"},"modified":"2025-07-31T10:49:18","modified_gmt":"2025-07-31T10:49:18","slug":"a-strasbourg-cette-entreprise-vend-des-gateaux-dans-des-canettes","status":"publish","type":"post","link":"https:\/\/www.europesays.com\/fr\/286510\/","title":{"rendered":"\u00e0 Strasbourg, cette entreprise vend des g\u00e2teaux dans des canettes"},"content":{"rendered":"<p>            Par<br \/>\n        <strong><br \/>\n            <a href=\"https:\/\/actu.fr\/auteur\/ivan-capecchi\" title=\"Consulter tous les articles de Ivan CAPECCHI\" rel=\"nofollow noopener\" target=\"_blank\">Ivan CAPECCHI<\/a><br \/>\n        <\/strong><\/p>\n<p>        Publi\u00e9 le<\/p>\n<p>            31 juil. 2025 \u00e0 12h37        <\/p>\n<p>Depuis d\u00e9but juillet, une jeune entreprise strasbourgeoise propose une offre pour le moins <a href=\"https:\/\/actu.fr\/insolite\" rel=\"nofollow noopener\" target=\"_blank\">insolite<\/a> : des <strong>g\u00e2teaux faits maison pr\u00e9sent\u00e9s dans des canettes.<\/strong><\/p>\n<p class=\" wall-content\">Derri\u00e8re <strong>SweetCan<\/strong>, on retrouve Marion, 32 ans, graphiste \u00e9voluant dans le milieu de la communication, et son compagnon Ahmed, titulaire d\u2019un dipl\u00f4me de cuisine et salari\u00e9 dans un h\u00f4tel \u00e0 Strasbourg.<\/p>\n<p>Un concept venu du Japon<\/p>\n<p class=\" wall-content\">Le concept, <a href=\"https:\/\/www.rtbf.be\/article\/le-gateau-en-canette-la-recette-qui-fait-fureur-au-japon-10796868\" rel=\"nofollow noopener\" target=\"_blank\">venu du Japon<\/a>, repose sur une <strong>fabrication artisanale et locale<\/strong>. \u00ab\u00a0Notre petit plus, c\u2019est de n\u2019utiliser que des <strong>fruits de saison<\/strong>, souvent <strong>cueillis nous-m\u00eames chez des petits producteurs<\/strong>\u00ab\u00a0, explique Marion. <strong>Les confitures sont \u00e9galement faites maison<\/strong>.<\/p>\n<p class=\" wall-content\">Parmi les <strong>parfums<\/strong> d\u00e9j\u00e0 propos\u00e9s : <strong>fraise<\/strong> (en version fruit frais ou confiture), <strong>tiramisu<\/strong>, <strong>sp\u00e9culoos<\/strong>, <strong>chocolat<\/strong>. D\u2019autres recettes sont en cours d\u2019\u00e9laboration.<\/p>\n<p>Disponible sur commande<\/p>\n<p class=\" wall-content\">Chaque saison donnera lieu \u00e0 une<strong> nouvelle gamme de parfums<\/strong>, en fonction des r\u00e9coltes disponibles.<\/p>\n<p class=\" wall-content\">SweetCan fonctionne actuellement sur <strong>commande<\/strong> via leur site en ligne. Les clients peuvent soit <strong>retirer leur dessert \u00e0 Strasbourg<\/strong>, soit <strong>se faire livrer dans l\u2019agglom\u00e9ration<\/strong>, avec un d\u00e9lai d\u2019un jour.<\/p>\n<p class=\" wall-content\">Suivez toute l\u2019actualit\u00e9 de vos villes et m\u00e9dias favoris en vous inscrivant \u00e0 <a href=\"https:\/\/moncompte.actu.fr\" title=\"D\u00e9couvez Mon Actu\" rel=\"nofollow noopener\" data-trk=\"{&quot;cta&quot;:{&quot;action&quot;:&quot;https:\\\/\\\/moncompte.actu.fr&quot;,&quot;category&quot;:&quot;mon compte&quot;,&quot;from&quot;:&quot;article footer&quot;,&quot;name&quot;:&quot;Mon actu&quot;,&quot;type&quot;:&quot;cta&quot;}}\" target=\"_blank\">Mon Actu<\/a>.<\/p>\n","protected":false},"excerpt":{"rendered":"Par Ivan CAPECCHI Publi\u00e9 le 31 juil. 2025 \u00e0 12h37 Depuis d\u00e9but juillet, une jeune entreprise strasbourgeoise propose&hellip;\n","protected":false},"author":2,"featured_media":286511,"comment_status":"","ping_status":"","sticky":false,"template":"","format":"standard","meta":{"footnotes":""},"categories":[2820],"tags":[1111,11,1777,674,1011,27,775,1757,12,25,640],"class_list":{"0":"post-286510","1":"post","2":"type-post","3":"status-publish","4":"format-standard","5":"has-post-thumbnail","7":"category-strasbourg","8":"tag-actu","9":"tag-actualites","10":"tag-eu","11":"tag-europe","12":"tag-fr","13":"tag-france","14":"tag-grand-est","15":"tag-insolite","16":"tag-news","17":"tag-republique-francaise","18":"tag-strasbourg"},"share_on_mastodon":{"url":"https:\/\/pubeurope.com\/@fr\/114947461307276726","error":""},"_links":{"self":[{"href":"https:\/\/www.europesays.com\/fr\/wp-json\/wp\/v2\/posts\/286510","targetHints":{"allow":["GET"]}}],"collection":[{"href":"https:\/\/www.europesays.com\/fr\/wp-json\/wp\/v2\/posts"}],"about":[{"href":"https:\/\/www.europesays.com\/fr\/wp-json\/wp\/v2\/types\/post"}],"author":[{"embeddable":true,"href":"https:\/\/www.europesays.com\/fr\/wp-json\/wp\/v2\/users\/2"}],"replies":[{"embeddable":true,"href":"https:\/\/www.europesays.com\/fr\/wp-json\/wp\/v2\/comments?post=286510"}],"version-history":[{"count":0,"href":"https:\/\/www.europesays.com\/fr\/wp-json\/wp\/v2\/posts\/286510\/revisions"}],"wp:featuredmedia":[{"embeddable":true,"href":"https:\/\/www.europesays.com\/fr\/wp-json\/wp\/v2\/media\/286511"}],"wp:attachment":[{"href":"https:\/\/www.europesays.com\/fr\/wp-json\/wp\/v2\/media?parent=286510"}],"wp:term":[{"taxonomy":"category","embeddable":true,"href":"https:\/\/www.europesays.com\/fr\/wp-json\/wp\/v2\/categories?post=286510"},{"taxonomy":"post_tag","embeddable":true,"href":"https:\/\/www.europesays.com\/fr\/wp-json\/wp\/v2\/tags?post=286510"}],"curies":[{"name":"wp","href":"https:\/\/api.w.org\/{rel}","templated":true}]}}