{"id":286515,"date":"2025-07-31T10:52:12","date_gmt":"2025-07-31T10:52:12","guid":{"rendered":"https:\/\/www.europesays.com\/fr\/286515\/"},"modified":"2025-07-31T10:52:12","modified_gmt":"2025-07-31T10:52:12","slug":"des-familles-roms-obtiennent-un-accord-tacite-de-non-expulsion-de-leur-bidonville","status":"publish","type":"post","link":"https:\/\/www.europesays.com\/fr\/286515\/","title":{"rendered":"des familles roms obtiennent un accord tacite de non-expulsion de leur bidonville"},"content":{"rendered":"<p>La mairie de Nantes a rappel\u00e9 qu\u2019elle \u00abtravaille \u00e0 la recherche de solutions pour les occupants\u00bb des camps illicites install\u00e9s en p\u00e9riph\u00e9rie de l\u2019agglom\u00e9ration. Tout en rappelant agir avec le double souci d\u2019humanit\u00e9 et de fermet\u00e9.<\/p>\n<p class=\"fig-paragraph\">Comme un bouclier sous l\u2019\u00e9p\u00e9e de Damocl\u00e8s. Lundi 28 juillet, une trentaine\u00a0<a href=\"http:\/\/www.lefigaro.fr\/flash-actu\/les-roms-vivent-10-ans-de-moins-que-les-autres-europeens-explique-une-etude-20200923\" target=\"_blank\" data-fig-type=\"NewsFlash\" rel=\"noopener\" data-gtm-custom-categorie=\"navigation\" data-gtm-custom-action=\"crossclick\" data-gtm-custom-label=\"Contextuel\" data-gtm-event=\"customEventSPE\" data-fig-domain=\"LEFIGARO\">de Roms<\/a>\u00a0d\u2019un bidonville de Doulon-Gohards, dans la p\u00e9riph\u00e9rie orientale\u00a0<a href=\"https:\/\/www.lefigaro.fr\/nantes\" target=\"_blank\" data-fig-type=\"Section\" rel=\"sponsored noopener\" data-gtm-custom-categorie=\"navigation\" data-gtm-custom-action=\"crossclick\" data-gtm-custom-label=\"Contextuel\" data-gtm-event=\"customEventSPE\" data-fig-domain=\"LEFIGARO\">de Nantes<\/a>\u00a0(Loire-Atlantique), se sont rassembl\u00e9s devant la mairie de la sixi\u00e8me ville de France pour demander la non-application d\u2019une ordonnance de r\u00e9f\u00e9r\u00e9 d\u2019expulsion. Rendue la semaine derni\u00e8re par le tribunal judiciaire de Nantes, la d\u00e9cision mena\u00e7ait une premi\u00e8re famille de cette installation illicite d\u2019une expulsion imminente, sans la moindre solution de relogement. Soit un manquement aux engagements pris par la collectivit\u00e9, ont alert\u00e9 les acteurs associatifs \u00e9galement pr\u00e9sents lundi devant l\u2019h\u00f4tel de ville.<\/p>\n<p class=\"fig-paragraph\">\u00abLes habitants ont \u00e9t\u00e9 pris de panique, indique Philippe Barbo, de l\u2019association Roata, engag\u00e9 depuis plus de dix ans aux c\u00f4t\u00e9s des familles roms de l\u2019agglom\u00e9ration nantaise. Nous avions un accord verbal de la mairie, propri\u00e9taire du terrain o\u00f9 se trouve le bidonville concern\u00e9, d\u00e9nomm\u00e9 Moulin des marais 2. Une soixantaine de personnes y habitent. Tous travaillent, dans l\u2019agriculture, l\u2019aide \u00e0 la personne et la livraison, et leurs enfants sont scolaris\u00e9s\u00bb. L\u2019inqui\u00e9tude a finalement \u00e9t\u00e9 de courte dur\u00e9e. Re\u00e7us par un \u00e9lu de permanence et une membre du cabinet de la maire socialiste de Nantes,\u00a0<a href=\"http:\/\/www.lefigaro.fr\/vox\/societe\/explosion-de-l-insecurite-ecologie-punitive-johanna-rolland-est-a-nantes-ce-qu-anne-hidalgo-est-a-paris-20240327\" target=\"_blank\" data-fig-type=\"Article\" rel=\"noopener\" data-gtm-custom-categorie=\"navigation\" data-gtm-custom-action=\"crossclick\" data-gtm-custom-label=\"Contextuel\" data-gtm-event=\"customEventSPE\" data-fig-domain=\"LEFIGARO\">Johanna Rolland<\/a>, les repr\u00e9sentants des habitants ont \u00e9t\u00e9 assur\u00e9s, par un accord tacite, que la collectivit\u00e9 ne sollicitera pas le concours de la force publique dans le bidonville concern\u00e9 sans solution de relogement.<\/p>\n<p>                                    <a class=\"fig-a11y-skip a11y-hidden\" href=\"#fig-a11y-skip-main-inarticle\"><br \/>\n        Passer la publicit\u00e9<br \/>\n    <\/a><\/p>\n<p>Acc\u00e8s aux droits et respect du droit<\/p>\n<p class=\"fig-paragraph\">\u00ab\u00c7a a \u00e9t\u00e9 un peu tendu, mais nous avons eu la garantie souhait\u00e9e. Reste \u00e0 acc\u00e9l\u00e9rer l\u2019\u00e9mergence des solutions promises\u00bb, note Philippe Barbo. Sollicit\u00e9e par Le Figaro, la m\u00e9tropole confirme chercher \u00e0 \u00ablib\u00e9rer\u00bb le bidonville du moulin des marais pour mettre en \u0153uvre les compensations environnementales li\u00e9es au projet de la zone d\u2019am\u00e9nagement concert\u00e9e (ZAC) de Doulon-Gohards. \u00abComme \u00e0 chaque fois, la Ville travaille \u00e0 la recherche de solutions pour les occupants\u00bb, affirme un porte-parole, avant d\u2019ajouter que la collectivit\u00e9 a pour objectif \u00abla disparition \u00e0 terme de ces lieux de vie indignes en r\u00e9pondant aux situations des personnes, avec le double souci d\u2019humanit\u00e9 &#8211; acc\u00e8s aux droits &#8211; et de fermet\u00e9 &#8211; respect du droit\u00bb.<\/p>\n<p class=\"fig-body-link\">\n            \u00c0 lire aussi<br \/>\n        <a class=\"fig-body-link__link\" href=\"http:\/\/www.lefigaro.fr\/nantes\/nantes-un-jeune-arrete-par-le-gign-apres-avoir-annonce-vouloir-faire-une-tuerie-de-masse-20250730\" target=\"_blank\" data-fig-type=\"NewsFlash\" rel=\"noopener\" data-gtm-custom-categorie=\"navigation\" data-gtm-custom-action=\"crossclick\" data-gtm-custom-label=\"Contextuel\" data-gtm-event=\"customEventSPE\" data-fig-domain=\"LEFIGARO\">Nantes\u00a0: un jeune arr\u00eat\u00e9 par le GIGN apr\u00e8s avoir annonc\u00e9 vouloir faire une tuerie de masse<br \/>\n    <\/a>\n<\/p>\n<p class=\"fig-paragraph\">Six bidonvilles regroupant environ 350 habitants occupent depuis pr\u00e8s d\u2019une quinzaine d\u2019ann\u00e9es le secteur de Doulon-Gohards. Nantes-M\u00e9tropole envisage\u00a0<a href=\"http:\/\/www.lefigaro.fr\/nantes\/nantes-un-collectif-denonce-l-ecologie-de-vitrine-d-un-ambitieux-projet-d-ecoquartier-20250408\" target=\"_blank\" data-fig-type=\"NewsFlash\" rel=\"noopener\" data-gtm-custom-categorie=\"navigation\" data-gtm-custom-action=\"crossclick\" data-gtm-custom-label=\"Contextuel\" data-gtm-event=\"customEventSPE\" data-fig-domain=\"LEFIGARO\">de transformer en \u00e9co-quartier<\/a>\u00a0cette large zone, encore partiellement naturelle et agricole, avec la construction de 2700 logements. Apr\u00e8s plusieurs mois de retards, les premiers travaux de la ZAC ont commenc\u00e9 cet \u00e9t\u00e9. Le plan de r\u00e9sorption des bidonvilles de ce secteur pr\u00e9voit l\u2019am\u00e9nagement de deux terrains d\u2019insertion et d\u2019un terrain de stabilisation.<\/p>\n<p class=\"fig-paragraph\">Quelque soixante camps irr\u00e9guliers entourent l\u2019agglom\u00e9ration nantaise.<a href=\"https:\/\/www.lefigaro.fr\/actualite-france\/main-d-oeuvre-debrouille-et-larcins-au-coeur-des-56-bidonvilles-du-pays-nantais-20230523\" target=\"_blank\" data-fig-type=\"Article\" rel=\"noopener\" data-gtm-custom-categorie=\"navigation\" data-gtm-custom-action=\"crossclick\" data-gtm-custom-label=\"Contextuel\" data-gtm-event=\"customEventSPE\" data-fig-domain=\"LEFIGARO\">\u00a0Le plus important bidonville de France m\u00e9tropolitaine<\/a>\u00a0se trouve \u00e9galement aux portes de la cit\u00e9 des ducs, sur le site dit de la Prairie de Mauves, qui concentre entre 700 et 1000 habitants. Un\u00a0<a href=\"http:\/\/www.lefigaro.fr\/nantes\/nantes-a-peine-entame-le-demantelement-d-un-des-plus-grands-bidonvilles-de-france-prend-du-retard-20241205\" target=\"_blank\" data-fig-type=\"NewsFlash\" rel=\"noopener\" data-gtm-custom-categorie=\"navigation\" data-gtm-custom-action=\"crossclick\" data-gtm-custom-label=\"Contextuel\" data-gtm-event=\"customEventSPE\" data-fig-domain=\"LEFIGARO\">projet de d\u00e9mant\u00e8lement<\/a>\u00a0chiffr\u00e9 \u00e0 80 millions d\u2019euros est en cours de pr\u00e9paration et devrait voir l\u2019\u00e9closion d\u2019ici 2031 d\u2019un \u00abp\u00f4le d\u2019\u00e9cologie urbaine\u00bb en lieu et place des habitats pr\u00e9caires.<\/p>\n","protected":false},"excerpt":{"rendered":"La mairie de Nantes a rappel\u00e9 qu\u2019elle \u00abtravaille \u00e0 la recherche de solutions pour les occupants\u00bb des camps&hellip;\n","protected":false},"author":2,"featured_media":286516,"comment_status":"","ping_status":"","sticky":false,"template":"","format":"standard","meta":{"footnotes":""},"categories":[2818],"tags":[1111,11,25056,1777,674,1011,27,766,12,2636,25,21088],"class_list":{"0":"post-286515","1":"post","2":"type-post","3":"status-publish","4":"format-standard","5":"has-post-thumbnail","7":"category-nantes","8":"tag-actu","9":"tag-actualites","10":"tag-bidonville","11":"tag-eu","12":"tag-europe","13":"tag-fr","14":"tag-france","15":"tag-nantes","16":"tag-news","17":"tag-pays-de-la-loire","18":"tag-republique-francaise","19":"tag-roms"},"share_on_mastodon":{"url":"https:\/\/pubeurope.com\/@fr\/114947472995314876","error":""},"_links":{"self":[{"href":"https:\/\/www.europesays.com\/fr\/wp-json\/wp\/v2\/posts\/286515","targetHints":{"allow":["GET"]}}],"collection":[{"href":"https:\/\/www.europesays.com\/fr\/wp-json\/wp\/v2\/posts"}],"about":[{"href":"https:\/\/www.europesays.com\/fr\/wp-json\/wp\/v2\/types\/post"}],"author":[{"embeddable":true,"href":"https:\/\/www.europesays.com\/fr\/wp-json\/wp\/v2\/users\/2"}],"replies":[{"embeddable":true,"href":"https:\/\/www.europesays.com\/fr\/wp-json\/wp\/v2\/comments?post=286515"}],"version-history":[{"count":0,"href":"https:\/\/www.europesays.com\/fr\/wp-json\/wp\/v2\/posts\/286515\/revisions"}],"wp:featuredmedia":[{"embeddable":true,"href":"https:\/\/www.europesays.com\/fr\/wp-json\/wp\/v2\/media\/286516"}],"wp:attachment":[{"href":"https:\/\/www.europesays.com\/fr\/wp-json\/wp\/v2\/media?parent=286515"}],"wp:term":[{"taxonomy":"category","embeddable":true,"href":"https:\/\/www.europesays.com\/fr\/wp-json\/wp\/v2\/categories?post=286515"},{"taxonomy":"post_tag","embeddable":true,"href":"https:\/\/www.europesays.com\/fr\/wp-json\/wp\/v2\/tags?post=286515"}],"curies":[{"name":"wp","href":"https:\/\/api.w.org\/{rel}","templated":true}]}}