{"id":286517,"date":"2025-07-31T10:53:19","date_gmt":"2025-07-31T10:53:19","guid":{"rendered":"https:\/\/www.europesays.com\/fr\/286517\/"},"modified":"2025-07-31T10:53:19","modified_gmt":"2025-07-31T10:53:19","slug":"un-homme-interpelle-a-nantes-apres-une-course-poursuite-demarree-a-rennes","status":"publish","type":"post","link":"https:\/\/www.europesays.com\/fr\/286517\/","title":{"rendered":"un homme interpell\u00e9 \u00e0 Nantes apr\u00e8s une course-poursuite d\u00e9marr\u00e9e \u00e0 Rennes"},"content":{"rendered":"<p>Mardi soir, un automobiliste a refus\u00e9 d\u2019obtemp\u00e9rer sur plus de 100 kilom\u00e8tres. Il a finalement pu \u00eatre ma\u00eetris\u00e9 dans la cit\u00e9 des Ducs, au terme d\u2019un p\u00e9riple marqu\u00e9 par de nombreuses infractions au code de la route.<\/p>\n<p class=\"fig-paragraph\">En moyenne,\u00a0<a href=\"http:\/\/www.lefigaro.fr\/actualite-france\/en-leger-repli-le-nombre-de-refus-d-obtemperer-reste-a-un-niveau-tres-eleve-20250501\" target=\"_blank\" data-fig-type=\"Article\" rel=\"noopener nofollow\" data-gtm-custom-categorie=\"navigation\" data-gtm-custom-action=\"crossclick\" data-gtm-custom-label=\"Contextuel\" data-gtm-event=\"customEventSPE\" data-fig-domain=\"LEFIGARO\">70 refus d\u2019obtemp\u00e9rer<\/a>\u00a0sont recens\u00e9s chaque jour en France. Si ce ph\u00e9nom\u00e8ne est devenu tristement courant, celui commis le 29 juillet par un automobiliste de 22 ans sort de l\u2019ordinaire. Comme communiqu\u00e9 par la police nationale de Loire-Atlantique sur X, un jeune homme a \u00e9t\u00e9 interpell\u00e9 mardi soir \u00e0\u00a0<a href=\"http:\/\/www.lefigaro.fr\/nantes\/gens-du-voyage-apres-avoir-menace-de-bloquer-le-pont-de-saint-nazaire-plus-de-200-caravanes-squattent-une-ville-voisine-20250728\" target=\"_blank\" data-fig-type=\"NewsFlash\" rel=\"noopener nofollow\" data-gtm-custom-categorie=\"navigation\" data-gtm-custom-action=\"crossclick\" data-gtm-custom-label=\"Contextuel\" data-gtm-event=\"customEventSPE\" data-fig-domain=\"LEFIGARO\">Nantes<\/a>, apr\u00e8s avoir \u00e9t\u00e9 pris en chasse par la BAC de Rennes.\u00a0La course-poursuite s\u2019est d\u00e9roul\u00e9e sur environ 100 kilom\u00e8tres.<\/p>\n<p class=\"fig-paragraph\">Apr\u00e8s avoir emprunt\u00e9 la RN 137, le conducteur est arriv\u00e9 dans la cit\u00e9 des Ducs. \u00abIl a circul\u00e9 dangereusement \u00e0 vive allure, et a commis plusieurs infractions au code de la route\u00bb, pr\u00e9cise au Figaro une source polici\u00e8re.<\/p>\n<p>                                    <a class=\"fig-a11y-skip a11y-hidden\" href=\"#fig-a11y-skip-main-inarticle\"><br \/>\n        Passer la publicit\u00e9<br \/>\n    <\/a><\/p>\n<p class=\"fig-paragraph\">Les policiers nantais se sont \u00e0 leur tour mis \u00e0 la poursuite du jeune homme. Un stop stick, dispositif visant \u00e0 crever les pneus, a \u00e9t\u00e9 jet\u00e9 sur son chemin. Finalement, le jeune homme a fini par d\u00e9c\u00e9l\u00e9rer puis est sorti de sa voiture pour prendre la fuite \u00e0 pied. Il a \u00e9t\u00e9 tout de suite rattrap\u00e9, \u00e0 proximit\u00e9 du quartier Malakoff, en milieu de soir\u00e9e. Une cartouche destin\u00e9e \u00e0 une arme a \u00e9t\u00e9 retrouv\u00e9e sur lui. Il a \u00e9t\u00e9 plac\u00e9 en garde \u00e0 vue au commissariat central de Nantes.<\/p>\n","protected":false},"excerpt":{"rendered":"Mardi soir, un automobiliste a refus\u00e9 d\u2019obtemp\u00e9rer sur plus de 100 kilom\u00e8tres. Il a finalement pu \u00eatre ma\u00eetris\u00e9&hellip;\n","protected":false},"author":2,"featured_media":286518,"comment_status":"","ping_status":"","sticky":false,"template":"","format":"standard","meta":{"footnotes":""},"categories":[2818],"tags":[1111,11,1777,674,1011,27,766,12,2636,2852,25],"class_list":{"0":"post-286517","1":"post","2":"type-post","3":"status-publish","4":"format-standard","5":"has-post-thumbnail","7":"category-nantes","8":"tag-actu","9":"tag-actualites","10":"tag-eu","11":"tag-europe","12":"tag-fr","13":"tag-france","14":"tag-nantes","15":"tag-news","16":"tag-pays-de-la-loire","17":"tag-refus-dobtemperer","18":"tag-republique-francaise"},"share_on_mastodon":{"url":"https:\/\/pubeurope.com\/@fr\/114947476961770734","error":""},"_links":{"self":[{"href":"https:\/\/www.europesays.com\/fr\/wp-json\/wp\/v2\/posts\/286517","targetHints":{"allow":["GET"]}}],"collection":[{"href":"https:\/\/www.europesays.com\/fr\/wp-json\/wp\/v2\/posts"}],"about":[{"href":"https:\/\/www.europesays.com\/fr\/wp-json\/wp\/v2\/types\/post"}],"author":[{"embeddable":true,"href":"https:\/\/www.europesays.com\/fr\/wp-json\/wp\/v2\/users\/2"}],"replies":[{"embeddable":true,"href":"https:\/\/www.europesays.com\/fr\/wp-json\/wp\/v2\/comments?post=286517"}],"version-history":[{"count":0,"href":"https:\/\/www.europesays.com\/fr\/wp-json\/wp\/v2\/posts\/286517\/revisions"}],"wp:featuredmedia":[{"embeddable":true,"href":"https:\/\/www.europesays.com\/fr\/wp-json\/wp\/v2\/media\/286518"}],"wp:attachment":[{"href":"https:\/\/www.europesays.com\/fr\/wp-json\/wp\/v2\/media?parent=286517"}],"wp:term":[{"taxonomy":"category","embeddable":true,"href":"https:\/\/www.europesays.com\/fr\/wp-json\/wp\/v2\/categories?post=286517"},{"taxonomy":"post_tag","embeddable":true,"href":"https:\/\/www.europesays.com\/fr\/wp-json\/wp\/v2\/tags?post=286517"}],"curies":[{"name":"wp","href":"https:\/\/api.w.org\/{rel}","templated":true}]}}