{"id":286521,"date":"2025-07-31T10:55:10","date_gmt":"2025-07-31T10:55:10","guid":{"rendered":"https:\/\/www.europesays.com\/fr\/286521\/"},"modified":"2025-07-31T10:55:10","modified_gmt":"2025-07-31T10:55:10","slug":"une-banderole-de-soutien-a-cecile-kholer-et-jacques-paris-otages-en-iran-depuis-2022-accrochee-sur-le-centre-jean-moulin","status":"publish","type":"post","link":"https:\/\/www.europesays.com\/fr\/286521\/","title":{"rendered":"une banderole de soutien \u00e0 C\u00e9cile Kholer et Jacques Paris, otages en Iran depuis 2022, accroch\u00e9e sur le centre Jean Moulin"},"content":{"rendered":"<p>Une manifestation de soutien au couple d\u2019otages fran\u00e7ais en Iran, C\u00e9cile Kholer et Jacques Paris, a \u00e9t\u00e9 organis\u00e9e sur la place Jean Moulin ce jeudi \u00e0 Bordeaux.<\/p>\n<p class=\"fig-paragraph\"><a href=\"http:\/\/www.lefigaro.fr\/bordeaux\/environnement-securite-endettement-quel-est-le-bilan-du-maire-ecologiste-pierre-hurmic-cinq-ans-apres-son-election-a-bordeaux-20250704\" data-fig-type=\"NewsFlash\" data-gtm-custom-categorie=\"navigation\" data-gtm-custom-action=\"crossclick\" data-gtm-custom-label=\"Contextuel\" data-gtm-event=\"customEventSPE\" data-fig-domain=\"LEFIGARO\" target=\"_blank\" rel=\"noopener\">Pierre Hurmic<\/a>, le maire \u00e9cologiste de Bordeaux, y tenait. Une banderole pour demander la lib\u00e9ration de C\u00e9cile Kholer et Jacques Paris a \u00e9t\u00e9 accroch\u00e9e sur le centre Jean Moulin, ce jeudi. Pour l\u2019\u00e9dile, cette affiche qui fait appara\u00eetre les visages de<a href=\"http:\/\/www.lefigaro.fr\/international\/sortez-les-de-la-ramenez-les-a-la-maison-la-fille-d-un-des-otages-francais-en-iran-brise-le-silence-20250627\" data-fig-type=\"NewsFlash\" data-gtm-custom-categorie=\"navigation\" data-gtm-custom-action=\"crossclick\" data-gtm-custom-label=\"Contextuel\" data-gtm-event=\"customEventSPE\" data-fig-domain=\"LEFIGARO\" target=\"_blank\" rel=\"noopener\">\u00a0ces deux otages d\u00e9tenus arbitrairement en Iran<\/a>\u00a0depuis trois ans, est un symbole. Les deux Fran\u00e7ais, accus\u00e9s \u00e0 tort selon leurs proches \u00abd\u2019espionnage pour le Mossad\u00bb et de \u00abcomplot pour renverser le r\u00e9gime\u00bb encourent la peine de mort. \u00abBordeaux est la ville du droit. Cette affiche repr\u00e9sente l\u2019engagement historique de la ville de Bordeaux et de ses intellectuels pour la justice, \u00e0 l\u2019image de Montaigne et de Montesquieu\u00bb, a d\u00e9clar\u00e9 l\u2019\u00e9lu.<\/p>\n<p class=\"fig-paragraph\">Pour \u00c9veline Salamero, porte-parole du Comit\u00e9 de lib\u00e9ration pour C\u00e9cile \u00e0 Paris, ce geste de la mairie de Bordeaux est capital. \u00abPlus leur cause sera visible, plus on augmente les chances de parvenir \u00e0 leur lib\u00e9ration\u00bb, estime la militante. Avant d\u2019ajouter\u00a0: \u00abIl faut garder espoir. Leurs familles sont tenaces et les manifestations se poursuivent.\u00bb<\/p>\n<p>                                    <a class=\"fig-a11y-skip a11y-hidden\" href=\"#fig-a11y-skip-main-inarticle\"><br \/>\n        Passer la publicit\u00e9<br \/>\n    <\/a><\/p>\n<p class=\"fig-paragraph\">Le barreau de Bordeaux, \u00e9galement pr\u00e9sent, a rappel\u00e9 par la voix de son b\u00e2tonnier, Me Caroline Laveissi\u00e8re que \u00abla situation de C\u00e9cile Kholer et Jacques Paris touche des valeurs fondamentales que nous nous devons de d\u00e9fendre\u00bb tels que le respect de la dignit\u00e9 humaine, de la libert\u00e9 d\u2019expression ou encore du droit \u00e0 un proc\u00e8s \u00e9quitable. Et Pierre Hurmic, le maire, de conclure en citant le philosophe Jacques Ellul\u00a0: \u00abExister, c\u2019est r\u00e9sister. Nous voulons que C\u00e9cile Kholer et Jacques Paris sachent que nous serons \u00e0 leurs c\u00f4t\u00e9s jusqu\u2019\u00e0 leur lib\u00e9ration. Cette banderole est aussi un soutien pour tous les ressortissants et intellectuels fran\u00e7ais otages dans le monde.\u00bb<\/p>\n","protected":false},"excerpt":{"rendered":"Une manifestation de soutien au couple d\u2019otages fran\u00e7ais en Iran, C\u00e9cile Kholer et Jacques Paris, a \u00e9t\u00e9 organis\u00e9e&hellip;\n","protected":false},"author":2,"featured_media":286522,"comment_status":"","ping_status":"","sticky":false,"template":"","format":"standard","meta":{"footnotes":""},"categories":[2817],"tags":[1111,11,1997,1777,674,1011,27,7372,12,2219,19141,25],"class_list":{"0":"post-286521","1":"post","2":"type-post","3":"status-publish","4":"format-standard","5":"has-post-thumbnail","7":"category-bordeaux","8":"tag-actu","9":"tag-actualites","10":"tag-bordeaux","11":"tag-eu","12":"tag-europe","13":"tag-fr","14":"tag-france","15":"tag-mairie-de-bordeaux","16":"tag-news","17":"tag-nouvelle-aquitaine","18":"tag-otages","19":"tag-republique-francaise"},"share_on_mastodon":{"url":"https:\/\/pubeurope.com\/@fr\/114947484872021238","error":""},"_links":{"self":[{"href":"https:\/\/www.europesays.com\/fr\/wp-json\/wp\/v2\/posts\/286521","targetHints":{"allow":["GET"]}}],"collection":[{"href":"https:\/\/www.europesays.com\/fr\/wp-json\/wp\/v2\/posts"}],"about":[{"href":"https:\/\/www.europesays.com\/fr\/wp-json\/wp\/v2\/types\/post"}],"author":[{"embeddable":true,"href":"https:\/\/www.europesays.com\/fr\/wp-json\/wp\/v2\/users\/2"}],"replies":[{"embeddable":true,"href":"https:\/\/www.europesays.com\/fr\/wp-json\/wp\/v2\/comments?post=286521"}],"version-history":[{"count":0,"href":"https:\/\/www.europesays.com\/fr\/wp-json\/wp\/v2\/posts\/286521\/revisions"}],"wp:featuredmedia":[{"embeddable":true,"href":"https:\/\/www.europesays.com\/fr\/wp-json\/wp\/v2\/media\/286522"}],"wp:attachment":[{"href":"https:\/\/www.europesays.com\/fr\/wp-json\/wp\/v2\/media?parent=286521"}],"wp:term":[{"taxonomy":"category","embeddable":true,"href":"https:\/\/www.europesays.com\/fr\/wp-json\/wp\/v2\/categories?post=286521"},{"taxonomy":"post_tag","embeddable":true,"href":"https:\/\/www.europesays.com\/fr\/wp-json\/wp\/v2\/tags?post=286521"}],"curies":[{"name":"wp","href":"https:\/\/api.w.org\/{rel}","templated":true}]}}