{"id":286551,"date":"2025-07-31T11:13:09","date_gmt":"2025-07-31T11:13:09","guid":{"rendered":"https:\/\/www.europesays.com\/fr\/286551\/"},"modified":"2025-07-31T11:13:09","modified_gmt":"2025-07-31T11:13:09","slug":"reconnaissance-de-la-palestine-par-le-canada-israel-condamne-et-les-etats-unis-menacent","status":"publish","type":"post","link":"https:\/\/www.europesays.com\/fr\/286551\/","title":{"rendered":"Reconnaissance de la Palestine par le Canada\u00a0: Isra\u00ebl condamne et les \u00c9tats-Unis menacent"},"content":{"rendered":"<p>Troisi\u00e8me membre du G7 \u00e0 annoncer son intention de <a href=\"https:\/\/www.humanite.fr\/monde\/cour-internationale-de-justice\/reconnaitre-letat-de-palestine-une-necessite-historique\" target=\"_blank\" rel=\"noopener\">reconna\u00eetre l\u2019\u00c9tat de Palestine<\/a> en septembre, le Canada s\u2019attire les foudres d\u2019Isra\u00ebl et des \u00c9tats-Unis.<a href=\"https:\/\/www.humanite.fr\/monde\/armee-israelienne\/genocide-a-gaza-pendant-que-donald-trump-fait-miroiter-un-cessez-le-feu-israel-continue-de-massacrer-sans-repit\" target=\"_blank\" rel=\"noopener\"> Donald Trump <\/a>a imm\u00e9diatement critiqu\u00e9 la d\u00e9cision du <a href=\"https:\/\/www.humanite.fr\/monde\/canada\/qui-est-mark-carney-le-nouveau-premier-ministre-du-canada-issu-du-centre-mais-qui-penche-a-droite\" target=\"_blank\" rel=\"noopener\">premier ministre Mark Carney<\/a>\u2026 et averti qu\u2019elle compliquerait les n\u00e9gociations avec Ottawa au sujet des droits de douane. \u00ab\u00a0Wow\u00a0! Le Canada vient d\u2019annoncer qu\u2019il <a href=\"https:\/\/www.humanite.fr\/monde\/cisjordanie\/palestine-le-parlement-israelien-enterre-la-solution-a-deux-etats\" target=\"_blank\" rel=\"noopener\">soutient un \u00c9tat palestinien<\/a>, a-t-il ainsi lanc\u00e9 sur son r\u00e9seau Truth Social. Cela va devenir tr\u00e8s difficile pour nous de conclure un accord commercial avec eux. O Canada\u00a0!!!\u00a0\u00bb<\/p>\n<p>L\u2019ambassade d\u2019Isra\u00ebl \u00e0 Ottawa a quant \u00e0 elle d\u00e9cri\u00e9 une \u00ab\u00a0campagne de pression internationale d\u00e9form\u00e9e\u00a0\u00bb, venant \u00ab\u00a0durcir la position du Hamas \u00e0 la table des n\u00e9gociations \u00e0 un moment critique\u00a0\u00bb. Le minist\u00e8re isra\u00e9lien des Affaires \u00e9trang\u00e8res a enfin fustig\u00e9, dans une publication sur X, le changement de position du gouvernement canadien, qui \u00ab\u00a0r\u00e9compense le Hamas et nuit aux efforts visant \u00e0 obtenir un cessez-le-feu \u00e0 Gaza et un cadre pour la lib\u00e9ration des otages\u00a0\u00bb. La man\u0153uvre para\u00eet claire\u00a0: <a href=\"https:\/\/www.humanite.fr\/monde\/administration-trump\/ladministration-trump-injecte-30-millions-de-dollars-dans-la-fondation-humanitaire-pour-gaza-une-organisation-sous-la-coupe-de-larmee-israelienne\" target=\"_blank\" rel=\"noopener\">Washington et Tel-Aviv<\/a> tentent, par la menace et les accusations, de pousser le Canada \u00e0 revenir sur sa d\u00e9cision.<\/p>\n<p> \u00ab\u00a0Relancer une perspective de paix dans la r\u00e9gion\u00a0\u00bb<\/p>\n<p>L\u2019annonce de Mark Carney a \u00e9t\u00e9 r\u00e9alis\u00e9e lors d\u2019une conf\u00e9rence de presse, mercredi 30\u00a0juillet. Ottawa affiche ainsi son intention de s\u2019inscrire dans la lign\u00e9e de la France et du <a href=\"https:\/\/www.humanite.fr\/monde\/keir-starmer\/reconnaissance-de-letat-de-palestine-a-la-conference-de-lonu-la-france-echoue-a-rallier-la-grande-bretagne\" target=\"_blank\" rel=\"noopener\">Royaume-Uni<\/a>, ce qui ferait des trois puissances occidentales les 149e, 150e et 151e pays \u00e0 reconna\u00eetre l\u2019\u00c9tat de Palestine. L\u2019\u00c9lys\u00e9e a salu\u00e9 l\u2019annonce du premier ministre canadien et s\u2019est r\u00e9joui \u00ab\u00a0de <a href=\"https:\/\/www.humanite.fr\/monde\/emmanuel-macron\/emmanuel-macron-annonce-que-la-france-va-reconnaitre-un-etat-de-palestine\" target=\"_blank\" rel=\"noopener\">pouvoir travailler de concert<\/a> avec le Canada pour relancer une perspective de paix dans la r\u00e9gion\u00a0\u00bb, pr\u00e9cisant qu\u2019Emmanuel Macron s\u2019est entretenu avec Mark Carney \u00ab\u00a0un peu plus t\u00f4t dans la journ\u00e9e\u00a0\u00bb \u00e0 ce sujet.<\/p>\n<p>\u00ab\u00a0La mobilisation paye\u00a0\u00bb, s\u2019est r\u00e9jouie <a href=\"https:\/\/www.humanite.fr\/monde\/europe\/europe-un-pas-en-avant-sur-gaza-entretien-avec-rima-hassan\" target=\"_blank\" rel=\"noopener\">la d\u00e9put\u00e9e europ\u00e9enne Rima Hassan<\/a>. La juriste franco-palestinienne met l\u2019accent sur la pression de plus en plus pressante contre Tel-Aviv, alors que <a href=\"https:\/\/www.humanite.fr\/monde\/bande-de-gaza\/reconnaissance-de-la-palestine-cet-appel-de-new-york-dune-quinzaine-de-pays-qui-peut-changer-la-donne\" target=\"_blank\" rel=\"noopener\">quinze \u00c9tats occidentaux<\/a> \u2013 France, Canada, Espagne, Portugal, Australie, Andorre, Finlande, Islande, Nouvelle-Z\u00e9lande, Norv\u00e8ge, Irlande, Luxembourg, Malte, Saint-Marin, Slov\u00e9nie \u2013 appellent \u00e0 la reconnaissance de la Palestine.<\/p>\n<p>Ce choix, qui doit \u00eatre ent\u00e9rin\u00e9\u00a0lors de la 80e session de<a href=\"https:\/\/www.humanite.fr\/monde\/antonio-guterres\/le-secretaire-general-de-lonu-reclame-un-cessez-le-feu-immediat-a-gaza\" target=\"_blank\" rel=\"noopener\"> l\u2019Assembl\u00e9e g\u00e9n\u00e9rale des Nations unies (ONU)<\/a>, en septembre 2025, appara\u00eet donc autant comme le symbole d\u2019un changement de ligne \u2013 en r\u00e9action au g\u00e9nocide en cours dans la bande de Gaza \u2013 qu\u2019\u00e0 celui d\u2019une longue indulgence <a href=\"https:\/\/www.humanite.fr\/monde\/canada\/g7-au-canada-les-grandes-puissances-entre-soutien-a-lukraine-et-mutisme-sur-la-guerre-a-gaza\" target=\"_blank\" rel=\"noopener\">ayant pr\u00e9par\u00e9 le terrain \u00e0 la politique meurtri\u00e8re<\/a> de Tel-Aviv. Mark Carney a justifi\u00e9 le choix de son gouvernement par \u00ab\u00a0le niveau de souffrance humaine intol\u00e9rable\u00a0\u00bb au sein de l\u2019enclave palestinienne, tout en rappelant le soutien \u00ab\u00a0de longue date\u00a0\u00bb du Canada en faveur d\u2019une solution \u00e0 deux \u00c9tats.<\/p>\n<p>\u00ab\u00a0Un moment historique critique\u00a0\u00bb<\/p>\n<p>Or, \u00ab\u00a0cette possibilit\u00e9 s\u2019\u00e9rode sous nos yeux\u00a0\u00bb, a fustig\u00e9 l\u2019\u00e9lu lib\u00e9ral, alors que le peuple palestinien est victime d\u2019un g\u00e9nocide et que leurs rares territoires non colonis\u00e9s sont ras\u00e9s par les bombes et les bulldozers. Sa prise de position s\u2019inscrit donc dans le <a href=\"https:\/\/www.humanite.fr\/monde\/armee-israelienne\/mdba-le-fabricant-de-missiles-francais-continue-de-vendre-des-pieces-a-israel-pour-bombarder-gaza\" target=\"_blank\" rel=\"noopener\">retournement de veste des puissances occidentales<\/a> face aux massacres \u00e0 r\u00e9p\u00e9tition des 2,4\u00a0millions de Palestiniens assi\u00e9g\u00e9s \u00e0 Gaza, la <a href=\"https:\/\/www.humanite.fr\/monde\/armee-israelienne\/la-grenade-a-atteint-cette-femme-a-la-tete-un-ancien-employe-de-la-fondation-humanitaire-pour-gaza-confirme-les-crimes-de-guerre-de-son-employeur\" target=\"_blank\" rel=\"noopener\">transformation de l\u2019enclave en un ghetto frapp\u00e9 par la famine<\/a> et le harc\u00e8lement quotidien des Cisjordaniens.<\/p>\n<p>Mark Carney a ainsi critiqu\u00e9 \u00ab\u00a0l\u2019incapacit\u00e9 persistante\u00a0\u00bb d\u2019Isra\u00ebl \u00e0 emp\u00eacher une catastrophe humanitaire \u00e0 Gaza, ainsi que l\u2019expansion des colonies en Cisjordanie occup\u00e9e et \u00e0 J\u00e9rusalem-Est annex\u00e9e par Isra\u00ebl \u2013 consid\u00e9r\u00e9es comme ill\u00e9gales au regard du droit international. Le premier ministre a n\u00e9anmoins estim\u00e9 qu\u2019un \u00ab\u00a0processus de paix fond\u00e9 sur un accord n\u00e9goci\u00e9 entre le gouvernement isra\u00e9lien et <a href=\"https:\/\/www.humanite.fr\/monde\/autorite-palestinienne\/la-ligue-arabe-adopte-le-plan-egyptien-pour-reconstruire-gaza-en-opposition-a-trump-et-netanyahou\" target=\"_blank\" rel=\"noopener\">l\u2019Autorit\u00e9 palestinienne<\/a> n\u2019est plus tenable\u00a0\u00bb. La cause, selon lui\u00a0: le \u00ab\u00a0terrorisme du Hamas\u00a0\u00bb et \u00ab\u00a0le rejet violent et de longue date par le groupe du droit d\u2019Isra\u00ebl \u00e0 exister\u00a0\u00bb.<\/p>\n<p>L\u2019intention du Canada se base aussi \u00ab\u00a0sur la volont\u00e9 de l\u2019Autorit\u00e9 palestinienne de mener des r\u00e9formes essentielles\u00a0\u00bb, a annonc\u00e9 le premier ministre, citant l\u2019engagement pris par le pr\u00e9sident Mahmoud Abbas d\u2019organiser des \u00e9lections g\u00e9n\u00e9rales en 2026 et de ne pas militariser l\u2019\u00c9tat palestinien. Le chef de l\u2019Autorit\u00e9 palestinienne lui a bien rendu en saluant, mercredi 30\u00a0juillet, la d\u00e9cision \u00ab\u00a0courageuse\u00a0\u00bb du Canada, qui \u00ab\u00a0intervient \u00e0 un <a href=\"https:\/\/www.humanite.fr\/en-debat\/amos-oz\/refusez-de-servir-lhistorienne-israelienne-fania-oz-exhorte-les-soldats-de-son-pays-a-ne-pas-participer-a-la-guerre-a-gaza\" target=\"_blank\" rel=\"noopener\">moment historique critique<\/a> pour sauver la solution \u00e0 deux \u00c9tats\u00a0\u00bb.<\/p>\n<p>Pour une information libre sur la Palestine<\/p>\n<p>Nous avons \u00e9t\u00e9 l\u2019un des premiers m\u00e9dias fran\u00e7ais \u00e0 d\u00e9fendre le droit des Palestiniens \u00e0 disposer d\u2019un \u00c9tat viable dans le respect des r\u00e9solutions de l\u2019ONU. Et nous avons inlassablement d\u00e9fendu la paix au Proche-Orient. Aidez-nous \u00e0 continuer de vous informer sur ce qui se passe l\u00e0-bas. Gr\u00e2ce \u00e0 vos dons.<br \/><a href=\"https:\/\/www.humanite.fr\/lhumanite-cest-vous\" data-type=\"link\" data-id=\"https:\/\/www.humanite.fr\/lhumanite-cest-vous\" target=\"_blank\" rel=\"noopener\">Je veux en savoir plus\u00a0!<\/a><\/p>\n","protected":false},"excerpt":{"rendered":"Troisi\u00e8me membre du G7 \u00e0 annoncer son intention de reconna\u00eetre l\u2019\u00c9tat de Palestine en septembre, le Canada s\u2019attire&hellip;\n","protected":false},"author":2,"featured_media":286552,"comment_status":"","ping_status":"","sticky":false,"template":"","format":"standard","meta":{"footnotes":""},"categories":[1589],"tags":[11,574,75,73,1866,27,19082,15130,16785,12,38090,770,1864,1865,1863,308],"class_list":{"0":"post-286551","1":"post","2":"type-post","3":"status-publish","4":"format-standard","5":"has-post-thumbnail","7":"category-etats-unis","8":"tag-actualites","9":"tag-canada","10":"tag-donald-trump","11":"tag-etats-unis","12":"tag-etats-unis-damerique","13":"tag-france","14":"tag-gu00e9nocide","15":"tag-guerre-u00e0-gaza","16":"tag-israu00ebl","17":"tag-news","18":"tag-u00e9tat-de-palestine","19":"tag-u00e9tats-unis","20":"tag-united-states","21":"tag-united-states-of-america","22":"tag-us","23":"tag-usa"},"share_on_mastodon":{"url":"https:\/\/pubeurope.com\/@fr\/114947555506765519","error":""},"_links":{"self":[{"href":"https:\/\/www.europesays.com\/fr\/wp-json\/wp\/v2\/posts\/286551","targetHints":{"allow":["GET"]}}],"collection":[{"href":"https:\/\/www.europesays.com\/fr\/wp-json\/wp\/v2\/posts"}],"about":[{"href":"https:\/\/www.europesays.com\/fr\/wp-json\/wp\/v2\/types\/post"}],"author":[{"embeddable":true,"href":"https:\/\/www.europesays.com\/fr\/wp-json\/wp\/v2\/users\/2"}],"replies":[{"embeddable":true,"href":"https:\/\/www.europesays.com\/fr\/wp-json\/wp\/v2\/comments?post=286551"}],"version-history":[{"count":0,"href":"https:\/\/www.europesays.com\/fr\/wp-json\/wp\/v2\/posts\/286551\/revisions"}],"wp:featuredmedia":[{"embeddable":true,"href":"https:\/\/www.europesays.com\/fr\/wp-json\/wp\/v2\/media\/286552"}],"wp:attachment":[{"href":"https:\/\/www.europesays.com\/fr\/wp-json\/wp\/v2\/media?parent=286551"}],"wp:term":[{"taxonomy":"category","embeddable":true,"href":"https:\/\/www.europesays.com\/fr\/wp-json\/wp\/v2\/categories?post=286551"},{"taxonomy":"post_tag","embeddable":true,"href":"https:\/\/www.europesays.com\/fr\/wp-json\/wp\/v2\/tags?post=286551"}],"curies":[{"name":"wp","href":"https:\/\/api.w.org\/{rel}","templated":true}]}}