{"id":286561,"date":"2025-07-31T11:18:10","date_gmt":"2025-07-31T11:18:10","guid":{"rendered":"https:\/\/www.europesays.com\/fr\/286561\/"},"modified":"2025-07-31T11:18:10","modified_gmt":"2025-07-31T11:18:10","slug":"une-assistante-decole-maternelle-ecrouee-pour-viols-et-agressions-sexuelles-sur-9-enfants","status":"publish","type":"post","link":"https:\/\/www.europesays.com\/fr\/286561\/","title":{"rendered":"une assistante d\u2019\u00e9cole maternelle \u00e9crou\u00e9e pour viols et agressions sexuelles sur 9 enfants"},"content":{"rendered":"<p>La femme, \u00e2g\u00e9e de 59 ans, \u00e9tait employ\u00e9e comme agent territorial (Atsem) dans une \u00e9cole maternelle de Vic-La-Gardiole depuis le 1er octobre 2024, pr\u00e9cise le magistrat dans un communiqu\u00e9.<\/p>\n<p class=\"fig-paragraph\">Une assistante d\u2019\u00e9cole maternelle a \u00e9t\u00e9 \u00e9crou\u00e9e pour viols et agressions sexuelles sur 9 enfants dans l\u2019<a href=\"https:\/\/www.lefigaro.fr\/tag\/herault\" target=\"_blank\" rel=\"nofollow noopener\" data-gtm-custom-categorie=\"navigation\" data-gtm-custom-action=\"crossclick\" data-gtm-custom-label=\"Contextuel\" data-gtm-event=\"customEventSPE\">H\u00e9rault<\/a>, a-t-on appris du parquet jeudi 31 juillet. \u00abLes faits vis\u00e9s concernent des actes de p\u00e9n\u00e9tration digitale et de masturbation susceptibles d\u2019avoir \u00e9t\u00e9 commis sur de jeunes enfants, entre le 1er octobre 2024 et le 2 juillet 2025 \u00e0 Vic-la-Gardiole, par un agent territorial sp\u00e9cialis\u00e9 des \u00e9coles maternelles (ATSEM) dans l\u2019exercice de ses fonctions\u00bb, a pr\u00e9cis\u00e9 le parquet de Montpellier \u00e0 nos confr\u00e8res du Midi Libre.<\/p>\n<p class=\"fig-paragraph\">La femme, \u00e2g\u00e9e de 59 ans, \u00e9tait employ\u00e9e comme agent territorial (Atsem) dans une \u00e9cole maternelle de Vic-La-Gardiole depuis le 1er octobre 2024, pr\u00e9cise le magistrat dans un communiqu\u00e9.<\/p>\n<p>                                    <a class=\"fig-a11y-skip a11y-hidden\" href=\"#fig-a11y-skip-main-inarticle\"><br \/>\n        Passer la publicit\u00e9<br \/>\n    <\/a><\/p>\n<p class=\"fig-paragraph\">Plus d\u2019informations \u00e0 venir&#8230;<\/p>\n","protected":false},"excerpt":{"rendered":"La femme, \u00e2g\u00e9e de 59 ans, \u00e9tait employ\u00e9e comme agent territorial (Atsem) dans une \u00e9cole maternelle de Vic-La-Gardiole&hellip;\n","protected":false},"author":2,"featured_media":286562,"comment_status":"","ping_status":"","sticky":false,"template":"","format":"standard","meta":{"footnotes":""},"categories":[2],"tags":[11,6688,1011,27,7089,303,12,25],"class_list":{"0":"post-286561","1":"post","2":"type-post","3":"status-publish","4":"format-standard","5":"has-post-thumbnail","7":"category-actualites","8":"tag-actualites","9":"tag-ecole-maternelle","10":"tag-fr","11":"tag-france","12":"tag-herault","13":"tag-justice","14":"tag-news","15":"tag-republique-francaise"},"share_on_mastodon":{"url":"https:\/\/pubeurope.com\/@fr\/114947575187031335","error":""},"_links":{"self":[{"href":"https:\/\/www.europesays.com\/fr\/wp-json\/wp\/v2\/posts\/286561","targetHints":{"allow":["GET"]}}],"collection":[{"href":"https:\/\/www.europesays.com\/fr\/wp-json\/wp\/v2\/posts"}],"about":[{"href":"https:\/\/www.europesays.com\/fr\/wp-json\/wp\/v2\/types\/post"}],"author":[{"embeddable":true,"href":"https:\/\/www.europesays.com\/fr\/wp-json\/wp\/v2\/users\/2"}],"replies":[{"embeddable":true,"href":"https:\/\/www.europesays.com\/fr\/wp-json\/wp\/v2\/comments?post=286561"}],"version-history":[{"count":0,"href":"https:\/\/www.europesays.com\/fr\/wp-json\/wp\/v2\/posts\/286561\/revisions"}],"wp:featuredmedia":[{"embeddable":true,"href":"https:\/\/www.europesays.com\/fr\/wp-json\/wp\/v2\/media\/286562"}],"wp:attachment":[{"href":"https:\/\/www.europesays.com\/fr\/wp-json\/wp\/v2\/media?parent=286561"}],"wp:term":[{"taxonomy":"category","embeddable":true,"href":"https:\/\/www.europesays.com\/fr\/wp-json\/wp\/v2\/categories?post=286561"},{"taxonomy":"post_tag","embeddable":true,"href":"https:\/\/www.europesays.com\/fr\/wp-json\/wp\/v2\/tags?post=286561"}],"curies":[{"name":"wp","href":"https:\/\/api.w.org\/{rel}","templated":true}]}}