{"id":286584,"date":"2025-07-31T11:32:12","date_gmt":"2025-07-31T11:32:12","guid":{"rendered":"https:\/\/www.europesays.com\/fr\/286584\/"},"modified":"2025-07-31T11:32:12","modified_gmt":"2025-07-31T11:32:12","slug":"bourse-aux-livres-a-besancon","status":"publish","type":"post","link":"https:\/\/www.europesays.com\/fr\/286584\/","title":{"rendered":"Bourse aux livres a Besancon"},"content":{"rendered":"<p>\t\t\t\t\t\t\t\t\t<a href=\"https:\/\/www.estrepublicain.fr\/pour-sortir\/loisirs\/Marche-brocante-vide-grenier\/Bourses\/Franche-comte\/Doubs\/Besancon\/2025\/10\/10\/javascript:history.back();\" rel=\"nofollow noopener\" class=\"backToSearch\" target=\"_blank\">Retour \u00e0 la recherche<\/a><\/p>\n<p class=\"media-desc\" itemprop=\"description\">&#13;<br \/>\n\t\t\t\t\tSeront propos\u00e9s, \u00e0 petits prix, des livres d&rsquo;occasion pour adultes et enfants, et aussi des CD, DVD et vinyles.&#13;<br \/>\n\t\t\t\t\t\t\t\t\t\t\t&#13;<br \/>\n\t\t\t\t\t\t\t\t\t\tLitt\u00e9rature, biographies, policiers, science-fiction, sciences et m\u00e9decine, nature &#8211; animaux, humour, bd, vie pratique, politique \u00e9conomie, langues, psycho-socio-philo, cuisine-di\u00e9t\u00e9tique, formation enseignement, histoire, religions spiritualit\u00e9s, arts \u2013 cin\u00e9, beaux livres, classiques, po\u00e9sie, sports-jeux-aventure, g\u00e9ographie, tourisme, livres r\u00e9gionaux, livres enfants&#8230;<br \/>\nR\u00e8glement : esp\u00e8ces, ch\u00e8ques, CB.<br \/>\nVous pouvez d\u00e9poser vos livres au point d\u2019accueil \u00e0 l\u2019entr\u00e9e ou t\u00e9l\u00e9phoner au 07 83 15 44 46.&#13;\n\t\t\t\t  <\/p>\n","protected":false},"excerpt":{"rendered":"Retour \u00e0 la recherche &#13; Seront propos\u00e9s, \u00e0 petits prix, des livres d&rsquo;occasion pour adultes et enfants, et&hellip;\n","protected":false},"author":2,"featured_media":286585,"comment_status":"","ping_status":"","sticky":false,"template":"","format":"standard","meta":{"footnotes":""},"categories":[1357],"tags":[1379,58,59,1011,27,1380],"class_list":{"0":"post-286584","1":"post","2":"type-post","3":"status-publish","4":"format-standard","5":"has-post-thumbnail","7":"category-livres","8":"tag-books","9":"tag-divertissement","10":"tag-entertainment","11":"tag-fr","12":"tag-france","13":"tag-livres"},"share_on_mastodon":{"url":"https:\/\/pubeurope.com\/@fr\/114947630336095163","error":""},"_links":{"self":[{"href":"https:\/\/www.europesays.com\/fr\/wp-json\/wp\/v2\/posts\/286584","targetHints":{"allow":["GET"]}}],"collection":[{"href":"https:\/\/www.europesays.com\/fr\/wp-json\/wp\/v2\/posts"}],"about":[{"href":"https:\/\/www.europesays.com\/fr\/wp-json\/wp\/v2\/types\/post"}],"author":[{"embeddable":true,"href":"https:\/\/www.europesays.com\/fr\/wp-json\/wp\/v2\/users\/2"}],"replies":[{"embeddable":true,"href":"https:\/\/www.europesays.com\/fr\/wp-json\/wp\/v2\/comments?post=286584"}],"version-history":[{"count":0,"href":"https:\/\/www.europesays.com\/fr\/wp-json\/wp\/v2\/posts\/286584\/revisions"}],"wp:featuredmedia":[{"embeddable":true,"href":"https:\/\/www.europesays.com\/fr\/wp-json\/wp\/v2\/media\/286585"}],"wp:attachment":[{"href":"https:\/\/www.europesays.com\/fr\/wp-json\/wp\/v2\/media?parent=286584"}],"wp:term":[{"taxonomy":"category","embeddable":true,"href":"https:\/\/www.europesays.com\/fr\/wp-json\/wp\/v2\/categories?post=286584"},{"taxonomy":"post_tag","embeddable":true,"href":"https:\/\/www.europesays.com\/fr\/wp-json\/wp\/v2\/tags?post=286584"}],"curies":[{"name":"wp","href":"https:\/\/api.w.org\/{rel}","templated":true}]}}