{"id":286597,"date":"2025-07-31T11:39:10","date_gmt":"2025-07-31T11:39:10","guid":{"rendered":"https:\/\/www.europesays.com\/fr\/286597\/"},"modified":"2025-07-31T11:39:10","modified_gmt":"2025-07-31T11:39:10","slug":"une-petition-demande-la-suppression-de-larcom","status":"publish","type":"post","link":"https:\/\/www.europesays.com\/fr\/286597\/","title":{"rendered":"une p\u00e9tition demande la suppression de l\u2019Arcom"},"content":{"rendered":"<p>                             Par Marine Cassan<\/p>\n<p>                Le 31 juillet 2025 \u00e0 10h55<\/p>\n<p>    \u00abLa suppression de C8 reste un scandale d\u00e9mocratique\u00bb\u00a0: une p\u00e9tition demande la suppression de l\u2019Arcom<br \/>\n                Blondet Eliot\/ABACA<\/p>\n<p>Lanc\u00e9e le 24 juillet dernier sur le site de l\u2019Assembl\u00e9e nationale par un certain Arnaud Borderie, une p\u00e9tition pour faire fermer l\u2019Autorit\u00e9 de r\u00e9gulation de la communication audiovisuelle et num\u00e9rique a d\u00e9j\u00e0 r\u00e9uni plus de 4000 signatures.<\/p>\n<p class=\"fig-paragraph\">\u00abCette p\u00e9tition a pour but de demander la suppression de l\u2019ARCOM\u00bb,\u00a0<a href=\"https:\/\/petitions.assemblee-nationale.fr\/initiatives\/i-3346?locale=fr\" target=\"_blank\" rel=\"noopener nofollow\" data-gtm-custom-categorie=\"navigation\" data-gtm-custom-action=\"crossclick\" data-gtm-custom-label=\"Contextuel\" data-gtm-event=\"customEventSPE\">peut-on lire sur le site de l\u2019Assembl\u00e9e nationale<\/a>. L\u2019auteur, un certain Arnaud Borderie a d\u00e9j\u00e0 r\u00e9uni 4 392 signatures depuis le 24 juillet dernier, et esp\u00e8re en obtenir 100.000.<\/p>\n<p class=\"fig-paragraph\">L\u2019objectif de la p\u00e9tition est clair\u00a0: fermer le gendarme de l\u2019audiovisuel. Selon l\u2019auteur, la fermeture de l\u2019autorit\u00e9 permettrait d\u00e9j\u00e0 de faire des \u00e9conomies\u00a0: \u00abJe propose la suppression de l\u2019ARCOM qui co\u00fbte pratiquement 50 millions en budget de fonctionnement annuel pour une rentabilit\u00e9 st\u00e9rile, bureaucrate et qui, nous venons de le voir avec la suppression de la premi\u00e8re cha\u00eene de la TNT en termes d\u2019audience C8, ne r\u00e9pond nullement aux attentes des Fran\u00e7ais en termes de pluralit\u00e9 des programmes et des sensibilit\u00e9s\u00bb.<\/p>\n<p class=\"fig-body-link\">\n            \u00c0 lire aussi<br \/>\n        <a class=\"fig-body-link__link\" href=\"http:\/\/tvmag.lefigaro.fr\/programme-tv\/actu-tele\/vive-la-liberte-cyril-hanouna-nargue-l-arcom-en-affichant-des-marques-dans-tpmp-ses-fans-ravis-20250304\" target=\"_blank\" data-fig-type=\"Article\" rel=\"noopener nofollow\" data-gtm-custom-categorie=\"navigation\" data-gtm-custom-action=\"crossclick\" data-gtm-custom-label=\"Contextuel\" data-gtm-event=\"customEventSPE\" data-fig-domain=\"TVMAG\">\u00ab Vive la libert\u00e9\u00a0!\u00a0\u00bb\u00a0: Cyril Hanouna nargue l\u2019Arcom en affichant des marques dans \u00abTPMP\u00bb, ses fans ravis<br \/>\n    <\/a>\n<\/p>\n<p>                                    <a class=\"fig-a11y-skip a11y-hidden\" href=\"#fig-a11y-skip-main-inarticle\"><br \/>\n        Passer la publicit\u00e9<br \/>\n    <\/a><\/p>\n<p class=\"fig-paragraph\">En effet, la raison principale de cette demande, outre les \u00e9conomies qu\u2019elle pourrait g\u00e9n\u00e9rer, c\u2019est surtout la fermeture de C8, qui a encore du mal \u00e0 passer pour certains. Arnaud Borderie \u00e9crit dans la p\u00e9tition\u00a0: \u00abLa suppression de cette cha\u00eene de la TNT reste un scandale d\u00e9mocratique pour ne pas \u00e9crire un scandale d\u2019\u00e9tat, le marqueur d\u2019un virage vers la dictature culturelle et intellectuelle, celle de la moralisation de la pens\u00e9e et du formatage m\u00e9diatique dict\u00e9 par l\u2019ARCOM aux ordres de l\u2019\u00e9tat\u00bb.<\/p>\n<p class=\"fig-paragraph\">Le gendarme de l\u2019audiovisuel ne s\u2019est pas fait que des amis en prenant la d\u00e9cision de faire cesser d\u2019\u00e9mettre la cha\u00eene du canal 8 de la TNT. Il y a un an, la nouvelle avait fait r\u00e9agir politiques, personnalit\u00e9s publiques et internautes en nombre, la plupart jugeant la d\u00e9cision injuste.<\/p>\n<p class=\"fig-paragraph\">Des personnalit\u00e9s politiques se sont d\u00e9j\u00e0 exprim\u00e9es par le pass\u00e9 en faveur de la suppression de l\u2019Arcom, \u00e0 commencer par le pr\u00e9sident de l\u2019Union des droites pour la R\u00e9publique,\u00a0<a href=\"https:\/\/www.lefigaro.fr\/tag\/eric-ciotti\" target=\"_blank\" rel=\"noopener nofollow\" data-gtm-custom-categorie=\"navigation\" data-gtm-custom-action=\"crossclick\" data-gtm-custom-label=\"Contextuel\" data-gtm-event=\"customEventSPE\">\u00c9ric Ciotti<\/a>. Le mercredi 26 f\u00e9vrier dernier,\u00a0<a href=\"http:\/\/tvmag.lefigaro.fr\/programme-tv\/actu-tele\/on-n-est-plus-en-democratie-eric-ciotti-s-indigne-de-la-fermeture-de-c8-au-micro-d-europe-1-20250226\" target=\"_blank\" data-fig-type=\"Article\" rel=\"noopener nofollow\" data-gtm-custom-categorie=\"navigation\" data-gtm-custom-action=\"crossclick\" data-gtm-custom-label=\"Contextuel\" data-gtm-event=\"customEventSPE\" data-fig-domain=\"TVMAG\">l\u2019homme politique s\u2019\u00e9tait exclam\u00e9 au micro d\u2019Europe 1<\/a>\u00a0: \u00abC8, c\u2019\u00e9tait la cha\u00eene de la TNT, avec CNews, la plus populaire, la plus suivie, aim\u00e9e des Fran\u00e7ais,\u00a0avait-il martel\u00e9. Et on prive des millions de Fran\u00e7ais de leur cha\u00eene pr\u00e9f\u00e9r\u00e9e parce qu\u2019un petit c\u00e9nacle a ob\u00e9i \u00e0 des instructions politiques, pour sanctionner un groupe de m\u00e9dias parce qu\u2019il est consid\u00e9r\u00e9 comme mal pensant, voil\u00e0\u00bb. Le Ni\u00e7ois avait conclu\u00a0: \u00abJ\u2019aimerais qu\u2019on ferme l\u2019Arcom plut\u00f4t que de fermer C8\u00bb. Et si ce souhait devenait un jour r\u00e9alit\u00e9\u00a0?<\/p>\n","protected":false},"excerpt":{"rendered":"Par Marine Cassan Le 31 juillet 2025 \u00e0 10h55 \u00abLa suppression de C8 reste un scandale d\u00e9mocratique\u00bb\u00a0: une&hellip;\n","protected":false},"author":2,"featured_media":286598,"comment_status":"","ping_status":"","sticky":false,"template":"","format":"standard","meta":{"footnotes":""},"categories":[7],"tags":[4690,7278,1011,27,43,40,41,39,42,44],"class_list":{"0":"post-286597","1":"post","2":"type-post","3":"status-publish","4":"format-standard","5":"has-post-thumbnail","7":"category-sciences-et-technologies","8":"tag-arcom","9":"tag-c8","10":"tag-fr","11":"tag-france","12":"tag-science","13":"tag-science-and-technology","14":"tag-sciences","15":"tag-sciences-et-technologies","16":"tag-technologies","17":"tag-technology"},"share_on_mastodon":{"url":"https:\/\/pubeurope.com\/@fr\/114947657836147834","error":""},"_links":{"self":[{"href":"https:\/\/www.europesays.com\/fr\/wp-json\/wp\/v2\/posts\/286597","targetHints":{"allow":["GET"]}}],"collection":[{"href":"https:\/\/www.europesays.com\/fr\/wp-json\/wp\/v2\/posts"}],"about":[{"href":"https:\/\/www.europesays.com\/fr\/wp-json\/wp\/v2\/types\/post"}],"author":[{"embeddable":true,"href":"https:\/\/www.europesays.com\/fr\/wp-json\/wp\/v2\/users\/2"}],"replies":[{"embeddable":true,"href":"https:\/\/www.europesays.com\/fr\/wp-json\/wp\/v2\/comments?post=286597"}],"version-history":[{"count":0,"href":"https:\/\/www.europesays.com\/fr\/wp-json\/wp\/v2\/posts\/286597\/revisions"}],"wp:featuredmedia":[{"embeddable":true,"href":"https:\/\/www.europesays.com\/fr\/wp-json\/wp\/v2\/media\/286598"}],"wp:attachment":[{"href":"https:\/\/www.europesays.com\/fr\/wp-json\/wp\/v2\/media?parent=286597"}],"wp:term":[{"taxonomy":"category","embeddable":true,"href":"https:\/\/www.europesays.com\/fr\/wp-json\/wp\/v2\/categories?post=286597"},{"taxonomy":"post_tag","embeddable":true,"href":"https:\/\/www.europesays.com\/fr\/wp-json\/wp\/v2\/tags?post=286597"}],"curies":[{"name":"wp","href":"https:\/\/api.w.org\/{rel}","templated":true}]}}