{"id":286601,"date":"2025-07-31T11:41:19","date_gmt":"2025-07-31T11:41:19","guid":{"rendered":"https:\/\/www.europesays.com\/fr\/286601\/"},"modified":"2025-07-31T11:41:19","modified_gmt":"2025-07-31T11:41:19","slug":"une-voiture-filmee-en-train-de-tomber-dans-un-gouffre-a-singapour-son-occupante-sauvee-par-quatre-ouvriers","status":"publish","type":"post","link":"https:\/\/www.europesays.com\/fr\/286601\/","title":{"rendered":"Une voiture film\u00e9e en train de tomber dans un gouffre \u00e0 Singapour, son occupante sauv\u00e9e par quatre ouvriers"},"content":{"rendered":"<p>Les images sont impressionnantes. Comme le montre une vid\u00e9o publi\u00e9e sur <a href=\"https:\/\/www.20minutes.fr\/high-tech\/twitter\/\" class=\"color-ultramarine c-link\" target=\"_blank\" rel=\"noopener\">X<\/a>, un gouffre s\u2019est ouvert ce samedi sur une route de <a href=\"https:\/\/www.20minutes.fr\/dossier\/singapour\" class=\"color-ultramarine c-link\" target=\"_blank\" rel=\"noopener\">Singapour<\/a>, engloutissant une voiture \u00e0 l\u2019int\u00e9rieur de laquelle se trouvait une femme. Prise au pi\u00e8ge, incapable de sortir seule de son v\u00e9hicule, cette derni\u00e8re doit sa survie \u00e0 un groupe d\u2019ouvriers qui s\u2019est pr\u00e9cipit\u00e9 pour la sauver, rapportent le <a href=\"https:\/\/www.malaymail.com\/news\/singapore\/2025\/07\/27\/woman-hospitalised-after-car-plunges-into-sinkhole-on-singapores-tanjong-katong-road\/185335\" rel=\"nofollow noopener\" target=\"_blank\" class=\"color-ultramarine c-link\">Maily Mail<\/a> et <a href=\"https:\/\/www.independent.co.uk\/asia\/southeast-asia\/singapore-sinkhole-migrant-workers-rescue-tamil-b2797065.html\" rel=\"nofollow noopener\" target=\"_blank\" class=\"color-ultramarine c-link\">The Independent<\/a>.<\/p>\n<blockquote class=\"twitter-tweet\" align=\"center\" data-lang=\"fr_FR\">\n<p lang=\"en\" dir=\"ltr\">Singapore Sinkhole: A woman was taken to the hospital after her car was swallowed up by a sinkhole in Tanjong Katong, Singapore. She was fortunately rescued conscious by several workers using a rope. The appearance of the sinkhole was attributed to a water main pipe burst. <a href=\"https:\/\/t.co\/0YONNzX0yl\">pic.twitter.com\/0YONNzX0yl<\/a><\/p>\n<p>\u2014 John Cremeans (@JohnCremeansX) <a href=\"https:\/\/twitter.com\/JohnCremeansX\/status\/1949532714647884206?ref_src=twsrc%5Etfw\" target=\"_blank\" rel=\"noopener\">July 27, 2025<\/a><\/p><\/blockquote>\n<p class=\"mb-xxl@xs color-ultramarine font-weight-semi-bold@xs font-source-serif-pro heading-s@xs\">L\u2019acc\u00e8s \u00e0 ce contenu a \u00e9t\u00e9 bloqu\u00e9 afin de respecter votre choix de consentement<\/p>\n<p class=\"mb-m@xs text-l@xs\">En cliquant sur\u00ab J\u2019accepte \u00bb, vous acceptez le d\u00e9p\u00f4t de cookies par des services externes et aurez ainsi acc\u00e8s aux contenus de nos partenaires.<\/p>\n<p class=\"mb-xl@xs text-s@xs\">Plus d\u2019informations sur la page<a href=\"https:\/\/www.20minutes.fr\/gestion-cookies\" class=\"mx-xxs@xs color-ultramarine\" target=\"_blank\" rel=\"noopener\">Politique de gestion des cookies<\/a><\/p>\n<p>J\u2019accepte<\/p>\n<p>Ces <a href=\"https:\/\/www.20minutes.fr\/dossier\/heros\" class=\"color-ultramarine c-link\" target=\"_blank\" rel=\"noopener\">h\u00e9ros<\/a> du jour travaillaient sur un chantier lorsqu\u2019ils ont entendu un bruit assourdissant. \u00ab\u00a0Un de mes ouvriers a voulu descendre pour l\u2019aider, mais je leur ai dit qu\u2019ils ne pourraient pas remonter, a expliqu\u00e9 le superviseur. Alors je leur ai dit de lui lancer la corde en premier.\u00a0\u00bb<\/p>\n<p>\u00ab\u00a0Nous avons sauv\u00e9 une vie\u00a0\u00bb<\/p>\n<p>En utilisant une corde en nylon, les <a href=\"https:\/\/www.20minutes.fr\/dossier\/ouvriers\" class=\"color-ultramarine c-link\" target=\"_blank\" rel=\"noopener\">ouvriers<\/a> ont r\u00e9ussi \u00e0 hisser la conductrice hors du v\u00e9hicule en moins de cinq minutes, juste avant que le trou ne se remplisse d\u2019eau. \u00ab\u00a0Quelqu\u2019un \u00e9tait tomb\u00e9 \u00e0 l\u2019eau. Nous \u00e9tions d\u00e9termin\u00e9s \u00e0 la sauver au plus vite. C\u2019\u00e9tait notre objectif. Nous avons sauv\u00e9 une vie\u2026 quoi qu\u2019il arrive, c\u2019est tout ce qui compte\u00a0\u00bb, s\u2019est r\u00e9joui le chef de chantier.<\/p>\n<p>La <a href=\"https:\/\/www.20minutes.fr\/dossier\/victime\" class=\"color-ultramarine c-link\" target=\"_blank\" rel=\"noopener\">victime<\/a> a ensuite \u00e9t\u00e9 prise en charge par les secours et\u00a0transport\u00e9e \u00e0 l\u2019h\u00f4pital.\u00a0Selon les autorit\u00e9s, elle s\u2019en sort avec quelques\u00a0douleurs musculaires \u00e0 l\u2019\u00e9paule. Sa\u00a0voiture, elle, a \u00e9t\u00e9 retir\u00e9e du gouffre \u00e0 l\u2019aide d\u2019une grue le lendemain.<\/p>\n<p>Les ouvriers mis \u00e0 l\u2019honneur<\/p>\n<p>Dans un premier temps, l\u2019agence nationale de l\u2019eau avait\u00a0indiqu\u00e9 sur <a href=\"https:\/\/www.20minutes.fr\/high-tech\/facebook\/\" class=\"color-ultramarine c-link\" target=\"_blank\" rel=\"noopener\">Facebook<\/a> que ce sont les secours qui avaient sauv\u00e9 l\u2019automobiliste. De nombreux internautes ont alors soulign\u00e9 que les ouvriers migrants avaient \u00e9t\u00e9 les premiers \u00e0 intervenir. Face \u00e0 la <a href=\"https:\/\/www.20minutes.fr\/dossier\/polemique\" class=\"color-ultramarine c-link\" target=\"_blank\" rel=\"noopener\">pol\u00e9mique<\/a>, l\u2019agence a publi\u00e9 un communiqu\u00e9 rectifi\u00e9, saluant \u00ab\u00a0les actions rapides des travailleurs sur place\u00a0\u00bb.<\/p>\n<p>Plusieurs responsables politiques ont \u00e9galement rendu hommage \u00e0 leur courage. La Force de d\u00e9fense civile a d\u2019ailleurs annonc\u00e9 qu\u2019elle prendrait contact avec eux pour les f\u00e9liciter. Des <a href=\"https:\/\/www.20minutes.fr\/dossier\/travaux\" class=\"color-ultramarine c-link\" target=\"_blank\" rel=\"noopener\">travaux<\/a> de s\u00e9curisation et de remise en \u00e9tat de la route ont d\u2019ores et d\u00e9j\u00e0 \u00e9t\u00e9 engag\u00e9s. Par pr\u00e9caution, un contr\u00f4le sera effectu\u00e9 sur d\u2019autres chantiers d\u2019installations souterraines afin d\u2019\u00e9viter qu\u2019une telle situation ne se reproduise.<\/p>\n<p><script async src=\"https:\/\/platform.twitter.com\/widgets.js\" charset=\"utf-8\"><\/script><\/p>\n","protected":false},"excerpt":{"rendered":"Les images sont impressionnantes. Comme le montre une vid\u00e9o publi\u00e9e sur X, un gouffre s\u2019est ouvert ce samedi&hellip;\n","protected":false},"author":2,"featured_media":286602,"comment_status":"","ping_status":"","sticky":false,"template":"","format":"standard","meta":{"footnotes":""},"categories":[5],"tags":[119,47,11,58,1011,27,14,74,12,896,28259,4752,28],"class_list":{"0":"post-286601","1":"post","2":"type-post","3":"status-publish","4":"format-standard","5":"has-post-thumbnail","7":"category-international","8":"tag-accident","9":"tag-actualite","10":"tag-actualites","11":"tag-divertissement","12":"tag-fr","13":"tag-france","14":"tag-international","15":"tag-monde","16":"tag-news","17":"tag-tas-vu","18":"tag-twitter-x","19":"tag-voiture","20":"tag-world"},"share_on_mastodon":{"url":"https:\/\/pubeurope.com\/@fr\/114947665638539335","error":""},"_links":{"self":[{"href":"https:\/\/www.europesays.com\/fr\/wp-json\/wp\/v2\/posts\/286601","targetHints":{"allow":["GET"]}}],"collection":[{"href":"https:\/\/www.europesays.com\/fr\/wp-json\/wp\/v2\/posts"}],"about":[{"href":"https:\/\/www.europesays.com\/fr\/wp-json\/wp\/v2\/types\/post"}],"author":[{"embeddable":true,"href":"https:\/\/www.europesays.com\/fr\/wp-json\/wp\/v2\/users\/2"}],"replies":[{"embeddable":true,"href":"https:\/\/www.europesays.com\/fr\/wp-json\/wp\/v2\/comments?post=286601"}],"version-history":[{"count":0,"href":"https:\/\/www.europesays.com\/fr\/wp-json\/wp\/v2\/posts\/286601\/revisions"}],"wp:featuredmedia":[{"embeddable":true,"href":"https:\/\/www.europesays.com\/fr\/wp-json\/wp\/v2\/media\/286602"}],"wp:attachment":[{"href":"https:\/\/www.europesays.com\/fr\/wp-json\/wp\/v2\/media?parent=286601"}],"wp:term":[{"taxonomy":"category","embeddable":true,"href":"https:\/\/www.europesays.com\/fr\/wp-json\/wp\/v2\/categories?post=286601"},{"taxonomy":"post_tag","embeddable":true,"href":"https:\/\/www.europesays.com\/fr\/wp-json\/wp\/v2\/tags?post=286601"}],"curies":[{"name":"wp","href":"https:\/\/api.w.org\/{rel}","templated":true}]}}