{"id":286626,"date":"2025-07-31T11:57:09","date_gmt":"2025-07-31T11:57:09","guid":{"rendered":"https:\/\/www.europesays.com\/fr\/286626\/"},"modified":"2025-07-31T11:57:09","modified_gmt":"2025-07-31T11:57:09","slug":"a-rennes-une-balade-chantee-pour-souvrir-a-diverses-cultures","status":"publish","type":"post","link":"https:\/\/www.europesays.com\/fr\/286626\/","title":{"rendered":"\u00c0 Rennes, une balade chant\u00e9e pour s\u2019ouvrir \u00e0 diverses cultures"},"content":{"rendered":"<p><strong>\u00ab\u00a0Trouvez un endroit o\u00f9 vous \u00eates \u00e0 l\u2019aise. On inspire, on masse le visage, on d\u00e9tend la m\u00e2choire\u2026\u00a0\u00bb<\/strong> <a href=\"https:\/\/astrada-35.fr\/intervenant\/adeline-chenini\" target=\"_blank\" rel=\"noopener\">Adeline Chenini, chanteuse et cheffe de ch\u0153ur<\/a> de <a href=\"https:\/\/rennes.maville.com\/actu\/actudet_-noyal-chatillon-sur-seiche.-voyage-des-peuples-samedi-direction-l-andalousie-_7-6846526_actu.Htm\" target=\"_blank\" rel=\"noopener\">l\u2019association l\u2019Astrada<\/a>, donne quelques conseils aux douze personnes qui l\u2019accompagnent, ce mercredi 30\u00a0juillet 2025, pour une balade chant\u00e9e \u00e0 Rennes (Ille-et-Vilaine). Le rendez-vous est fix\u00e9 place Jean-Normand, pr\u00e8s du conservatoire, avant de cheminer vers <a href=\"https:\/\/rennes.maville.com\/info\/info-locale\/aux-portes-de-rennes-une-ferme-se-donne-pour-mission-de-conserver-les-races-locales-679423e6-49dd-11ef-94b6-90bbc9e43b93\" target=\"_blank\" rel=\"noopener\">l\u2019\u00c9comus\u00e9e de la Bintinais<\/a>, de l\u2019autre c\u00f4t\u00e9 de la rocade, en passant par le square de Bana, le parc des Balkans, puis le chemin de Moldavie. Un go\u00fbter aux jardins familiaux \u00e9tait \u00e9galement pr\u00e9vu.<\/p>\n<p>Parmi les chants repris en ch\u0153ur, une ritournelle g\u00e9orgienne <strong>\u00ab\u00a0qui raconte l\u2019histoire d\u2019un monsieur revenant chez lui avec un sac de pommes de terre pour nous nourrir sa famille\u00a0\u00bb<\/strong>, un chant am\u00e9rindien ou encore \u00ab\u00a0Chemame\u00a0\u00bb, <strong>\u00ab\u00a0un chant kurde qui m\u2019a \u00e9t\u00e9 transmis par un chanteur qui habite dans le quartier de Maurepas<\/strong>\u00a0\u00bb. Deux gamins du quartier s\u2019approchent. <strong>\u00ab\u00a0On conna\u00eet ce chant\u00a0!\u00a0\u00bb<\/strong>, disent-ils avant de s\u2019approcher et de participer \u00e0 l\u2019animation. \u00c0 la rentr\u00e9e, en septembre, l\u2019association l\u2019Astrada organisera des journ\u00e9es portes ouvertes pour mieux se faire conna\u00eetre des Rennais.<\/p>\n<p><strong>Pratique<\/strong>. L\u2019association Astrada organisera des ateliers d\u00e9couvertes mardi\u00a012 et mardi 23\u00a0septembre 2025, au manoir de la Haute-Chalais, boulevard Albert Ier, \u00e0 Rennes. Renseignements\u00a0: lastrada.voixdumonde@gmail.com\u00a0; site internet\u00a0: <a href=\"https:\/\/www.astrada-35.fr\/\" target=\"_blank\" rel=\"noopener\">www.astrada-35.fr<\/a><\/p>\n<p>\u00a0<\/p>\n","protected":false},"excerpt":{"rendered":"\u00ab\u00a0Trouvez un endroit o\u00f9 vous \u00eates \u00e0 l\u2019aise. On inspire, on masse le visage, on d\u00e9tend la m\u00e2choire\u2026\u00a0\u00bb&hellip;\n","protected":false},"author":2,"featured_media":286627,"comment_status":"","ping_status":"","sticky":false,"template":"","format":"standard","meta":{"footnotes":""},"categories":[2821],"tags":[1111,11,7552,829,42552,42554,42553,1777,674,1011,27,12,5257,584,25],"class_list":{"0":"post-286626","1":"post","2":"type-post","3":"status-publish","4":"format-standard","5":"has-post-thumbnail","7":"category-rennes","8":"tag-actu","9":"tag-actualites","10":"tag-balade","11":"tag-bretagne","12":"tag-chantee","13":"tag-cultures","14":"tag-diverses","15":"tag-eu","16":"tag-europe","17":"tag-fr","18":"tag-france","19":"tag-news","20":"tag-ouvrir","21":"tag-rennes","22":"tag-republique-francaise"},"share_on_mastodon":{"url":"https:\/\/pubeurope.com\/@fr\/114947728576794394","error":""},"_links":{"self":[{"href":"https:\/\/www.europesays.com\/fr\/wp-json\/wp\/v2\/posts\/286626","targetHints":{"allow":["GET"]}}],"collection":[{"href":"https:\/\/www.europesays.com\/fr\/wp-json\/wp\/v2\/posts"}],"about":[{"href":"https:\/\/www.europesays.com\/fr\/wp-json\/wp\/v2\/types\/post"}],"author":[{"embeddable":true,"href":"https:\/\/www.europesays.com\/fr\/wp-json\/wp\/v2\/users\/2"}],"replies":[{"embeddable":true,"href":"https:\/\/www.europesays.com\/fr\/wp-json\/wp\/v2\/comments?post=286626"}],"version-history":[{"count":0,"href":"https:\/\/www.europesays.com\/fr\/wp-json\/wp\/v2\/posts\/286626\/revisions"}],"wp:featuredmedia":[{"embeddable":true,"href":"https:\/\/www.europesays.com\/fr\/wp-json\/wp\/v2\/media\/286627"}],"wp:attachment":[{"href":"https:\/\/www.europesays.com\/fr\/wp-json\/wp\/v2\/media?parent=286626"}],"wp:term":[{"taxonomy":"category","embeddable":true,"href":"https:\/\/www.europesays.com\/fr\/wp-json\/wp\/v2\/categories?post=286626"},{"taxonomy":"post_tag","embeddable":true,"href":"https:\/\/www.europesays.com\/fr\/wp-json\/wp\/v2\/tags?post=286626"}],"curies":[{"name":"wp","href":"https:\/\/api.w.org\/{rel}","templated":true}]}}