{"id":286638,"date":"2025-07-31T12:04:12","date_gmt":"2025-07-31T12:04:12","guid":{"rendered":"https:\/\/www.europesays.com\/fr\/286638\/"},"modified":"2025-07-31T12:04:12","modified_gmt":"2025-07-31T12:04:12","slug":"une-action-pour-redynamiser-le-centre-ville-de-cette-commune","status":"publish","type":"post","link":"https:\/\/www.europesays.com\/fr\/286638\/","title":{"rendered":"Une action pour redynamiser le centre-ville de cette commune"},"content":{"rendered":"<p>La ville d\u2019<a href=\"https:\/\/nantes.maville.com\/pays-de-la-loire\/loire-atlantique\/ancenis-saint-gereon\/\" target=\"_blank\" rel=\"noopener\">Ancenis-Saint-G\u00e9r\u00e9on<\/a> a fait appel \u00e0 la soci\u00e9t\u00e9 Ancoris, op\u00e9rateur priv\u00e9 de d\u00e9veloppement \u00e9conomique au service de l\u2019attractivit\u00e9 et du rayonnement de ses territoires partenaires depuis plus de 25\u00a0ans.<\/p>\n<p>Gr\u00e2ce aux diverses actions men\u00e9es par la municipalit\u00e9, pour soutenir l\u2019activit\u00e9 commerciale, la vacance des commerces est pass\u00e9e de 18\u00a0% en 2019 \u00e0 10\u00a0% aujourd\u2019hui. Mais il faut aller plus loin, 7\u00a0% esp\u00e9r\u00e9s fin 2025.<\/p>\n<p>Quelles seront les mesures prises ?<\/p>\n<p>Les moyens utilis\u00e9s seront la valorisation des commerces vacants sur le site internet d\u2019Acoris (40\u00a0000\u00a0visiteurs), l\u2019embellissement des cases libres, du marketing direct (r\u00e9seaux sociaux, salons, franchises\u2026), des rencontres avec la CMA (Chambres de M\u00e9tiers et de l\u2019Artisanat), les banques, les agences immobili\u00e8res et les associations de commer\u00e7ants. Une dizaine de vitrines vacantes ont \u00e9t\u00e9 identifi\u00e9es pour de la location.<\/p>\n<p>Pour Marjolaine Tharaud, responsable p\u00f4le tourisme et commerce chez Ancoris, \u00ab\u00a0la clef de la r\u00e9ussite de cette mission r\u00e9side dans l\u2019identification de projets viables, une belle dynamique de territoire, un \u00e9cosyst\u00e8me favorable et du soutien aux porteurs de projets\u00a0\u00bb.<\/p>\n<p>\u00a0<\/p>\n","protected":false},"excerpt":{"rendered":"La ville d\u2019Ancenis-Saint-G\u00e9r\u00e9on a fait appel \u00e0 la soci\u00e9t\u00e9 Ancoris, op\u00e9rateur priv\u00e9 de d\u00e9veloppement \u00e9conomique au service de&hellip;\n","protected":false},"author":2,"featured_media":286639,"comment_status":"","ping_status":"","sticky":false,"template":"","format":"standard","meta":{"footnotes":""},"categories":[2818],"tags":[631,1111,11,11898,7052,1777,674,1011,27,766,12,2636,42555,25],"class_list":{"0":"post-286638","1":"post","2":"type-post","3":"status-publish","4":"format-standard","5":"has-post-thumbnail","7":"category-nantes","8":"tag-action","9":"tag-actu","10":"tag-actualites","11":"tag-centre-ville","12":"tag-commune","13":"tag-eu","14":"tag-europe","15":"tag-fr","16":"tag-france","17":"tag-nantes","18":"tag-news","19":"tag-pays-de-la-loire","20":"tag-redynamiser","21":"tag-republique-francaise"},"share_on_mastodon":{"url":"https:\/\/pubeurope.com\/@fr\/114947756132858101","error":""},"_links":{"self":[{"href":"https:\/\/www.europesays.com\/fr\/wp-json\/wp\/v2\/posts\/286638","targetHints":{"allow":["GET"]}}],"collection":[{"href":"https:\/\/www.europesays.com\/fr\/wp-json\/wp\/v2\/posts"}],"about":[{"href":"https:\/\/www.europesays.com\/fr\/wp-json\/wp\/v2\/types\/post"}],"author":[{"embeddable":true,"href":"https:\/\/www.europesays.com\/fr\/wp-json\/wp\/v2\/users\/2"}],"replies":[{"embeddable":true,"href":"https:\/\/www.europesays.com\/fr\/wp-json\/wp\/v2\/comments?post=286638"}],"version-history":[{"count":0,"href":"https:\/\/www.europesays.com\/fr\/wp-json\/wp\/v2\/posts\/286638\/revisions"}],"wp:featuredmedia":[{"embeddable":true,"href":"https:\/\/www.europesays.com\/fr\/wp-json\/wp\/v2\/media\/286639"}],"wp:attachment":[{"href":"https:\/\/www.europesays.com\/fr\/wp-json\/wp\/v2\/media?parent=286638"}],"wp:term":[{"taxonomy":"category","embeddable":true,"href":"https:\/\/www.europesays.com\/fr\/wp-json\/wp\/v2\/categories?post=286638"},{"taxonomy":"post_tag","embeddable":true,"href":"https:\/\/www.europesays.com\/fr\/wp-json\/wp\/v2\/tags?post=286638"}],"curies":[{"name":"wp","href":"https:\/\/api.w.org\/{rel}","templated":true}]}}