{"id":286650,"date":"2025-07-31T12:11:11","date_gmt":"2025-07-31T12:11:11","guid":{"rendered":"https:\/\/www.europesays.com\/fr\/286650\/"},"modified":"2025-07-31T12:11:11","modified_gmt":"2025-07-31T12:11:11","slug":"une-femme-de-52-ans-se-tue-en-quad-en-percutant-un-camion-de-marins-pompiers-a-marseille","status":"publish","type":"post","link":"https:\/\/www.europesays.com\/fr\/286650\/","title":{"rendered":"Une femme de 52 ans se tue en quad en percutant un camion de marins-pompiers \u00e0 Marseille"},"content":{"rendered":"<p>Il \u00e9tait environ 10h30, ce jeudi 31 juillet matin, lorsqu&rsquo;un accident grave de la circulation s&rsquo;est produit entre un quad et un camion de pompiers sur la rue Saint-Cassien, <strong>au niveau de la porte 2C du grand port-maritime<\/strong>, dans le 2e arrondissement de Marseille.<\/p>\n<p>Le v\u00e9hicule de lutte incendie, un camion citerne <strong>appartenant au Bataillon des marins-pompiers<\/strong> partait en intervention sur un feu de for\u00eat et avait activ\u00e9 le gyrophare et le deux-tons, lorsque la collision s&rsquo;est produite avec le quad. Au guidon de l&rsquo;engin, une femme \u00e2g\u00e9e de 52 ans a \u00e9t\u00e9 projet\u00e9e sous la violence du choc.<\/p>\n<p>Les pompiers ont aussit\u00f4t pratiqu\u00e9 les gestes de premiers secours en attendant une \u00e9quipe du Smur du Bataillon. Mais la quinquag\u00e9naire, qui se trouvait d\u00e9j\u00e0 en arr\u00eat cardiaque, a finalement succomb\u00e9 \u00e0 ses blessures, <strong>malgr\u00e9 pr\u00e8s d&rsquo;une heure d&rsquo;efforts pour la r\u00e9animer<\/strong>.<\/p>\n<p>Indemnes, mais tr\u00e8s choqu\u00e9s, les trois marins-pompiers qui se trouvaient \u00e0 bord du camion citerne ont \u00e9galement \u00e9t\u00e9 pris en charge par les secours.<\/p>\n","protected":false},"excerpt":{"rendered":"Il \u00e9tait environ 10h30, ce jeudi 31 juillet matin, lorsqu&rsquo;un accident grave de la circulation s&rsquo;est produit entre&hellip;\n","protected":false},"author":2,"featured_media":286651,"comment_status":"","ping_status":"","sticky":false,"template":"","format":"standard","meta":{"footnotes":""},"categories":[2814],"tags":[17,1111,11,1764,660,1777,674,274,1294,1011,27,884,12,42556,882,28237,25,5911,96],"class_list":{"0":"post-286650","1":"post","2":"type-post","3":"status-publish","4":"format-standard","5":"has-post-thumbnail","7":"category-marseille","8":"tag-17","9":"tag-actu","10":"tag-actualites","11":"tag-ans","12":"tag-camion","13":"tag-eu","14":"tag-europe","15":"tag-faits-divers-justice","16":"tag-femme","17":"tag-fr","18":"tag-france","19":"tag-marseille","20":"tag-news","21":"tag-percutant","22":"tag-provence-alpes-cote-dazur","23":"tag-quad","24":"tag-republique-francaise","25":"tag-tue","26":"tag-une"},"share_on_mastodon":{"url":"https:\/\/pubeurope.com\/@fr\/114947783720135968","error":""},"_links":{"self":[{"href":"https:\/\/www.europesays.com\/fr\/wp-json\/wp\/v2\/posts\/286650","targetHints":{"allow":["GET"]}}],"collection":[{"href":"https:\/\/www.europesays.com\/fr\/wp-json\/wp\/v2\/posts"}],"about":[{"href":"https:\/\/www.europesays.com\/fr\/wp-json\/wp\/v2\/types\/post"}],"author":[{"embeddable":true,"href":"https:\/\/www.europesays.com\/fr\/wp-json\/wp\/v2\/users\/2"}],"replies":[{"embeddable":true,"href":"https:\/\/www.europesays.com\/fr\/wp-json\/wp\/v2\/comments?post=286650"}],"version-history":[{"count":0,"href":"https:\/\/www.europesays.com\/fr\/wp-json\/wp\/v2\/posts\/286650\/revisions"}],"wp:featuredmedia":[{"embeddable":true,"href":"https:\/\/www.europesays.com\/fr\/wp-json\/wp\/v2\/media\/286651"}],"wp:attachment":[{"href":"https:\/\/www.europesays.com\/fr\/wp-json\/wp\/v2\/media?parent=286650"}],"wp:term":[{"taxonomy":"category","embeddable":true,"href":"https:\/\/www.europesays.com\/fr\/wp-json\/wp\/v2\/categories?post=286650"},{"taxonomy":"post_tag","embeddable":true,"href":"https:\/\/www.europesays.com\/fr\/wp-json\/wp\/v2\/tags?post=286650"}],"curies":[{"name":"wp","href":"https:\/\/api.w.org\/{rel}","templated":true}]}}