{"id":286657,"date":"2025-07-31T12:15:29","date_gmt":"2025-07-31T12:15:29","guid":{"rendered":"https:\/\/www.europesays.com\/fr\/286657\/"},"modified":"2025-07-31T12:15:29","modified_gmt":"2025-07-31T12:15:29","slug":"lile-de-france-menacee-par-des-secheresses-severes-alerte-locde","status":"publish","type":"post","link":"https:\/\/www.europesays.com\/fr\/286657\/","title":{"rendered":"L\u2019Ile-de-France menac\u00e9e par des s\u00e9cheresses s\u00e9v\u00e8res, alerte l\u2019OCDE"},"content":{"rendered":"<p class=\"authors latino-300b text-grey-600\">\n<p>  Par\u00a0<br \/>\nLe Nouvel Obs avec AFP<\/p>\n<p class=\"latino-300r text-grey-600 pe-10  border-end-lg\">\n<p>    Publi\u00e9 le\u00a017 mars 2025 \u00e0 12h08\n  <\/p>\n<p>              Lecture\u00a0:\u00a02\u00a0min.<\/p>\n<p>      <img fetchpriority=\"high\" decoding=\"async\" class=\"mx-auto\" src=\"data:image\/svg+xml,%3Csvg%20xmlns%3D%27http%3A%2F%2Fwww.w3.org%2F2000%2Fsvg%27%20fill%3D%22%23e4e4e4%22%20viewBox%3D%270%200%20510%20340%27%20width%3D%22510%22%20height%3D%22340%22%3E%3Cpath%20d%3D%27M0%200h510v340H0z%27%2F%3E%3C%2Fsvg%3E\"  loading=\"eager\" width=\"510\" height=\"340\" data-oncrawl-image-size=\"510x340\" alt=\"Un agent municipal de la Ville de Paris arrose des plantes sur le Champ de Mars, le 5\u00a0avril 2023, pour pallier le manque de pluie.\"\/>      <\/p>\n<p class=\"latino-100m text-grey-600\">\n            Un agent municipal de la Ville de Paris arrose des plantes sur le Champ de Mars, le 5\u00a0avril 2023, pour pallier le manque de pluie.\u00a0MARIO FOURMY\/SIPA        <\/p>\n<p>        Lire\u00a0plus\u00a0tard      <\/p>\n<p><a aria-label=\"Nous suivre sur Google News\" href=\"https:\/\/news.google.com\/publications\/CAAqBwgKMJe4nQkw3dFs?hl=fr&amp;gl=FR&amp;ceid=FR%3Afr\" target=\"_blank\" data-piano=\"Page_Article,Sous_date_publi,Nous_suivre_sur_google_news,1er_clic,action\" class=\"btn btn--small btn--tertiary btn--icon-only\" rel=\"noopener\"><\/p>\n<p>      Google Actualit\u00e9s<br \/>\n  <\/a><\/p>\n<p>  Partager<\/p>\n<p>        Facebook<\/p>\n<p>        Bluesky<\/p>\n<p>        E-mail<\/p>\n<p>        Copier le lien<\/p>\n<p>      Envoyer<\/p>\n<p>      S\u2019abonner    <\/p>\n<p class=\"node__paragraphe antonia-750r text-grey-800 pb-24 pb-md-30\">\n<a href=\"https:\/\/www.nouvelobs.com\/ecologie\/20241203.OBS97291\/cop16-les-secheresses-coutent-pres-de-300-milliards-d-euros-par-an-alerte-l-onu.html\" target=\"_blank\" rel=\"noopener\">Les \u00e9pisodes de s\u00e9cheresse<\/a> intense sont une menace croissante pour Paris et sa r\u00e9gion qui pourront co\u00fbter jusqu\u2019\u00e0 2,5\u00a0milliards d\u2019euros, sans entra\u00eener toutefois de <a href=\"https:\/\/www.nouvelobs.com\/ecologie\/20230802.OBS76507\/pesticides-secheresses-menaces-sur-l-eau-potable.html\" target=\"_blank\" rel=\"noopener\">restrictions d\u2019eau potable<\/a>, observe ce lundi 17\u00a0mars l\u2019OCDE, qui appelle \u00e0 renforcer la pr\u00e9vention des risques.<\/p>\n<p class=\"node__paragraphe antonia-750r text-grey-800 pb-24 pb-md-30\">\nEn\u00a02024, <a href=\"https:\/\/www.nouvelobs.com\/ecologie\/20240201.OBS83966\/nouvelles-restrictions-d-eau-a-barcelone-placee-en-etat-d-urgence-secheresse.html\" target=\"_blank\" rel=\"noopener\">Barcelone<\/a> avait \u00ab\u00a0\u00e9chapp\u00e9 de peu \u00e0 une p\u00e9nurie d\u2019eau\u00a0\u00bb, mais avait d\u00fb imposer des restrictions de consommation \u00ab\u00a0tr\u00e8s strictes\u00a0\u00bb \u00e0 sa population apr\u00e8s trois ans de s\u00e9cheresse, observe Jo Tyndall, directrice de la direction Environnement de l\u2019Organisation de coop\u00e9ration et de d\u00e9veloppement \u00e9conomiques.<\/p>\n<p class=\"node__paragraphe antonia-750r text-grey-800 pb-24 pb-md-30\">\nSi Paris n\u2019est pas encore confront\u00e9e \u00e0 de telles crises, les s\u00e9cheresses n\u2019en sont pas moins \u00ab\u00a0une menace croissante pour les habitants\u00a0\u00bb, en particulier apr\u00e8s 2050, pr\u00e9vient l\u2019organisation dans un rapport de 200 pages.<\/p>\n<p class=\"latino-500b text-grey-600 pb-16\">A lire aussi<\/p>\n<p><a href=\"https:\/\/www.nouvelobs.com\/ecologie\/20241110.OBS96183\/le-rechauffement-climatique-s-accelere-t-il.html\" data-article-key=\"20241110.OBS96183\" class=\"link--box flex-grow-1\" data-piano=\"Page_Article,Lire_aussi,,Lien1,navigation\" target=\"_blank\" rel=\"noopener\"><\/p>\n<p>                <img decoding=\"async\" src=\"data:image\/svg+xml,%3Csvg%20xmlns%3D%27http%3A%2F%2Fwww.w3.org%2F2000%2Fsvg%27%20fill%3D%22%23e4e4e4%22%20viewBox%3D%270%200%20120%2080%27%20width%3D%22120%22%20height%3D%2280%22%3E%3Cpath%20d%3D%27M0%200h120v80H0z%27%2F%3E%3C%2Fsvg%3E\"  width=\"120\" height=\"80\" loading=\"lazy\" alt=\"Zone inond\u00e9e suite \u00e0 de fortes pluies \u00e0 Annonay, en Ard\u00e8che, le 17\u00a0octobre 2024.\"\/><\/p>\n<p class=\"latino-300r latino-lg-600m text-grey-800\">\n                      <strong class=\"latino-300b latino-lg-600m text-grey-500\">D\u00e9cryptage\u00a0<\/strong><br \/>\n                    Le changement climatique s\u2019acc\u00e9l\u00e8re-t-il\u00a0?        <\/p>\n<p><\/a><\/p>\n<p class=\"node__paragraphe antonia-750r text-grey-800 pb-24 pb-md-30\">\nLes habitants des grandes villes sont particuli\u00e8rement vuln\u00e9rables au manque d\u2019eau du fait de l\u2019imperm\u00e9abilisation de leurs sols qui r\u00e9duit la capacit\u00e9 des nappes souterraines \u00e0 se recharger, tandis que la <a href=\"https:\/\/www.nouvelobs.com\/ecologie\/20250110.OBS98839\/1-5-c-en-plus-au-thermometre-en-2024-quelles-lecons-en-tirer.html\" target=\"_blank\" rel=\"noopener\">hausse des temp\u00e9ratures<\/a> aggrave le ph\u00e9nom\u00e8ne des \u00eelots de chaleur.<\/p>\n<p class=\"node__paragraphe antonia-750r text-grey-800 pb-24 pb-md-30\">\nCes tendances sont amplifi\u00e9es par le <a href=\"https:\/\/www.nouvelobs.com\/ecologie\/20250313.OBS101377\/adaptation-au-changement-climatique-la-france-n-est-pas-encore-prete-previent-le-haut-conseil-pour-le-climat.html\" target=\"_blank\" rel=\"noopener\">r\u00e9chauffement climatique<\/a>, qui ass\u00e8che les sols plus rapidement, fait chuter le niveau des nappes phr\u00e9atiques \u00e0 des seuils critiques et favorise l\u2019alternance d\u2019\u00e9pisodes de s\u00e9cheresses prolong\u00e9es et de pluies torrentielles.<\/p>\n<p>Une augmentation des temp\u00e9ratures<\/p>\n<p class=\"node__paragraphe antonia-750r text-grey-800 pb-24 pb-md-30\">\nLongtemps per\u00e7ue comme bien pourvue en ressources hydriques, l\u2019\u00cele-de-France a subi une augmentation des temp\u00e9ratures moyennes de 2\u00b0C depuis 1990 et le r\u00e9chauffement climatique augmente la probabilit\u00e9 de s\u00e9cheresses s\u00e9v\u00e8res dans la r\u00e9gion.<\/p>\n<p class=\"node__paragraphe antonia-750r text-grey-800 pb-24 pb-md-30\">\nEn cas de s\u00e9cheresse aussi grave qu\u2019en 1921, des restrictions d\u2019irrigation, de navigation et d\u2019usage de l\u2019eau dans l\u2019industrie devraient \u00eatre impos\u00e9es \u00ab\u00a0pendant plus de 150 jours\u00a0\u00bb pour pr\u00e9server l\u2019approvisionnement en eau potable des habitants, ont calcul\u00e9 les auteurs.<\/p>\n<p class=\"latino-500b text-grey-600 pb-16\">A lire aussi<\/p>\n<p><a href=\"https:\/\/www.nouvelobs.com\/economie\/20240918.OBS93778\/nous-sommes-face-a-une-pollution-invisible-mais-massive-notre-eau-potable-menacee-par-les-pesticides-et-les-pfas.html\" data-article-key=\"20240918.OBS93778\" class=\"link--box flex-grow-1\" data-piano=\"Page_Article,Lire_aussi,,Lien2,navigation\" target=\"_blank\" rel=\"noopener\"><\/p>\n<p>                <img decoding=\"async\" src=\"data:image\/svg+xml,%3Csvg%20xmlns%3D%27http%3A%2F%2Fwww.w3.org%2F2000%2Fsvg%27%20fill%3D%22%23e4e4e4%22%20viewBox%3D%270%200%20120%2080%27%20width%3D%22120%22%20height%3D%2280%22%3E%3Cpath%20d%3D%27M0%200h120v80H0z%27%2F%3E%3C%2Fsvg%3E\"  width=\"120\" height=\"80\" loading=\"lazy\" alt=\"A Pussay, mais aussi en Bretagne, en Picardie, en Charente-Maritime ou encore dans la vall\u00e9e du Rh\u00f4ne, nombre de nos nappes souterraines regorgent de substances chimiques. \"\/><\/p>\n<p class=\"latino-300r latino-lg-600m text-grey-800\">\n                      <strong class=\"latino-300b latino-lg-600m text-grey-500\">Enqu\u00eate\u00a0<\/strong><br \/>\n                    \u00ab\u00a0Nous sommes face \u00e0 une pollution invisible mais massive\u00a0\u00bb\u00a0: notre eau potable menac\u00e9e par les pesticides et les PFAS        <\/p>\n<p><\/a><\/p>\n<p class=\"node__paragraphe antonia-750r text-grey-800 pb-24 pb-md-30\">\nLe d\u00e9veloppement de l\u2019\u00cele-de-France, qui concentre 19\u00a0% de la population et un tiers de la production \u00e9conomique, accentue encore davantage les besoins en eau, donc le risque de s\u00e9cheresse.<\/p>\n<p class=\"node__paragraphe antonia-750r text-grey-800 pb-24 pb-md-30\">\nL\u2019agriculture, qui occupe 50\u00a0% de la superficie, a vu ses besoins en eau \u00ab\u00a0plus que doubler depuis 2012\u00a0\u00bb et ceux-ci devraient encore \u00ab\u00a0s\u2019accro\u00eetre de 45\u00a0% d\u2019ici 2050\u00a0\u00bb, pr\u00e9viennent les auteurs, qui pointent aussi le d\u00e9veloppement de la production de froid via l\u2019eau de la Seine pour les besoins de climatisation.<\/p>\n<p class=\"node__paragraphe antonia-750r text-grey-800 pb-24 pb-md-30\">\nLes pr\u00e9l\u00e8vements d\u2019eau en \u00cele-de-France servent principalement \u00e0 l\u2019alimentation en eau potable (57\u00a0%), l\u2019industrie (20\u00a0%), la production d\u2019\u00e9nergie (13\u00a0%), aux canaux (7\u00a0%) et \u00e0 l\u2019irrigation (3\u00a0%).<\/p>\n<p>Des activit\u00e9s \u00e9conomiques \u00ab\u00a0gravement perturb\u00e9es\u00a0\u00bb<\/p>\n<p class=\"node__paragraphe antonia-750r text-grey-800 pb-24 pb-md-30\">\nJusqu\u2019\u00e0 pr\u00e9sent, la r\u00e9gion s\u2019\u00e9tait montr\u00e9e r\u00e9siliente gr\u00e2ce \u00e0 un \u00ab\u00a0solide r\u00e9seau d\u2019infrastructures fluviales\u00a0\u00bb, notamment quatre <a href=\"https:\/\/www.nouvelobs.com\/ecologie\/20230519.OBS73501\/la-moitie-des-lacs-et-reservoirs-du-monde-perdent-de-l-eau.html\" target=\"_blank\" rel=\"noopener\">lacs r\u00e9servoirs<\/a> qui \u00ab\u00a0jouent un r\u00f4le crucial dans le maintien des niveaux d\u2019eau et garantissent l\u2019approvisionnement en eau potable et en eau \u00e0 usage industriel, agricole et \u00e9nerg\u00e9tique lorsque les ressources en eau se rar\u00e9fient\u00a0\u00bb.<\/p>\n<p class=\"node__paragraphe antonia-750r text-grey-800 pb-24 pb-md-30\">\nMais selon l\u2019OCDE, un \u00e9pisode de s\u00e9cheresse majeur pourrait \u00ab\u00a0gravement perturber les activit\u00e9s \u00e9conomiques\u00a0\u00bb et engendrer jusqu\u2019\u00e0 2,5\u00a0milliards d\u2019euros de pertes de production agricole et manufacturi\u00e8re \u00e0 horizon 2100.<\/p>\n<p class=\"latino-500b text-grey-600 pb-16\">A lire aussi<\/p>\n<p><a href=\"https:\/\/www.nouvelobs.com\/ecologie\/20240330.OBS86441\/les-pyrenees-orientales-un-desert-francais.html\" data-article-key=\"20240330.OBS86441\" class=\"link--box flex-grow-1\" data-piano=\"Page_Article,Lire_aussi,,Lien3,navigation\" target=\"_blank\" rel=\"noopener\"><\/p>\n<p>                <img decoding=\"async\" src=\"data:image\/svg+xml,%3Csvg%20xmlns%3D%27http%3A%2F%2Fwww.w3.org%2F2000%2Fsvg%27%20fill%3D%22%23e4e4e4%22%20viewBox%3D%270%200%20120%2080%27%20width%3D%22120%22%20height%3D%2280%22%3E%3Cpath%20d%3D%27M0%200h120v80H0z%27%2F%3E%3C%2Fsvg%3E\"  width=\"120\" height=\"79\" loading=\"lazy\" alt=\"La partie ass\u00e9ch\u00e9e du lac de Vinca au pied du Canigou.\"\/><\/p>\n<p class=\"latino-300r latino-lg-600m text-grey-800\">\n                      <strong class=\"latino-300b latino-lg-600m text-grey-500\">Reportage\u00a0<\/strong><br \/>\n                    Les Pyr\u00e9n\u00e9es-Orientales, un d\u00e9sert fran\u00e7ais\u00a0?        <\/p>\n<p><\/a><\/p>\n<p class=\"node__paragraphe antonia-750r text-grey-800 pb-24 pb-md-30\">\nCe \u00e0 quoi s\u2019ajoutent des risques de d\u00e9g\u00e2ts sur l\u2019habitat li\u00e9s au retrait des argiles sous l\u2019effet de la s\u00e9cheresse, ou de <a href=\"https:\/\/www.nouvelobs.com\/ecologie\/20240226.OBS84935\/le-gouvernement-veut-faciliter-la-construction-de-retenues-d-eau-agricoles-annonce-pannier-runacher.html\" target=\"_blank\" rel=\"noopener\">potentiels conflits d\u2019usage<\/a> avec des agriculteurs d\u2019autres r\u00e9gions si ces derni\u00e8res \u00e9taient mises \u00e0 contribution pour approvisionner l\u2019\u00cele-de-France en eau potable.<\/p>\n<p class=\"node__paragraphe antonia-750r text-grey-800 pb-24 pb-md-30\">\n\u00ab\u00a0On sait qu\u2019on va \u00eatre plus expos\u00e9s mais on n\u2019a pas quantifi\u00e9 la vuln\u00e9rabilit\u00e9 des activit\u00e9s ou des populations\u00a0\u00bb, a comment\u00e9 pour l\u2019AFP Sophie Lavaud, r\u00e9dactrice du rapport.<\/p>\n<p class=\"node__paragraphe antonia-750r text-grey-800 pb-24 pb-md-30\">\nCe qu\u2019elle explique notamment par \u00ab\u00a0la confiance plac\u00e9e par les autorit\u00e9s dans les lacs r\u00e9servoirs, qui alimentent les fleuves \u00e0 hauteur de 70\u00a0% lors des p\u00e9riodes d\u2019\u00e9tiage\u00a0\u00bb.<\/p>\n<p>R\u00e9duire les pr\u00e9l\u00e8vements d\u2019eau<\/p>\n<p class=\"node__paragraphe antonia-750r text-grey-800 pb-24 pb-md-30\">\nLes auteurs pr\u00e9conisent de r\u00e9duire les <a href=\"https:\/\/www.nouvelobs.com\/lab-o\/20241003.OBS94484\/environnement-gare-au-degat-des-eaux.html\" target=\"_blank\" rel=\"noopener\">pr\u00e9l\u00e8vements d\u2019eau<\/a>, m\u00eame s\u2019ils reconnaissent que la marge de man\u0153uvre est faible, l\u2019\u00cele-de-France \u00e9tant d\u00e9j\u00e0 bonne \u00e9l\u00e8ve.<\/p>\n<p class=\"latino-500b text-grey-600 pb-16\">A lire aussi<\/p>\n<p><a href=\"https:\/\/www.nouvelobs.com\/ecologie\/20240326.OBS86248\/rendre-des-zones-habitees-a-la-nature-un-imperatif-necessaire-mais-couteux.html\" data-article-key=\"20240326.OBS86248\" class=\"link--box flex-grow-1\" data-piano=\"Page_Article,Lire_aussi,,Lien4,navigation\" target=\"_blank\" rel=\"noopener\"><\/p>\n<p>                <img decoding=\"async\" src=\"data:image\/svg+xml,%3Csvg%20xmlns%3D%27http%3A%2F%2Fwww.w3.org%2F2000%2Fsvg%27%20fill%3D%22%23e4e4e4%22%20viewBox%3D%270%200%20120%2080%27%20width%3D%22120%22%20height%3D%2280%22%3E%3Cpath%20d%3D%27M0%200h120v80H0z%27%2F%3E%3C%2Fsvg%3E\"  width=\"120\" height=\"80\" loading=\"lazy\" alt=\"Erosion de la falaise \u00e0 P\u00e9nestin, dans le Morbihan. \"\/><\/p>\n<p class=\"latino-300r latino-lg-600m text-grey-800\">\n                      <strong class=\"latino-300b latino-lg-600m text-grey-500\">D\u00e9cryptage\u00a0<\/strong><br \/>\n                    \u00ab\u00a0Il faut arr\u00eater de b\u00e9tonner \u00e0 tout-va\u00a0\u00bb\u00a0: comment rendre des zones habit\u00e9es menac\u00e9es \u00e0 la nature\u00a0?        <\/p>\n<p><\/a><\/p>\n<p class=\"node__paragraphe antonia-750r text-grey-800 pb-24 pb-md-30\">\nIls recommandent aussi \u00ab\u00a0une solide \u00e9valuation des risques\u00a0\u00bb de s\u00e9cheresse \u00e0 l\u2019aune du changement climatique pour mettre en place une strat\u00e9gie apr\u00e8s 2030, ou encore d\u2019allouer la ressource en eau en fonction des besoins de chaque usager.<\/p>\n<p class=\"node__paragraphe antonia-750r text-grey-800 pb-24 pb-md-30\">\nAujourd\u2019hui, les usagers peuvent proc\u00e9der \u00e0 des pr\u00e9l\u00e8vements illimit\u00e9s, sauf en cas de s\u00e9cheresse, s\u2019ils d\u00e9montrent \u00ab\u00a0que la ressource ou les \u00e9cosyst\u00e8mes n\u2019en p\u00e2tiront pas\u00a0\u00bb. Le rapport appelle enfin \u00e0 d\u00e9velopper la r\u00e9utilisation des eaux industrielles ou la collecte des eaux de pluie.<\/p>\n<p class=\"authors latino-600m text-grey-800\">\n<p>  Par\u00a0<br \/>\nLe Nouvel Obs avec AFP<\/p>\n","protected":false},"excerpt":{"rendered":"Par\u00a0 Le Nouvel Obs avec AFP Publi\u00e9 le\u00a017 mars 2025 \u00e0 12h08 Lecture\u00a0:\u00a02\u00a0min. Un agent municipal de la&hellip;\n","protected":false},"author":2,"featured_media":286658,"comment_status":"","ping_status":"","sticky":false,"template":"","format":"standard","meta":{"footnotes":""},"categories":[1592],"tags":[17,1111,11,898,1129,32636,1777,674,1011,27,4323,662,18636,12,27745,626,25,42557,42558],"class_list":{"0":"post-286657","1":"post","2":"type-post","3":"status-publish","4":"format-standard","5":"has-post-thumbnail","7":"category-ile-de-france","8":"tag-17","9":"tag-actu","10":"tag-actualites","11":"tag-alerte","12":"tag-climat","13":"tag-ecoloobs","14":"tag-eu","15":"tag-europe","16":"tag-fr","17":"tag-france","18":"tag-ile","19":"tag-ile-de-france","20":"tag-menacee","21":"tag-news","22":"tag-ocde","23":"tag-paris","24":"tag-republique-francaise","25":"tag-secheresses","26":"tag-severes"},"share_on_mastodon":{"url":"https:\/\/pubeurope.com\/@fr\/114947799460144875","error":""},"_links":{"self":[{"href":"https:\/\/www.europesays.com\/fr\/wp-json\/wp\/v2\/posts\/286657","targetHints":{"allow":["GET"]}}],"collection":[{"href":"https:\/\/www.europesays.com\/fr\/wp-json\/wp\/v2\/posts"}],"about":[{"href":"https:\/\/www.europesays.com\/fr\/wp-json\/wp\/v2\/types\/post"}],"author":[{"embeddable":true,"href":"https:\/\/www.europesays.com\/fr\/wp-json\/wp\/v2\/users\/2"}],"replies":[{"embeddable":true,"href":"https:\/\/www.europesays.com\/fr\/wp-json\/wp\/v2\/comments?post=286657"}],"version-history":[{"count":0,"href":"https:\/\/www.europesays.com\/fr\/wp-json\/wp\/v2\/posts\/286657\/revisions"}],"wp:featuredmedia":[{"embeddable":true,"href":"https:\/\/www.europesays.com\/fr\/wp-json\/wp\/v2\/media\/286658"}],"wp:attachment":[{"href":"https:\/\/www.europesays.com\/fr\/wp-json\/wp\/v2\/media?parent=286657"}],"wp:term":[{"taxonomy":"category","embeddable":true,"href":"https:\/\/www.europesays.com\/fr\/wp-json\/wp\/v2\/categories?post=286657"},{"taxonomy":"post_tag","embeddable":true,"href":"https:\/\/www.europesays.com\/fr\/wp-json\/wp\/v2\/tags?post=286657"}],"curies":[{"name":"wp","href":"https:\/\/api.w.org\/{rel}","templated":true}]}}