{"id":28666,"date":"2025-04-16T06:56:22","date_gmt":"2025-04-16T06:56:22","guid":{"rendered":"https:\/\/www.europesays.com\/fr\/28666\/"},"modified":"2025-04-16T06:56:22","modified_gmt":"2025-04-16T06:56:22","slug":"la-chasse-aux-oeuvres-a-quoi-correspond-cette-image-prise-a-nancy","status":"publish","type":"post","link":"https:\/\/www.europesays.com\/fr\/28666\/","title":{"rendered":"La Chasse aux \u0153uvres. \u00c0 quoi correspond cette image prise \u00e0 Nancy ?"},"content":{"rendered":"<p>  A quoi correspond cette image prise \u00e0 Nancy\u00a0?<\/p>\n<p><strong>Un indice\u00a0:<\/strong> ceci n&rsquo;est pas un lyc\u00e9e.<\/p>\n<p>Retrouvez la r\u00e9ponse sur notre site d\u00e8s demain matin, 7h, et d\u00e9couvrez une nouvelle photo \u00e0 d\u00e9crypter.<\/p>\n<p>\n  R\u00e9ponse du lundi 14 avril\n<\/p>\n<p>Il s\u2019agit <a href=\"https:\/\/www.estrepublicain.fr\/culture-loisirs\/2024\/09\/21\/journees-europeennes-du-patrimoine-dans-les-coulisses-de-la-tour-panoramique-a-maxeville-ce-samedi\" target=\"_blank\" rel=\"nofollow noopener\">de la Tour panoramique, situ\u00e9e \u00e0 Max\u00e9ville,<\/a> pr\u00e8s du quartier du Haut-du-Li\u00e8vre.Son nom officiel est la tour des Aulnes. C\u2019est la plus grande tour de Lorraine. Elle est class\u00e9e Immeuble grande hauteur (IGH).<\/p>\n<p>Le b\u00e2timent de 96 m\u00e8tres (108\u00a0m\u00e8tres avec les antennes) est visible \u00e0 plusieurs kilom\u00e8tres aux environs, plant\u00e9e en haut de sa colline et offre une vue imprenable sur le Grand Nancy.<\/p>\n<p>L\u2019\u00e9difice a \u00e9t\u00e9 construit en 1969, et achev\u00e9 en 1971. C\u2019\u00e9tait un symbole de modernit\u00e9 \u00e0 cette \u00e9poque avec ses 31 \u00e9tages, 109 logements, 4 locaux commerciaux, une grande salle panoramique et ses 4 ascenseurs \u00e0 grande vitesse.<\/p>\n<p>Mais aujourd\u2019hui, ce b\u00e2timent embl\u00e9matique de l\u2019agglom\u00e9ration nanc\u00e9ienne <a href=\"https:\/\/www.estrepublicain.fr\/societe\/2025\/03\/21\/tour-panoramique-un-film-et-un-livre-avant-sa-destruction\" target=\"_blank\" rel=\"nofollow noopener\">est vou\u00e9 \u00e0 dispara\u00eetre du paysage,<\/a> act\u00e9 en conseil municipal depuis 2019. Devenu trop v\u00e9tuste, il est pr\u00e9vu pour \u00eatre d\u00e9moli en 2026.<\/p>\n<p>Son entretien est devenu un gouffre financier (un d\u00e9ficit annuel de 700 000 \u20ac). N\u00e9cessitant le relogement progressif de ses habitants, il compte encore une trentaine de locataires. Un d\u00e9part \u00e0 contrec\u0153ur pour certains d\u2019entre eux.<\/p>\n","protected":false},"excerpt":{"rendered":"A quoi correspond cette image prise \u00e0 Nancy\u00a0? Un indice\u00a0: ceci n&rsquo;est pas un lyc\u00e9e. Retrouvez la r\u00e9ponse&hellip;\n","protected":false},"author":2,"featured_media":28667,"comment_status":"","ping_status":"","sticky":false,"template":"","format":"standard","meta":{"footnotes":""},"categories":[9635],"tags":[1111,11,1687,1707,1704,1706,1705,1777,674,1011,27,775,10061,1702,12,2661,25],"class_list":{"0":"post-28666","1":"post","2":"type-post","3":"status-publish","4":"format-standard","5":"has-post-thumbnail","7":"category-nancy","8":"tag-actu","9":"tag-actualites","10":"tag-culture-loisirs","11":"tag-edition-luneville","12":"tag-edition-nancy-et-agglomeration","13":"tag-edition-pont-a-mousson","14":"tag-edition-toul","15":"tag-eu","16":"tag-europe","17":"tag-fr","18":"tag-france","19":"tag-grand-est","20":"tag-maxeville","21":"tag-nancy","22":"tag-news","23":"tag-patrimoine-culturel","24":"tag-republique-francaise"},"share_on_mastodon":{"url":"https:\/\/pubeurope.com\/@fr\/114346340175355771","error":""},"_links":{"self":[{"href":"https:\/\/www.europesays.com\/fr\/wp-json\/wp\/v2\/posts\/28666","targetHints":{"allow":["GET"]}}],"collection":[{"href":"https:\/\/www.europesays.com\/fr\/wp-json\/wp\/v2\/posts"}],"about":[{"href":"https:\/\/www.europesays.com\/fr\/wp-json\/wp\/v2\/types\/post"}],"author":[{"embeddable":true,"href":"https:\/\/www.europesays.com\/fr\/wp-json\/wp\/v2\/users\/2"}],"replies":[{"embeddable":true,"href":"https:\/\/www.europesays.com\/fr\/wp-json\/wp\/v2\/comments?post=28666"}],"version-history":[{"count":0,"href":"https:\/\/www.europesays.com\/fr\/wp-json\/wp\/v2\/posts\/28666\/revisions"}],"wp:featuredmedia":[{"embeddable":true,"href":"https:\/\/www.europesays.com\/fr\/wp-json\/wp\/v2\/media\/28667"}],"wp:attachment":[{"href":"https:\/\/www.europesays.com\/fr\/wp-json\/wp\/v2\/media?parent=28666"}],"wp:term":[{"taxonomy":"category","embeddable":true,"href":"https:\/\/www.europesays.com\/fr\/wp-json\/wp\/v2\/categories?post=28666"},{"taxonomy":"post_tag","embeddable":true,"href":"https:\/\/www.europesays.com\/fr\/wp-json\/wp\/v2\/tags?post=28666"}],"curies":[{"name":"wp","href":"https:\/\/api.w.org\/{rel}","templated":true}]}}