{"id":286665,"date":"2025-07-31T12:19:11","date_gmt":"2025-07-31T12:19:11","guid":{"rendered":"https:\/\/www.europesays.com\/fr\/286665\/"},"modified":"2025-07-31T12:19:11","modified_gmt":"2025-07-31T12:19:11","slug":"travaux-dete-dans-les-transports-perturbations-majeures-sur-les-lignes-de-metro-rer-et-transilien-en-aout","status":"publish","type":"post","link":"https:\/\/www.europesays.com\/fr\/286665\/","title":{"rendered":"Travaux d\u2019\u00e9t\u00e9\u00a0dans les transports\u00a0: perturbations majeures sur les lignes de m\u00e9tro, RER et Transilien en ao\u00fbt"},"content":{"rendered":"<p class=\"paragraph text_align_left lp-f-body-02\">Nous en sommes \u00e0 la mi-temps. En ce mois d\u2019ao\u00fbt, la campagne de travaux de l\u2019\u00e9t\u00e9 2025 entre dans sa deuxi\u00e8me moiti\u00e9. En raison du \u00ab moratoire \u00bb olympique de 2024, <a href=\"https:\/\/www.leparisien.fr\/info-paris-ile-de-france-oise\/transports\/train-rer-et-metros-en-juillet-pas-de-vacances-pour-les-chantiers-et-les-fermetures-de-lignes-05-07-2025-YJ46WIO6Q5GXNE6DHMDHVZBO6A.php\" target=\"_self\" rel=\"noopener\">les chantiers sont tr\u00e8s nombreux<\/a> cette ann\u00e9e sur le r\u00e9seau ferroviaire d\u2019\u00cele-de-France, mais aussi sur les routes.<\/p>\n<p class=\"paragraph text_align_left lp-f-body-02\"><a href=\"https:\/\/www.leparisien.fr\/info-paris-ile-de-france-oise\/transports\/ratp\/\" target=\"_self\" rel=\"noopener\">M\u00e9tro, <\/a>RER, Transilien\u2026 Gare \u00e0 bien planifier vos d\u00e9placements, car les tron\u00e7ons coup\u00e9s sont fr\u00e9quents et les interruptions de service peuvent arriver tr\u00e8s t\u00f4t en soir\u00e9e. Il est conseill\u00e9 de consulter les applis IDF Mobilit\u00e9s, Bonjour RATP, SNCF Connect ou encore Citymapper pour ne pas avoir de mauvaise surprise. D\u2019autant que les lignes qui ne sont pas en travaux tournent au ralenti au c\u0153ur de l\u2019\u00e9t\u00e9, avec des temps d\u2019attente nettement plus longs entre deux passages. Voici ce qui vous attend \u00e0 compter du 1er ao\u00fbt.<\/p>\n<p>M\u00e9tro : les lignes 9 et 14 \u00e0 l\u2019arr\u00eat d\u00e8s lundi<\/p>\n<p class=\"paragraph text_align_left lp-f-body-02\">C\u00f4t\u00e9 bonnes nouvelles : la <b>ligne 3<\/b> rouvre ce lundi 4 ao\u00fbt entre Op\u00e9ra et Gallieni. En Seine-Saint-Denis, le tram <b>T1<\/b> reprend du service le 1er ao\u00fbt entre H\u00f4pital-Delafontaine et Saint-Denis.<\/p>\n<p class=\"paragraph text_align_left lp-f-body-02\">En revanche, c\u2019est au tour des lignes tr\u00e8s fr\u00e9quent\u00e9es,<a href=\"https:\/\/www.leparisien.fr\/info-paris-ile-de-france-oise\/transports\/materiel-dernier-cri-nouvelle-signalisation-la-modernisation-de-la-ligne-9-du-metro-saccelere-01-04-2025-KDEQCKFSKJGYJO2S3KROSPJ7AY.php\" target=\"_self\" rel=\"noopener\"> la 9 <\/a>et <a href=\"https:\/\/www.leparisien.fr\/info-paris-ile-de-france-oise\/transports\/cest-un-exploit-mondial-un-metro-toutes-les-85-secondes-sur-la-ligne-14-aux-heures-de-pointe-09-04-2025-MGO3IVHGCZBTTMG2RWARYV3GVI.php\" target=\"_self\" rel=\"noopener\">la 14<\/a>, de s\u2019\u00e9clipser. La <b>ligne 14 <\/b>ferme ses portes du 4 au 8 ao\u00fbt inclus, entre Saint-Denis Pleyel et A\u00e9roport d\u2019Orly, afin de mettre \u00e0 niveau son syst\u00e8me de pilotage automatique. \u00ab Un bus de remplacement circulera entre Gare-de-Lyon et Olympiades, et des bus Noctilien seront en service toutes les nuits \u00bb, indique la RATP.<\/p>\n<p class=\"paragraph text_align_left lp-f-body-02\">La <b>ligne 9<\/b>, elle aussi, est interrompue totalement dans les deux sens (Pont-de-S\u00e8vres &#8211; Mairie-de-Montreuil) du lundi 4 ao\u00fbt, \u00e0 partir de 22h45, jusqu\u2019au vendredi 8 ao\u00fbt inclus. Des bus de substitution circuleront entre Mairie-de-Montreuil et Nation. Dans le m\u00eame temps, la <b>ligne 12<\/b>, elle, reste close jusqu\u2019au jeudi 7 ao\u00fbt inclus, entre Montparnasse et Mairie-d\u2019Issy. Des bus relient les stations inaccessibles.<\/p>\n<p class=\"paragraph text_align_left lp-f-body-02\">Et ce n\u2019est pas tout ! La <b>ligne 1 <\/b>sera ensuite ferm\u00e9e \u00e0 partir de lundi 11 ao\u00fbt, jusqu\u2019au 31 ao\u00fbt, entre La D\u00e9fense et Charles-de-Gaulle-\u00c9toile. Motif : quatre appareils de voie vont \u00eatre renouvel\u00e9s \u00e0 la station des Sablons. Un bus de remplacement circulera dans les deux sens entre La D\u00e9fense et \u00c9toile. Puis ce sera \u00e0 la <b>ligne 8<\/b> de dispara\u00eetre entre Concorde et Reuilly-Diderot, du 18 au 31 ao\u00fbt.<\/p>\n<p><img decoding=\"async\" class=\"image \" loading=\"lazy\" src=\"https:\/\/www.europesays.com\/fr\/wp-content\/uploads\/2025\/07\/PCU2FDZHAFFNHN5EX7IDY2OC4U.jpg\" alt=\"\" align=\"\" data-rubrique-principale=\"\" data-article-type=\"\" fetchpriority=\"auto\"\/>Les RER A, B et C partiellement \u00e0 l\u2019arr\u00eat<\/p>\n<p class=\"paragraph text_align_left lp-f-body-02\">Du c\u00f4t\u00e9 des RER, la <b>ligne A <\/b>s\u2019absente entre Saint-Germain-en-Laye et Rueil-Malmaison, d\u00e8s 22h30, seulement les 8 et 22 ao\u00fbt. Mais entre Saint-Germain-en-Laye et Le V\u00e9sinet-Le Pecq, les <a href=\"https:\/\/www.leparisien.fr\/info-paris-ile-de-france-oise\/transports\/rer-a\/\" target=\"_self\" rel=\"noopener\">RER A <\/a>ne circuleront plus du 9 au 22 ao\u00fbt inclus.<\/p>\n<p class=\"paragraph text_align_left lp-f-body-02\">Les usagers de la branche sud du <b>RER B<\/b> doivent prendre leur mal en patience entre les gares de Massy-Palaiseau (Essonne) et La Croix-de-Berny (Hauts-de-Seine). Le trafic ferroviaire sur ce tron\u00e7on est stopp\u00e9 jusqu\u2019au 27 ao\u00fbt. Des liaisons en bus seront mises en place. Du 15 au 17 ao\u00fbt inclus <a href=\"https:\/\/www.leparisien.fr\/info-paris-ile-de-france-oise\/transports\/rer-b\/\" target=\"_self\" rel=\"noopener\">la ligne B<\/a> sera aussi coup\u00e9e entre Gare-du-Nord et Mitry-Claye (Seine-et-Marne). Un service de bus sera mis en place et \u00ab des trains circuleront entre Aulnay-sous-Bois et A\u00e9roport-Charles-de-Gaulle-2-TGV durant l\u2019interruption \u00bb, pr\u00e9vient la SNCF.<\/p>\n<p><img decoding=\"async\" class=\"image \" loading=\"lazy\" src=\"https:\/\/www.europesays.com\/fr\/wp-content\/uploads\/2025\/07\/DT7VJAPGORFGTKKZB3RNH3RDN4.jpg\" alt=\"\" align=\"\" data-rubrique-principale=\"\" data-article-type=\"\" fetchpriority=\"auto\"\/><\/p>\n<p class=\"paragraph text_align_left lp-f-body-02\">Le <b>RER C<\/b>, lui, poursuit ses grands travaux. Du 1er au 22 ao\u00fbt, le trafic est stopp\u00e9 entre la gare d\u2019Austerlitz, Montigny-Beauchamp et Pontoise (Val-d\u2019Oise), afin de poursuivre <a href=\"https:\/\/www.leparisien.fr\/info-paris-ile-de-france-oise\/transports\/rer-c-operation-coup-de-poing-pour-remplacer-le-pont-des-souverains-au-nord-de-paris-09-05-2025-TFPUSB3NVVF4TCAEMM2LAYXN5U.php\" target=\"_self\" rel=\"noopener\">la r\u00e9novation du pont des Souverains<\/a>, un ouvrage construit en 1868, qui soutient les voies sur lesquelles roulent quotidiennement les 1 600 trains de la gare Saint-Lazare.<\/p>\n<p class=\"paragraph text_align_left lp-f-body-02\">Jusqu\u2019au 23 ao\u00fbt, toujours sur<a href=\"https:\/\/www.leparisien.fr\/info-paris-ile-de-france-oise\/transports\/rer-c\/\" target=\"_self\" rel=\"noopener\"> la ligne C,<\/a> pas de trains entre la gare d\u2019Austerlitz et la gare Avenue-Henri-Martin (Paris XVIe). Idem pour les branches desservant Versailles-Ch\u00e2teau et Saint-Quentin-en-Yvelines, \u00e0 l\u2019ouest : l\u2019interruption est pr\u00e9vue jusqu\u2019au 23 ao\u00fbt. Enfin, la branche Massy &#8211; Pont-de-Rungis est aussi ferm\u00e9e aux m\u00eames dates.<\/p>\n<p>Transilien : cinq lignes partiellement coup\u00e9es<\/p>\n<p class=\"paragraph text_align_left lp-f-body-02\"><a href=\"https:\/\/www.leparisien.fr\/economie\/sncf\/\" target=\"_self\" rel=\"noopener\">SNCF<\/a> R\u00e9seau multiplie les op\u00e9rations de \u00ab r\u00e9g\u00e9n\u00e9ration \u00bb sur les lignes de Transilien. Sur la <b>ligne J<\/b>, du 18 au 29 ao\u00fbt, sauf les samedis et dimanches, le trafic est \u00e0 l\u2019arr\u00eat entre Pontoise (Val-d\u2019Oise) et Gisors (Eure). Un service de bus de remplacement est mis en place.<\/p>\n<p class=\"paragraph text_align_left lp-f-body-02\">Sur la <b>ligne K<\/b>, du 15 au 17 ao\u00fbt, le service est suspendu entre la gare du Nord et Mitry-Claye. Cette fermeture est li\u00e9e au <a href=\"https:\/\/www.leparisien.fr\/info-paris-ile-de-france-oise\/transports\/remplacement-du-pont-ferroviaire-du-faisceau-nord-les-grandes-manoeuvres-commencent-a-saint-denis-18-10-2024-WRZ2GCWNJBDTPBKORXQHYRMY3A.php\" rel=\"noopener\" target=\"_blank\">chantier g\u00e9ant de remplacement du pont des Cath\u00e9drales<\/a>, \u00e0 Saint-Denis (Seine-Saint-Denis).<\/p>\n<p class=\"paragraph text_align_left lp-f-body-02\">La <b>ligne L<\/b> elle aussi passe en mode estival. Du 1er au 12 ao\u00fbt, sauf le samedi et dimanche, les missions Saint-Lazare &#8211; Nanterre-Universit\u00e9 sont supprim\u00e9es. Le trafic est interrompu entre la gare Saint-Lazare et La Garenne-Colombes. Un service de bus de remplacement est mis en place entre Asni\u00e8res-sur-Seine et La Garenne-Colombes (Hauts-de-Seine).<\/p>\n<p class=\"paragraph text_align_left lp-f-body-02\">De m\u00eame, du 1er au 4 ao\u00fbt les trains ne roulent pas entre la gare Saint-Lazare et La D\u00e9fense sur les plages horaires suivantes : pas de service avant 6h30, puis coupure entre 10 heures et 16h30, et nouvelle interruption de 20 heures \u00e0 la fin de service. \u00ab Les clients souhaitant se rendre \u00e0 la gare de La D\u00e9fense sous invit\u00e9s \u00e0 emprunter le RER A direction Poissy ou Cergy-le-Haut \u00bb, sugg\u00e8re la SNCF.<\/p>\n<p class=\"paragraph text_align_left lp-f-body-02\">La <b>ligne N<\/b> sera indisponible entre Mantes-la-Jolie et \u00c9p\u00f4ne-M\u00e9zi\u00e8res (Yvelines), du 15 au 17 ao\u00fbt, puis le week-end des 23 et 24 ao\u00fbt (jusqu\u2019\u00e0 16h30). Et jusqu\u2019au 8 ao\u00fbt, la <b>ligne P<\/b> ne circule pas entre Meaux et La Fert\u00e9-Milon (Seine-et-Marne). Un service de bus de remplacement est mis en place. Enfin, entre Melun et Montereau via H\u00e9ricy, <b>la ligne R<\/b> n\u2019est ouverte que de 10h20 \u00e0 15h25, en semaine, du 4 au 29 ao\u00fbt.<\/p>\n","protected":false},"excerpt":{"rendered":"Nous en sommes \u00e0 la mi-temps. En ce mois d\u2019ao\u00fbt, la campagne de travaux de l\u2019\u00e9t\u00e9 2025 entre&hellip;\n","protected":false},"author":2,"featured_media":286666,"comment_status":"","ping_status":"","sticky":false,"template":"","format":"standard","meta":{"footnotes":""},"categories":[1888],"tags":[11,1777,674,1011,27,1944,12,626,25,2382],"class_list":{"0":"post-286665","1":"post","2":"type-post","3":"status-publish","4":"format-standard","5":"has-post-thumbnail","7":"category-paris","8":"tag-actualites","9":"tag-eu","10":"tag-europe","11":"tag-fr","12":"tag-france","13":"tag-ma-ville","14":"tag-news","15":"tag-paris","16":"tag-republique-francaise","17":"tag-transport-idf-oise"},"share_on_mastodon":{"url":"https:\/\/pubeurope.com\/@fr\/114947815166246276","error":""},"_links":{"self":[{"href":"https:\/\/www.europesays.com\/fr\/wp-json\/wp\/v2\/posts\/286665","targetHints":{"allow":["GET"]}}],"collection":[{"href":"https:\/\/www.europesays.com\/fr\/wp-json\/wp\/v2\/posts"}],"about":[{"href":"https:\/\/www.europesays.com\/fr\/wp-json\/wp\/v2\/types\/post"}],"author":[{"embeddable":true,"href":"https:\/\/www.europesays.com\/fr\/wp-json\/wp\/v2\/users\/2"}],"replies":[{"embeddable":true,"href":"https:\/\/www.europesays.com\/fr\/wp-json\/wp\/v2\/comments?post=286665"}],"version-history":[{"count":0,"href":"https:\/\/www.europesays.com\/fr\/wp-json\/wp\/v2\/posts\/286665\/revisions"}],"wp:featuredmedia":[{"embeddable":true,"href":"https:\/\/www.europesays.com\/fr\/wp-json\/wp\/v2\/media\/286666"}],"wp:attachment":[{"href":"https:\/\/www.europesays.com\/fr\/wp-json\/wp\/v2\/media?parent=286665"}],"wp:term":[{"taxonomy":"category","embeddable":true,"href":"https:\/\/www.europesays.com\/fr\/wp-json\/wp\/v2\/categories?post=286665"},{"taxonomy":"post_tag","embeddable":true,"href":"https:\/\/www.europesays.com\/fr\/wp-json\/wp\/v2\/tags?post=286665"}],"curies":[{"name":"wp","href":"https:\/\/api.w.org\/{rel}","templated":true}]}}