{"id":286669,"date":"2025-07-31T12:21:14","date_gmt":"2025-07-31T12:21:14","guid":{"rendered":"https:\/\/www.europesays.com\/fr\/286669\/"},"modified":"2025-07-31T12:21:14","modified_gmt":"2025-07-31T12:21:14","slug":"aujourdhui-nous-navons-plus-dallies-sur-le-champ-de-bataille","status":"publish","type":"post","link":"https:\/\/www.europesays.com\/fr\/286669\/","title":{"rendered":"\u201cAujourd\u2019hui, nous n\u2019avons plus d\u2019alli\u00e9s sur le champ de bataille\u201d"},"content":{"rendered":"\n<p>Intervenant le 28\u00a0juillet au Forum \u00e9ducatif national pour la jeunesse, un \u00e9v\u00e9nement patriotique qui se tient pendant plusieurs jours tous les ans \u00e0 Moscou, le chef de la diplomatie russe a, une fois de plus, expos\u00e9 sa vision de la guerre contre l\u2019Ukraine, qui fait rage depuis f\u00e9vrier 2022. Il a ainsi d\u00e9roul\u00e9 le r\u00e9cit en vogue chez les propagandistes de Moscou selon lequel la Russie n\u2019avait pas d\u2019autre choix que de lancer son \u201cop\u00e9ration militaire sp\u00e9ciale\u201d, le nom toujours impos\u00e9 par les autorit\u00e9s pour d\u00e9signer l\u2019invasion de l\u2019Ukraine.<\/p>\n<p>\u201cNous insistons sur ce qui est notre exigence l\u00e9gitime, \u00e0 savoir la garantie de notre s\u00e9curit\u00e9\u00a0: pas d\u2019adh\u00e9sion de l\u2019Ukraine \u00e0 l\u2019Otan, pas d\u2019\u00e9largissement de l\u2019Otan\u201d, a-t-il dit, <a class=\"ithalc\" data-ithal=\"lien_externe\" data-ithalc=\"[nav_article]\" target=\"_blank\" href=\"https:\/\/www.rbc.ru\/politics\/31\/07\/2025\/688887169a794771e0c35949\" rel=\"noopener\">cit\u00e9 par l\u2019agence \u00e9conomique <strong>RBK, <\/strong>de Moscou<\/a>. \u201cEt, bien s\u00fbr, la reconnaissance des r\u00e9alit\u00e9s inscrites dans notre Constitution, c\u2019est une exigence sans autre option\u201d, a-t-il poursuivi, en r\u00e9f\u00e9rence \u00e0 l\u2019annexion des territoires conquis en Ukraine, d\u00e9sormais inscrits dans la Constitution du pays.<\/p>\n<p>Il a aussi martel\u00e9 que, dans cette guerre, la Russie \u00e9tait \u2013 et ce pour la premi\u00e8re fois de toute son histoire \u2013 compl\u00e8tement seule face \u00e0 ses ennemis, et ne devrait par cons\u00e9quent compter que sur elle-m\u00eame. \u201cIl ne faudra donc montrer aucune mollesse, aucune faiblesse\u201d, a-t-il insist\u00e9<\/p>\n","protected":false},"excerpt":{"rendered":"Intervenant le 28\u00a0juillet au Forum \u00e9ducatif national pour la jeunesse, un \u00e9v\u00e9nement patriotique qui se tient pendant plusieurs&hellip;\n","protected":false},"author":2,"featured_media":286670,"comment_status":"","ping_status":"","sticky":false,"template":"","format":"standard","meta":{"footnotes":""},"categories":[1591],"tags":[11,674,1887,1892,131,12,1885,1886,132,220],"class_list":{"0":"post-286669","1":"post","2":"type-post","3":"status-publish","4":"format-standard","5":"has-post-thumbnail","7":"category-russie","8":"tag-actualites","9":"tag-europe","10":"tag-federation-de-russie","11":"tag-gu00e9opolitique","12":"tag-guerre-en-ukraine","13":"tag-news","14":"tag-russia","15":"tag-russian-federation","16":"tag-russie","17":"tag-ukraine"},"share_on_mastodon":{"url":"https:\/\/pubeurope.com\/@fr\/114947823048827969","error":""},"_links":{"self":[{"href":"https:\/\/www.europesays.com\/fr\/wp-json\/wp\/v2\/posts\/286669","targetHints":{"allow":["GET"]}}],"collection":[{"href":"https:\/\/www.europesays.com\/fr\/wp-json\/wp\/v2\/posts"}],"about":[{"href":"https:\/\/www.europesays.com\/fr\/wp-json\/wp\/v2\/types\/post"}],"author":[{"embeddable":true,"href":"https:\/\/www.europesays.com\/fr\/wp-json\/wp\/v2\/users\/2"}],"replies":[{"embeddable":true,"href":"https:\/\/www.europesays.com\/fr\/wp-json\/wp\/v2\/comments?post=286669"}],"version-history":[{"count":0,"href":"https:\/\/www.europesays.com\/fr\/wp-json\/wp\/v2\/posts\/286669\/revisions"}],"wp:featuredmedia":[{"embeddable":true,"href":"https:\/\/www.europesays.com\/fr\/wp-json\/wp\/v2\/media\/286670"}],"wp:attachment":[{"href":"https:\/\/www.europesays.com\/fr\/wp-json\/wp\/v2\/media?parent=286669"}],"wp:term":[{"taxonomy":"category","embeddable":true,"href":"https:\/\/www.europesays.com\/fr\/wp-json\/wp\/v2\/categories?post=286669"},{"taxonomy":"post_tag","embeddable":true,"href":"https:\/\/www.europesays.com\/fr\/wp-json\/wp\/v2\/tags?post=286669"}],"curies":[{"name":"wp","href":"https:\/\/api.w.org\/{rel}","templated":true}]}}