{"id":286671,"date":"2025-07-31T12:22:17","date_gmt":"2025-07-31T12:22:17","guid":{"rendered":"https:\/\/www.europesays.com\/fr\/286671\/"},"modified":"2025-07-31T12:22:17","modified_gmt":"2025-07-31T12:22:17","slug":"ces-frappes-russes-montrent-que-poutine-nest-pas-encore-pret-a-ceder-a-lultimatum-de-trump","status":"publish","type":"post","link":"https:\/\/www.europesays.com\/fr\/286671\/","title":{"rendered":"Ces frappes russes montrent que Poutine n\u2019est pas encore pr\u00eat \u00e0 c\u00e9der \u00e0 l\u2019ultimatum de Trump"},"content":{"rendered":"<p>        <img decoding=\"async\" loading=\"lazy\" src=\"https:\/\/www.europesays.com\/fr\/wp-content\/uploads\/2025\/07\/51fb5fd_upload-1-1ka5nrvm9tno-afp-20250731-68e24kk-v2-highres-ukrainerussiaconflictwar.jpg\"  width=\"728\" height=\"409\" alt=\"La ville de Kiev a \u00e9t\u00e9 touch\u00e9e par des frappes russes ce jeudi matin.\"\/>  <\/p>\n<p>HANDOUT \/ AFP<\/p>\n<p>La ville de Kiev a \u00e9t\u00e9 touch\u00e9e par des frappes russes ce jeudi matin.<\/p>\n<p class=\"asset asset-text\">UKRAINE &#8211; Aucun signe de tr\u00eave \u00e0 l\u2019horizon. \u00c0 seulement quelques jours de<a href=\"https:\/\/www.huffingtonpost.fr\/international\/article\/trump-se-dit-tres-decu-et-va-finalement-laisser-moins-de-temps-a-la-russie-pour-cesser-la-guerre-en-ukraine_253052.html\" rel=\"nofollow noopener\" target=\"_blank\"> la date butoir fix\u00e9e par Donald Trump <\/a>\u00e0 Vladimir Poutine pour mettre un terme \u00e0 la guerre en Ukraine, le Kremlin semble renforcer son offensive. Ce jeudi 31\u00a0juillet au matin, <a href=\"https:\/\/www.huffingtonpost.fr\/international\/article\/guerre-en-ukraine-ce-que-l-on-sait-de-l-attaque-russe-a-kiev-la-plus-massive-depuis-le-debut-du-conflit_252216.html\" rel=\"nofollow noopener\" target=\"_blank\">Kiev<\/a> fait \u00e9tat de six morts apr\u00e8s une attaque de missiles et de drones sur la capitale, tandis que la Russie se vante d\u2019avoir conquis la ville de Tchassiv Iar, \u00e0 l\u2019est de l\u2019Ukraine.<\/p>\n<p class=\"asset asset-text\">Tchassiv Iar, au c\u0153ur des combats depuis des mois, \u00ab\u00a0a \u00e9t\u00e9 lib\u00e9r\u00e9e\u00a0\u00bb par les forces russes, a indiqu\u00e9 le minist\u00e8re russe de la D\u00e9fense dans un communiqu\u00e9.<\/p>\n<p class=\"asset asset-text\">La prise de cet ancien bastion de l\u2019arm\u00e9e ukrainienne dans la r\u00e9gion de Donetsk pourrait accro\u00eetre le danger pour des villes comme Kramatorsk et Sloviansk, bases logistiques importantes de l\u2019arm\u00e9e ukrainienne et o\u00f9 de nombreux habitants se trouvent encore.<\/p>\n<p class=\"asset asset-text\">La conqu\u00eate de cette ville a toutefois \u00e9t\u00e9 d\u00e9mentie par l\u2019arm\u00e9e ukrainienne. \u00ab\u00a0Ce n\u2019est pas vrai (&#8230;), c\u2019est un mensonge total\u00a0\u00bb, a d\u00e9clar\u00e9 \u00e0 l\u2019AFP Viktor Tregoubov, porte-parole du groupement de forces Khortytsia, charg\u00e9 de la zone.<\/p>\n<p>                     \u00ab\u00a0Un matin horrible\u00a0\u00bb    <\/p>\n<p class=\"asset asset-text\">De son c\u00f4t\u00e9, l\u2019arm\u00e9e de l\u2019air ukrainienne affirme que la Russie a lanc\u00e9 \u00ab\u00a0309 drones de frappe de type Shahed et divers\u00a0\u00bb autres drones, ainsi que \u00ab\u00a0huit missiles de croisi\u00e8re\u00a0\u00bb sur l\u2019Ukraine, en ciblant principalement Kiev.<\/p>\n<p class=\"asset asset-text\">\u00ab\u00a0\u00c0 l\u2019heure actuelle, six personnes ont \u00e9t\u00e9 tu\u00e9es, dont un gar\u00e7on de six ans et sa m\u00e8re\u00a0\u00bb, a d\u00e9nonc\u00e9 le pr\u00e9sident Volodymyr Zelensky sur les r\u00e9seaux sociaux. Il a d\u00e9nonc\u00e9 un \u00ab\u00a0nouveau spectacle meurtrier\u00a0\u00bb de la part de la Russie, alors que les \u00c9tats-Unis pressent Moscou de mettre un terme \u00e0 plus de trois ans d\u2019invasion de l\u2019Ukraine. \u00ab\u00a0Aujourd\u2019hui, le monde a vu une fois de plus la r\u00e9ponse de la Russie \u00e0 notre d\u00e9sir de paix, partag\u00e9 avec l\u2019Am\u00e9rique et l\u2019Europe\u00a0\u00bb, a poursuivi le dirigeant ukrainien.<\/p>\n<p class=\"asset asset-text\">\u00c9voquant \u00ab\u00a0un matin horrible \u00e0 Kiev\u00a0\u00bb, o\u00f9 \u00ab\u00a0des b\u00e2timents r\u00e9sidentiels ont \u00e9t\u00e9 d\u00e9truits et des \u00e9coles et h\u00f4pitaux endommag\u00e9s\u00a0\u00bb, le ministre ukrainien des Affaires \u00e9trang\u00e8res Andri\u00ef Sybiha a estim\u00e9 sur X qu\u2019il \u00e9tait \u00ab\u00a0temps de mettre la pression maximale sur Moscou\u00a0\u00bb. \u00ab\u00a0Le pr\u00e9sident Trump a \u00e9t\u00e9 tr\u00e8s g\u00e9n\u00e9reux et tr\u00e8s patient avec Poutine, essayant de trouver une solution\u00a0\u00bb, a-t-il poursuivi. \u00ab\u00a0Il est temps de synchroniser toutes les mesures de sanctions. Il est temps d\u2019imposer la paix par la force\u00a0\u00bb alors que le pr\u00e9sident russe \u00ab\u00a0ne cherche qu\u2019\u00e0 d\u00e9truire et tuer\u00a0\u00bb.<\/p>\n<p class=\"asset asset-text\">\u00ab\u00a0Nous devons bloquer compl\u00e8tement la machine de guerre russe (&#8230;) utiliser tous les avoirs russes gel\u00e9s &#8211; y compris les richesses vol\u00e9es issues de la corruption &#8211; pour d\u00e9fendre le monde contre l\u2019agression russe\u00a0\u00bb, a abond\u00e9 Zelensky, s\u2019exprimant par lien vid\u00e9o lors d\u2019une conf\u00e9rence en Finlande marquant les 50\u00a0ans des Accords d\u2019Helsinki.<\/p>\n<p>    \u00ab\u00a0Changement de r\u00e9gime\u00a0\u00bb    <\/p>\n<p class=\"asset asset-text\">\u00ab\u00a0Je crois que la Russie peut \u00eatre pouss\u00e9e \u00e0 mettre fin \u00e0 cette guerre\u00a0\u00bb, a-t-il ajout\u00e9. \u00ab\u00a0Mais si le monde ne vise pas un changement de r\u00e9gime en Russie, cela signifie que m\u00eame apr\u00e8s la fin de la guerre, Moscou continuera \u00e0 tenter de d\u00e9stabiliser les pays voisins.\u00a0\u00bb<\/p>\n<p class=\"asset asset-text\">Les nouvelles frappes russes interviennent alors que\u00a0le pr\u00e9sident am\u00e9ricain Donald Trump a annonc\u00e9 lundi 28\u00a0juillet r\u00e9duire le d\u00e9lai laiss\u00e9 \u00e0 Vladimir Poutine pour mettre un terme \u00e0 la guerre en Ukraine, se disant \u00ab\u00a0tr\u00e8s d\u00e9\u00e7u\u00a0\u00bb par l\u2019attitude de son homologue. Initialement de 50\u00a0jours, ce d\u00e9lai est pass\u00e9 \u00e0 \u00ab\u00a0dix jours\u00a0\u00bb.<\/p>\n<p class=\"asset asset-text\">En cas de poursuite des offensives au-del\u00e0 du 8\u00a0ao\u00fbt, les \u00c9tats-Unis envisagent notamment de prendre des \u00ab\u00a0sanctions secondaires\u00a0\u00bb, c\u2019est-\u00e0-dire des sanctions touchant les pays qui ach\u00e8tent des produits russes, par exemple des hydrocarbures, afin d\u2019ass\u00e9cher les revenus de Moscou.<\/p>\n","protected":false},"excerpt":{"rendered":"HANDOUT \/ AFP La ville de Kiev a \u00e9t\u00e9 touch\u00e9e par des frappes russes ce jeudi matin. UKRAINE&hellip;\n","protected":false},"author":2,"featured_media":286672,"comment_status":"","ping_status":"","sticky":false,"template":"","format":"standard","meta":{"footnotes":""},"categories":[1590],"tags":[11,73,1777,674,131,14,12,132,220],"class_list":{"0":"post-286671","1":"post","2":"type-post","3":"status-publish","4":"format-standard","5":"has-post-thumbnail","7":"category-ukraine","8":"tag-actualites","9":"tag-etats-unis","10":"tag-eu","11":"tag-europe","12":"tag-guerre-en-ukraine","13":"tag-international","14":"tag-news","15":"tag-russie","16":"tag-ukraine"},"share_on_mastodon":{"url":"https:\/\/pubeurope.com\/@fr\/114947827165643924","error":""},"_links":{"self":[{"href":"https:\/\/www.europesays.com\/fr\/wp-json\/wp\/v2\/posts\/286671","targetHints":{"allow":["GET"]}}],"collection":[{"href":"https:\/\/www.europesays.com\/fr\/wp-json\/wp\/v2\/posts"}],"about":[{"href":"https:\/\/www.europesays.com\/fr\/wp-json\/wp\/v2\/types\/post"}],"author":[{"embeddable":true,"href":"https:\/\/www.europesays.com\/fr\/wp-json\/wp\/v2\/users\/2"}],"replies":[{"embeddable":true,"href":"https:\/\/www.europesays.com\/fr\/wp-json\/wp\/v2\/comments?post=286671"}],"version-history":[{"count":0,"href":"https:\/\/www.europesays.com\/fr\/wp-json\/wp\/v2\/posts\/286671\/revisions"}],"wp:featuredmedia":[{"embeddable":true,"href":"https:\/\/www.europesays.com\/fr\/wp-json\/wp\/v2\/media\/286672"}],"wp:attachment":[{"href":"https:\/\/www.europesays.com\/fr\/wp-json\/wp\/v2\/media?parent=286671"}],"wp:term":[{"taxonomy":"category","embeddable":true,"href":"https:\/\/www.europesays.com\/fr\/wp-json\/wp\/v2\/categories?post=286671"},{"taxonomy":"post_tag","embeddable":true,"href":"https:\/\/www.europesays.com\/fr\/wp-json\/wp\/v2\/tags?post=286671"}],"curies":[{"name":"wp","href":"https:\/\/api.w.org\/{rel}","templated":true}]}}