{"id":286673,"date":"2025-07-31T12:23:14","date_gmt":"2025-07-31T12:23:14","guid":{"rendered":"https:\/\/www.europesays.com\/fr\/286673\/"},"modified":"2025-07-31T12:23:14","modified_gmt":"2025-07-31T12:23:14","slug":"volvo-et-mercedes-parmi-les-grands-gagnants","status":"publish","type":"post","link":"https:\/\/www.europesays.com\/fr\/286673\/","title":{"rendered":"Volvo et Mercedes parmi les grands gagnants"},"content":{"rendered":"<p>Donald Trump continue de signer des accords avec les partenaires commerciaux des \u00c9tats-Unis. Apr\u00e8s celui annonc\u00e9 avec le Japon la semaine derni\u00e8re, c&rsquo;est au tour de l&rsquo;Union europ\u00e9enne. Malgr\u00e9 les divergences politiques et le grand d\u00e9s\u00e9quilibre commercial entre ces deux \u00e9normes blocs \u00e9conomiques, il semble enfin y avoir une certaine stabilit\u00e9. Mais dans le paysage automobile, qui gagne et qui perd de cette nouvelle r\u00e9alit\u00e9 ?<\/p>\n<p>Qui sont les gagnants ?<\/p>\n<p>Bien qu&rsquo;il s&rsquo;agisse du constructeur dont les volumes de vente de voitures produites localement aux \u00c9tats-Unis sont les plus faibles, <a href=\"https:\/\/fr.motor1.com\/volvo\/\" data-inline-widget=\"internal-links\" data-type-id=\"2\" data-params=\"%7B%22alias%22%3A%22volvo%22%7D\" rel=\"nofollow noopener\" target=\"_blank\">Volvo<\/a>\/<a href=\"https:\/\/fr.motor1.com\/polestar\/\" data-inline-widget=\"internal-links\" data-type-id=\"2\" data-params=\"%7B%22alias%22%3A%22polestar%22%7D\" rel=\"nofollow noopener\" target=\"_blank\">Polestar<\/a> est le grand gagnant de cet accord. Les chiffres de vente pour le premier semestre de cette ann\u00e9e montrent que la marque a vendu un total de 70 200 v\u00e9hicules neufs aux \u00c9tats-Unis, dont 60 800 ont \u00e9t\u00e9 import\u00e9s de l&rsquo;UE.<\/p>\n<p>\u00c9tant donn\u00e9 que 87 % du volume de ses ventes aux \u00c9tats-Unis sont li\u00e9s au commerce avec l&rsquo;UE, les nouveaux droits de douane de 15 % auront un impact sur le prix final de ses voitures, mais ce sera certainement mieux que ce qui avait \u00e9t\u00e9 annonc\u00e9 au d\u00e9part.<\/p>\n<p>En effet, le constructeur su\u00e9dois d\u00e9tenu par la Chine est \u00e9galement le plus expos\u00e9 \u00e0 la demande am\u00e9ricaine, puisque les ventes de ses voitures fabriqu\u00e9es dans l&rsquo;UE aux \u00c9tats-Unis repr\u00e9sentaient pr\u00e8s de 16 % de ses volumes globaux au premier semestre 2025. Les \u00c9tats-Unis sont un march\u00e9 important pour ces deux marques, et c&rsquo;est pr\u00e9cis\u00e9ment la raison pour laquelle elles augmentent la production dans leur usine de Caroline du Sud.<\/p>\n<p>Les Volvo EX90 et Polestar 3 sont les mod\u00e8les qui y sont actuellement produits, tandis que la marque a annonc\u00e9 que la prochaine g\u00e9n\u00e9ration du XC60 y sera \u00e9galement produite.<\/p>\n<p>        <img decoding=\"async\" src=\"https:\/\/www.europesays.com\/fr\/wp-content\/uploads\/2025\/04\/16x9-tr.png\" alt=\"&lt;p&gt;Volvo EX90&lt;\/p&gt;\" width=\"16\" height=\"9\" loading=\"lazy\"\/><\/p>\n<p>Photo : Volvo<\/p>\n<p>        <img decoding=\"async\" src=\"https:\/\/www.europesays.com\/fr\/wp-content\/uploads\/2025\/04\/16x9-tr.png\" alt=\"&lt;p&gt;Mercedes GLB&lt;\/p&gt;\" width=\"16\" height=\"9\" loading=\"lazy\"\/><\/p>\n<p>Le deuxi\u00e8me gagnant est <a href=\"https:\/\/fr.motor1.com\/mercedes-benz\/\" data-inline-widget=\"internal-links\" data-type-id=\"2\" data-params=\"%7B%22alias%22%3A%22mercedes-benz%22%7D\" rel=\"nofollow noopener\" target=\"_blank\">Mercedes<\/a>. D&rsquo;une part, elle aussi d\u00e9pend fortement des produits europ\u00e9ens pour ses ventes aux \u00c9tats-Unis. D&rsquo;autre part, elle n&rsquo;est pas expos\u00e9e aux difficult\u00e9s commerciales et aux droits de douane plus \u00e9lev\u00e9s impos\u00e9s aux produits en provenance du Mexique et du Canada.<\/p>\n<p>En fait, alors que la marque allemande a vendu pr\u00e8s de 90 000 voitures produites dans l&rsquo;UE aux \u00c9tats-Unis au cours du premier semestre 2025, elle n&rsquo;a vendu que 4 400 unit\u00e9s de GLB produites au Mexique au cours de la m\u00eame p\u00e9riode. Ce nouvel accord mettra-t-il un terme \u00e0 l&rsquo;id\u00e9e de localiser la production du GLC, son deuxi\u00e8me mod\u00e8le le plus populaire, aux \u00c9tats-Unis ?<\/p>\n<tr>\n<td style=\"width: 33.3333%;\">\u00a0<\/td>\n<td style=\"width: 33.3333%;\">Voitures produites dans l&rsquo;UE en % des ventes aux \u00c9tats-Unis au premier semestre 2025<\/td>\n<td style=\"width: 33.3333%;\">Voitures produites dans l&rsquo;UE vendues aux \u00c9tats-Unis en pourcentage du total mondial<\/td>\n<\/tr>\n<tr>\n<td style=\"width: 33.3333%;\">Volvo\/Polestar<\/td>\n<td style=\"width: 33.3333%;\">87%<\/td>\n<td style=\"width: 33.3333%;\">16%<\/td>\n<\/tr>\n<tr>\n<td style=\"width: 33.3333%;\">Mercedes<\/td>\n<td style=\"width: 33.3333%;\">57%<\/td>\n<td style=\"width: 33.3333%;\">10%<\/td>\n<\/tr>\n<tr>\n<td style=\"width: 33.3333%;\">BMW<\/td>\n<td style=\"width: 33.3333%;\">45%<\/td>\n<td style=\"width: 33.3333%;\">7,4%<\/td>\n<\/tr>\n<tr>\n<td style=\"width: 33.3333%;\">Jaguar Land Rover<\/td>\n<td style=\"width: 33.3333%;\">31%<\/td>\n<td style=\"width: 33.3333%;\">8,4%<\/td>\n<\/tr>\n<tr>\n<td style=\"width: 33.3333%;\">undefined<\/td>\n<td style=\"width: 33.3333%;\">undefined<\/td>\n<td style=\"width: 33.3333%;\">undefined<\/td>\n<\/tr>\n<p>Moins cher que les importations en provenance du Mexique et du Canada<\/p>\n<p>Si ce nouvel accord commercial soulage quelque peu les constructeurs automobiles europ\u00e9ens, il ne r\u00e9sout pas les tensions que l&rsquo;administration Trump entretient avec ses voisins. Les voitures import\u00e9es du Mexique et du Canada continuent d&rsquo;\u00eatre soumises \u00e0 des droits de douane \u00e9lev\u00e9s, ce qui complique la vie des constructeurs qui importent de ces pays.<\/p>\n<p>Deux d&rsquo;entre eux sont <a href=\"https:\/\/fr.motor1.com\/news\/767416\/plan-relance-stellantis-2026-voitures\/\" data-inline-widget=\"internal-links\" data-type-id=\"0\" data-params=\"%7B%22article_edition_id%22%3A%22767416%22%2C%22section%22%3A%221%22%2C%22alias%22%3A%22plan-relance-stellantis-2026-voitures%22%7D\" rel=\"nofollow noopener\" target=\"_blank\">Stellantis<\/a> et <a href=\"https:\/\/fr.motor1.com\/volkswagen\/\" data-inline-widget=\"internal-links\" data-type-id=\"2\" data-params=\"%7B%22alias%22%3A%22volkswagen%22%7D\" rel=\"nofollow noopener\" target=\"_blank\">Volkswagen<\/a>, qui d&rsquo;un c\u00f4t\u00e9 gagnent \u00e0 l&rsquo;accord commercial avec l&rsquo;Europe, mais d&rsquo;un autre c\u00f4t\u00e9 restent expos\u00e9s \u00e0 des droits de douane plus \u00e9lev\u00e9s sur leurs voitures mexicaines et canadiennes. GM est \u00e9galement perdant, car il n&rsquo;importe rien d&rsquo;Europe, mais 35% de ses volumes du premier semestre aux \u00c9tats-Unis proviennent du Mexique et du Canada.<\/p>\n<tr>\n<td style=\"width: 33.3333%;\">Europe<\/td>\n<td style=\"width: 33.3333%;\">Mexique-Canada<\/td>\n<td style=\"width: 33.3333%;\">Stellantis<\/td>\n<\/tr>\n<tr>\n<td style=\"width: 33.3333%;\">2%<\/td>\n<td style=\"width: 33.3333%;\">36%<\/td>\n<td style=\"width: 33.3333%;\">GM<\/td>\n<\/tr>\n<tr>\n<td style=\"width: 33.3333%;\">0%<\/td>\n<td style=\"width: 33.3333%;\">35%<\/td>\n<td style=\"width: 33.3333%;\">Ford<\/td>\n<\/tr>\n<tr>\n<td style=\"width: 33.3333%;\">0%<\/td>\n<td style=\"width: 33.3333%;\">17%<\/td>\n<td style=\"width: 33.3333%;\">undefined<\/td>\n<\/tr>\n<p>L&rsquo;auteur de l&rsquo;article,\u00a0Felipe Munoz, est\u00a0sp\u00e9cialiste de l&rsquo;industrie automobile \u00e0 <a href=\"https:\/\/www.jato.com\/\" target=\"_blank\" rel=\"noopener noreferrer nofollow\">JATO Dynamics<\/a>.<\/p>\n","protected":false},"excerpt":{"rendered":"Donald Trump continue de signer des accords avec les partenaires commerciaux des \u00c9tats-Unis. Apr\u00e8s celui annonc\u00e9 avec le&hellip;\n","protected":false},"author":2,"featured_media":286674,"comment_status":"","ping_status":"","sticky":false,"template":"","format":"standard","meta":{"footnotes":""},"categories":[1589],"tags":[11,73,1866,42559,12,1864,1865,1863,308],"class_list":{"0":"post-286673","1":"post","2":"type-post","3":"status-publish","4":"format-standard","5":"has-post-thumbnail","7":"category-etats-unis","8":"tag-actualites","9":"tag-etats-unis","10":"tag-etats-unis-damerique","11":"tag-marchu00e9","12":"tag-news","13":"tag-united-states","14":"tag-united-states-of-america","15":"tag-us","16":"tag-usa"},"share_on_mastodon":{"url":"https:\/\/pubeurope.com\/@fr\/114947830973097826","error":""},"_links":{"self":[{"href":"https:\/\/www.europesays.com\/fr\/wp-json\/wp\/v2\/posts\/286673","targetHints":{"allow":["GET"]}}],"collection":[{"href":"https:\/\/www.europesays.com\/fr\/wp-json\/wp\/v2\/posts"}],"about":[{"href":"https:\/\/www.europesays.com\/fr\/wp-json\/wp\/v2\/types\/post"}],"author":[{"embeddable":true,"href":"https:\/\/www.europesays.com\/fr\/wp-json\/wp\/v2\/users\/2"}],"replies":[{"embeddable":true,"href":"https:\/\/www.europesays.com\/fr\/wp-json\/wp\/v2\/comments?post=286673"}],"version-history":[{"count":0,"href":"https:\/\/www.europesays.com\/fr\/wp-json\/wp\/v2\/posts\/286673\/revisions"}],"wp:featuredmedia":[{"embeddable":true,"href":"https:\/\/www.europesays.com\/fr\/wp-json\/wp\/v2\/media\/286674"}],"wp:attachment":[{"href":"https:\/\/www.europesays.com\/fr\/wp-json\/wp\/v2\/media?parent=286673"}],"wp:term":[{"taxonomy":"category","embeddable":true,"href":"https:\/\/www.europesays.com\/fr\/wp-json\/wp\/v2\/categories?post=286673"},{"taxonomy":"post_tag","embeddable":true,"href":"https:\/\/www.europesays.com\/fr\/wp-json\/wp\/v2\/tags?post=286673"}],"curies":[{"name":"wp","href":"https:\/\/api.w.org\/{rel}","templated":true}]}}