{"id":286675,"date":"2025-07-31T12:24:12","date_gmt":"2025-07-31T12:24:12","guid":{"rendered":"https:\/\/www.europesays.com\/fr\/286675\/"},"modified":"2025-07-31T12:24:12","modified_gmt":"2025-07-31T12:24:12","slug":"royaume-uni-400-rabbins-denoncent-lindifference-cruelle-face-a-la-famine","status":"publish","type":"post","link":"https:\/\/www.europesays.com\/fr\/286675\/","title":{"rendered":"Royaume-Uni : 400 rabbins d\u00e9noncent \u00abl\u2019indiff\u00e9rence cruelle face \u00e0 la famine\u00bb"},"content":{"rendered":"<p><strong>Quatre cents rabbins du monde entier, dont Jonathan Wittenberg, le chef des juifs Massorti au Royaume-Uni et d\u2019autres rabbins britanniques de premier plan, ont appel\u00e9 le gouvernement de Netanyahu \u00e0 cesser son \u00abindiff\u00e9rence cruelle face \u00e0 la famine\u00bb.<\/strong><\/p>\n<p>Ils ont averti que \u00able peuple juif est confront\u00e9 \u00e0 une grave crise morale\u00bb, ajoutant\u00a0: \u00abNous ne pouvons pas cautionner les massacres de civils, y compris un grand nombre de femmes, d\u2019enfants et de personnes \u00e2g\u00e9es, ni l\u2019utilisation de la famine comme arme de guerre.\u00bb<br \/>Pour le journal isra\u00e9lien de gauche The Haaretz, les images de la famine caus\u00e9e par Isra\u00ebl \u00e0 Ghaza, et parvenues au pr\u00e9sident am\u00e9ricain\u00a0Donald Trump\u00a0via Fox News, ont forc\u00e9 le Premier ministre isra\u00e9lien,\u00a0Benyamin Netanyahu, \u00e0 revenir sur la politique men\u00e9e par son gouvernement au cours des derniers mois. Il a \u00e9t\u00e9 contraint, \u00e9crit la m\u00eame source, d\u2019ouvrir des couloirs humanitaires, d\u2019autoriser les largages a\u00e9riens d\u2019aide et de commencer \u00e0 se coordonner avec des organisations internationales, tels l\u2019Onu\u00a0et les Croissants-Rouges jordanien et \u00e9gyptien.<br \/>Le journal estime que \u00abce changement de position d\u2019Isra\u00ebl, m\u00eame tactique, refl\u00e8te un \u00e9chec d\u00e9sastreux de la politique men\u00e9e par Isra\u00ebl ces derniers mois pour faire pression sur le Hamas. Or, cette politique s\u2019est sold\u00e9e par une catastrophe humanitaire qui a \u00e9branl\u00e9 l\u2019image d\u2019Isra\u00ebl \u00e0 l\u2019\u00e9chelle internationale et a incit\u00e9 m\u00eame ses plus proches alli\u00e9s \u00e0 agir\u00bb. Les images terrifiantes de la famine et de l\u2019arm\u00e9e isra\u00e9lienne qui tire sur les Palestiniens affam\u00e9s ont eu un impact consid\u00e9rable sur l\u2019opinion publique, aussi bien isra\u00e9lienne qu\u2019internationale.<br \/>Partout dans le monde, les Isra\u00e9liens font l\u2019objet d\u2019attaque et de violences en raison de la guerre g\u00e9nocidaire contre Ghaza, et les soldats de leur arm\u00e9e traqu\u00e9s par les ONG internationales de d\u00e9fense des droits de l\u2019homme dans de nombreux pays. C\u2019est ainsi que le gouvernement belge a renvoy\u00e9 hier les dossiers de deux militaires isra\u00e9liens devant la Cour p\u00e9nale internationale (CPI) apr\u00e8s les avoir arr\u00eat\u00e9s et auditionn\u00e9s sur des crimes de guerre et contre l\u2019humanit\u00e9 \u00e0 Ghaza, avant de les lib\u00e9rer.<br \/>Au moins une centaine de plaintes ont \u00e9t\u00e9 d\u00e9pos\u00e9es dans de nombreux pays contre des soldats pour leur participation au g\u00e9nocide \u00e0 Ghaza, par la Fondation palestinienne Hind, domicili\u00e9e en Belgique.\u00a0<br \/>C\u2019est dans ce contexte de col\u00e8re populaire contre la politique d\u2019utilisation de la nourriture comme arme de guerre que Steve Witkoff, l\u2019envoy\u00e9 sp\u00e9cial de Donald Trump, sera d\u00e8s aujourd\u2019hui \u00e0 Tel-Aviv. Certains journaux am\u00e9ricains affirment qu\u2019il se rendra \u00e0 Ghaza pour constater de visu le dispositif de distribution de nourriture, g\u00e9r\u00e9 par la tr\u00e8s controvers\u00e9e Fondation humanitaire pour Ghaza, financ\u00e9e en partie par les USA et s\u00e9curis\u00e9e par l\u2019arm\u00e9e isra\u00e9lienne, et dont les sites de collecte des colis alimentaires se sont transform\u00e9s en pi\u00e8ge mortel pour les affam\u00e9s \u00e0 la recherche de nourriture. Certains m\u00e9dias am\u00e9ricains affirment, par ailleurs, que durant cette visite, il sera aussi question de la reprise des n\u00e9gociations pour un accord de cessez-le-feu, apr\u00e8s la remise par Isra\u00ebl de ses remarques sur la r\u00e9ponse du Hamas \u00e0 la mouture de l\u2019accord en pourparlers.\u00a0<\/p>\n<p>\u00a0<\/p>\n","protected":false},"excerpt":{"rendered":"Quatre cents rabbins du monde entier, dont Jonathan Wittenberg, le chef des juifs Massorti au Royaume-Uni et d\u2019autres&hellip;\n","protected":false},"author":2,"featured_media":286676,"comment_status":"","ping_status":"","sticky":false,"template":"","format":"standard","meta":{"footnotes":""},"categories":[1588],"tags":[11,1777,674,12,473,1853,1851,1850,1852],"class_list":{"0":"post-286675","1":"post","2":"type-post","3":"status-publish","4":"format-standard","5":"has-post-thumbnail","7":"category-royaume-uni","8":"tag-actualites","9":"tag-eu","10":"tag-europe","11":"tag-news","12":"tag-royaume-uni","13":"tag-royaume-uni-de-grande-bretagne-et-dirlande-du-nord","14":"tag-uk","15":"tag-united-kingdom","16":"tag-united-kingdom-of-great-britain-and-northern-ireland"},"share_on_mastodon":{"url":"https:\/\/pubeurope.com\/@fr\/114947834856948501","error":""},"_links":{"self":[{"href":"https:\/\/www.europesays.com\/fr\/wp-json\/wp\/v2\/posts\/286675","targetHints":{"allow":["GET"]}}],"collection":[{"href":"https:\/\/www.europesays.com\/fr\/wp-json\/wp\/v2\/posts"}],"about":[{"href":"https:\/\/www.europesays.com\/fr\/wp-json\/wp\/v2\/types\/post"}],"author":[{"embeddable":true,"href":"https:\/\/www.europesays.com\/fr\/wp-json\/wp\/v2\/users\/2"}],"replies":[{"embeddable":true,"href":"https:\/\/www.europesays.com\/fr\/wp-json\/wp\/v2\/comments?post=286675"}],"version-history":[{"count":0,"href":"https:\/\/www.europesays.com\/fr\/wp-json\/wp\/v2\/posts\/286675\/revisions"}],"wp:featuredmedia":[{"embeddable":true,"href":"https:\/\/www.europesays.com\/fr\/wp-json\/wp\/v2\/media\/286676"}],"wp:attachment":[{"href":"https:\/\/www.europesays.com\/fr\/wp-json\/wp\/v2\/media?parent=286675"}],"wp:term":[{"taxonomy":"category","embeddable":true,"href":"https:\/\/www.europesays.com\/fr\/wp-json\/wp\/v2\/categories?post=286675"},{"taxonomy":"post_tag","embeddable":true,"href":"https:\/\/www.europesays.com\/fr\/wp-json\/wp\/v2\/tags?post=286675"}],"curies":[{"name":"wp","href":"https:\/\/api.w.org\/{rel}","templated":true}]}}