{"id":286677,"date":"2025-07-31T12:25:21","date_gmt":"2025-07-31T12:25:21","guid":{"rendered":"https:\/\/www.europesays.com\/fr\/286677\/"},"modified":"2025-07-31T12:25:21","modified_gmt":"2025-07-31T12:25:21","slug":"droits-de-douane-lallemagne-sauve-son-auto-mais-pas-ses-comptes-pendant-que-la-france-paye-laddition-lautomobile-magazine","status":"publish","type":"post","link":"https:\/\/www.europesays.com\/fr\/286677\/","title":{"rendered":"Droits de douane : l&#039;Allemagne sauve son auto (mais pas ses comptes) pendant que la France paye l&#039;addition &#8211; L&#039;Automobile Magazine"},"content":{"rendered":"<ol>\n<li><a href=\"https:\/\/news.google.com\/rss\/articles\/CBMi_AFBVV95cUxOeEtxWTYzLTZoWHdrOFEtVU1NSFNnRWNfbVlEWS1maXNjeXZtTW94NlhZRUhGRXQzMjVyQVU2SVdMY1RDRlpPcTEzRjNIVHBlcmxSUElTb1BSUGltT2JfNVU4LUhYRXJUQWVTS01hOUVWT3htWHAzaG40TXN6WHR1YmdrRGJUaFdBN2JTZ2lXeEdYdEUwQ0M4bDk5V1FwTXlXa0hha1FBU3FYcnhPZUwybk9iV2dNTzEtMW1Zd3o0ZXZqQ0tOWmxXdUJiUTk5YzBPME9lOXJsNFpCSTBGcVozNVpJZ21PaUJiMFBGSnk2N3ZxXzZwemtwanUwRlk?oc=5\" target=\"_blank\" rel=\"nofollow noopener\">Droits de douane : l&rsquo;Allemagne sauve son auto (mais pas ses comptes) pendant que la France paye l&rsquo;addition<\/a>&nbsp;&nbsp;L&rsquo;Automobile Magazine<\/li>\n<li><a href=\"https:\/\/news.google.com\/rss\/articles\/CBMi3AFBVV95cUxNTWdIZkQxcGFuSTlwT25QWWk1SGluM1Q4Y0tWbC01YS10NXB6Wi04N1IwN0g4OG9hWFhLZE53OTBSZUpoWXh4d0ZZbjRCTDZfLWktYjdXVEg0eVJKdjUtSFIwMUZna00xamZtTlNzSW50RXNQZUZWcVNOQjV4WGlsWWI4YmNNYmVaeURDS3F2MEc3UHU0QTNZaDZxalBfMUxPTVZwbmlfWnNKcEtmSHQzMWUtbW5UcXNDWklUWEZNTjlsSjZnaWtoQkh1cl9yVTJtN1dLNnZSc2k2YUQ2?oc=5\" target=\"_blank\" rel=\"nofollow noopener\">\u00abApr\u00e8s l\u2019accord avec Trump, le d\u00e9p\u00f4t d\u2019une motion de censure contre Ursula von der Leyen est n\u00e9cessaire\u00bb<\/a>&nbsp;&nbsp;Le Figaro<\/li>\n<li><a href=\"https:\/\/news.google.com\/rss\/articles\/CBMiqwJBVV95cUxOVEVuaDRqcHJfUVJXLTc5b0VwSzRVcFpxdXNtUzJGSm03WF9Za1ZycmxhUWdScUN6UzN2S0tHckluVlA0MXRxOG04R3BXUTN5eHc5cHZ3bF8tb1k5UXM1RTQ0aFRpczROVnJUMmxLMzd5bkZXeGR5dWdZSl9HMHcxQzlPalRzMTZERXllX2F4UGJVUWUzVU9pUEV3SXVSb1kzOXB2dVFpOUdZTThRcGNObzVyMG9ENWZCRlUtQnhEV3pIeE5TeF9NaU9PQjd3SzBFUFQwdDJoczc3cVVVMjVnMFZoOXRFMzJCOGVuQmtpa1V2N0NwMW5Bei1DeWhPWENhb0VwekZZUll0bnBvY3N3SkNXUFVUdUw0Z3hwUVVQSm5BX0NMVXBNemFVWQ?oc=5\" target=\"_blank\" rel=\"nofollow noopener\">Gros coup dur pour la France: les droits de douane am\u00e9ricains sur les vins et spiritueux seront de 15% au 1er ao\u00fbt (avant un \u00e9ventuel accord)<\/a>&nbsp;&nbsp;BFMTV<\/li>\n<li><a href=\"https:\/\/news.google.com\/rss\/articles\/CBMiygFBVV95cUxPRGpjZmpXWnFJWkIyYXJVMXFfMkRLV19RZXpuXzVoLWYwNFBGOEtPeV9naXFMemRiM08tc185R0lZc0NQOW9rOWxmellYcmhFcTZTcEJhbWhuWVdxRVpmaGZhVm03NXJzb2k0aXRFdndtZlpMN0RsaTlHOEVCMkFQSEhlbUJTUkpxblFFNHpYeVFFdXhfcHl0eEJBZ214SVhpVlY5eWRHdVBSMHkyd1YxaExsOS16UkVIcnRZUVJwbHFtVzZMZVpOSmtB?oc=5\" target=\"_blank\" rel=\"nofollow noopener\">Ce qu\u2019il faut comprendre de la r\u00e9action de Macron \u00e0 l\u2019accord UE-Trump<\/a>&nbsp;&nbsp;Le HuffPost<\/li>\n<li><a href=\"https:\/\/news.google.com\/rss\/articles\/CBMidkFVX3lxTE1Rd09nSV9uYkpNRmRVUGpNdFJVSlFqMGVOU3RGNVFUMktXOV9tc0k5UnpuMmhqTDdrMEZYM2xqRWpNY0NnUWdCakVZeUNvR1N3MDRfcktwS1dxNnR1aGFFNGVqY0V6aXdKRFBvRzNWeE5lV2hhUnc?oc=5\" target=\"_blank\" rel=\"nofollow noopener\">L\u2019Europe apr\u00e8s le Jour de la D\u00e9pendance<\/a>&nbsp;&nbsp;Le Grand Continent<\/li>\n<\/ol>\n","protected":false},"excerpt":{"rendered":"Droits de douane : l&rsquo;Allemagne sauve son auto (mais pas ses comptes) pendant que la France paye l&rsquo;addition&nbsp;&nbsp;L&rsquo;Automobile&hellip;\n","protected":false},"author":2,"featured_media":1445,"comment_status":"","ping_status":"","sticky":false,"template":"","format":"standard","meta":{"footnotes":""},"categories":[1587],"tags":[11,672,1804,1805,1803,1777,674,1801,12,1802],"class_list":{"0":"post-286677","1":"post","2":"type-post","3":"status-publish","4":"format-standard","5":"has-post-thumbnail","7":"category-allemagne","8":"tag-actualites","9":"tag-allemagne","10":"tag-bundesrepublik-deutschland","11":"tag-de","12":"tag-deutschland","13":"tag-eu","14":"tag-europe","15":"tag-germany","16":"tag-news","17":"tag-republique-federale-dallemagne"},"share_on_mastodon":{"url":"https:\/\/pubeurope.com\/@fr\/114947838677368584","error":""},"_links":{"self":[{"href":"https:\/\/www.europesays.com\/fr\/wp-json\/wp\/v2\/posts\/286677","targetHints":{"allow":["GET"]}}],"collection":[{"href":"https:\/\/www.europesays.com\/fr\/wp-json\/wp\/v2\/posts"}],"about":[{"href":"https:\/\/www.europesays.com\/fr\/wp-json\/wp\/v2\/types\/post"}],"author":[{"embeddable":true,"href":"https:\/\/www.europesays.com\/fr\/wp-json\/wp\/v2\/users\/2"}],"replies":[{"embeddable":true,"href":"https:\/\/www.europesays.com\/fr\/wp-json\/wp\/v2\/comments?post=286677"}],"version-history":[{"count":0,"href":"https:\/\/www.europesays.com\/fr\/wp-json\/wp\/v2\/posts\/286677\/revisions"}],"wp:featuredmedia":[{"embeddable":true,"href":"https:\/\/www.europesays.com\/fr\/wp-json\/wp\/v2\/media\/1445"}],"wp:attachment":[{"href":"https:\/\/www.europesays.com\/fr\/wp-json\/wp\/v2\/media?parent=286677"}],"wp:term":[{"taxonomy":"category","embeddable":true,"href":"https:\/\/www.europesays.com\/fr\/wp-json\/wp\/v2\/categories?post=286677"},{"taxonomy":"post_tag","embeddable":true,"href":"https:\/\/www.europesays.com\/fr\/wp-json\/wp\/v2\/tags?post=286677"}],"curies":[{"name":"wp","href":"https:\/\/api.w.org\/{rel}","templated":true}]}}