{"id":286680,"date":"2025-07-31T12:27:12","date_gmt":"2025-07-31T12:27:12","guid":{"rendered":"https:\/\/www.europesays.com\/fr\/286680\/"},"modified":"2025-07-31T12:27:12","modified_gmt":"2025-07-31T12:27:12","slug":"ursula-von-der-leyen-lunion-europeenne-une-nouvelle-union-sovietique","status":"publish","type":"post","link":"https:\/\/www.europesays.com\/fr\/286680\/","title":{"rendered":"Ursula von der Leyen : l&rsquo;Union europ\u00e9enne, une nouvelle Union sovi\u00e9tique ?"},"content":{"rendered":"<p class=\"has-medium-font-size\">L\u2019accord n\u00e9goci\u00e9 entre <strong>Donald Trump<\/strong> et Ursula von der Leyen est loin de convaincre en France.\u00a0<\/p>\n<p class=\"has-medium-font-size\">Fran\u00e7ois Bayrou a publi\u00e9 un message le 28 juillet 2025 sur X pour parler d\u2019un \u201cjour sombre\u201d.\u00a0<\/p>\n<blockquote class=\"twitter-tweet\" data-width=\"550\" data-dnt=\"true\">\n<p lang=\"fr\" dir=\"ltr\">Accord Van der Leyen-Trump : c&rsquo;est un jour sombre que celui o\u00f9 une alliance de peuples libres, rassembl\u00e9s pour affirmer leurs valeurs et d\u00e9fendre leurs int\u00e9r\u00eats, se r\u00e9sout \u00e0 la soumission.<\/p>\n<p>\u2014 Fran\u00e7ois Bayrou (@bayrou) <a href=\"https:\/\/twitter.com\/bayrou\/status\/1949749114436194782?ref_src=twsrc%5Etfw\" rel=\"nofollow noopener\" target=\"_blank\">July 28, 2025<\/a><\/p><\/blockquote>\n<p class=\"has-medium-font-size\">Et m\u00eame <strong>Emmanuel Macron<\/strong> n\u2019a pas vraiment cach\u00e9 son insatisfaction.\u00a0<\/p>\n<p class=\"has-medium-font-size\"><a href=\"https:\/\/www.france24.com\/fr\/france\/20250730-nous-resterons-pas-l%C3%A0-macron-regrette-accord-commercial-sign%C3%A9-entre-ue-trump\" target=\"_blank\" rel=\"noreferrer noopener nofollow\">Lors du conseil des ministres du 30 juillet 2025<\/a>, il aurait affirm\u00e9 : \u201cL\u2019Europe ne se vit pas encore suffisamment comme une puissance. Nous n\u2019avons pas \u00e9t\u00e9 assez craints\u201d.\u00a0<\/p>\n<p class=\"has-medium-font-size\">Il faut dire que depuis quelques mois, Ursula von der Leyen ne s\u2019int\u00e9resse que peu \u00e0 la position de la France dans les grandes d\u00e9cisions prises au sein de l\u2019Union europ\u00e9enne.\u00a0<\/p>\n<p class=\"has-medium-font-size\"><a href=\"https:\/\/juste-milieu.fr\/mercosur-emmanuel-macron-en-flagrant-delit-de-mensonge\/\" target=\"_blank\" rel=\"noreferrer noopener nofollow\">Et il suffit de voir les accords autour du Mercosur pour le comprendre<\/a>.\u00a0<\/p>\n<p class=\"has-medium-font-size\">De quoi exasp\u00e9rer le s\u00e9nateur communiste <strong>Pierre Ouzoulias<\/strong>\u2026<\/p>\n<p class=\"has-medium-font-size\">\u2026 qui a compar\u00e9 l\u2019Union europ\u00e9enne \u00e0 l\u2019Union sovi\u00e9tique !<\/p>\n<p><strong>Une \u201cglobalisation bienheureuse\u201d fa\u00e7on von der Leyen ?<\/strong><\/p>\n<p class=\"has-medium-font-size\">Ursula von der Leyen n\u2019a pas \u00e9t\u00e9 \u00e9lue par les citoyens europ\u00e9ens.\u00a0<\/p>\n<p class=\"has-medium-font-size\">Et pourtant, c\u2019est elle qui prend les d\u00e9cisions les plus importantes de l\u2019Union europ\u00e9enne.\u00a0<\/p>\n<p class=\"has-medium-font-size\">N\u00e9gociations des vaccins contre le Covid-19 par SMS, adoption de sanctions contre la Russie\u2026<\/p>\n<p class=\"has-medium-font-size\">\u201cUrsula von der Leyen s\u2019octroie encore un r\u00f4le qui n\u2019est pas le sien\u201d.\u00a0<\/p>\n<p class=\"has-medium-font-size\">C\u2019est le constat r\u00e9alis\u00e9 par la r\u00e9daction de Marianne dans son \u00e9dition du 31 juillet 2025.\u00a0<\/p>\n<p class=\"has-medium-font-size\">Et il est partag\u00e9 par Pierre Ouzoulias.\u00a0<\/p>\n<p class=\"has-medium-font-size\">Ce dernier a expliqu\u00e9 qu\u2019Ursula von der Leyen \u201csait tr\u00e8s bien qu\u2019il y a un consensus en France pour tout accepter de la Commission\u201d.\u00a0<\/p>\n<p class=\"has-medium-font-size\">Et elle n\u2019h\u00e9siterait pas \u00e0 en profiter en fervente d\u00e9fenseuse de \u201cla globalisation bienheureuse\u201d.\u00a0<\/p>\n<p class=\"has-medium-font-size\">L\u2019occasion pour le s\u00e9nateur communiste d\u2019estimer que \u201cl\u2019Union sovi\u00e9tique a v\u00e9cu soixante-quinze ans dans le d\u00e9ni\u201d\u2026<\/p>\n<p class=\"has-medium-font-size\">\u2026 et de questionner : \u201cpourquoi en serait-il autrement pour l\u2019Union europ\u00e9enne ?\u201d<\/p>\n<p class=\"has-medium-font-size\">De l\u00e0 \u00e0 conclure que la France a perdu de son aura et n\u2019est plus que le paillasson des d\u00e9cisions europ\u00e9ennes, il n\u2019y a qu\u2019un pas\u2026<\/p>\n<p><strong>Insectes, ZFE, permis : nous subissons d\u00e9j\u00e0 l\u2019impact de l\u2019UE (malgr\u00e9 nous) !<\/strong><\/p>\n<p class=\"has-medium-font-size\">Le 1er juillet 2025, Juste Milieu revenait sur le d\u00e9bat du moment.\u00a0<\/p>\n<p class=\"has-medium-font-size\">Suite \u00e0 l\u2019accident d\u2019une octog\u00e9naire en voiture qui avait percut\u00e9 un groupe d\u2019enfants \u00e0 v\u00e9lo, <a href=\"https:\/\/juste-milieu.fr\/visite-medicale-vers-une-fin-du-permis-a-vie\/\" target=\"_blank\" rel=\"noreferrer noopener nofollow\">des d\u00e9bats sont n\u00e9s sur la fin du permis \u00e0 vie<\/a>.\u00a0<\/p>\n<p class=\"has-medium-font-size\">L\u2019actualit\u00e9 permettait de se poser la question.\u00a0<\/p>\n<p class=\"has-medium-font-size\">Toutefois, c\u2019est un serpent de mer de longue date de l\u2019Union europ\u00e9enne !\u00a0<\/p>\n<p class=\"has-medium-font-size\">En 2024, <a href=\"https:\/\/juste-milieu.fr\/lue-rejette-la-visite-medicale-obligatoire-pour-le-permis-de-conduire\/\" target=\"_blank\" rel=\"noreferrer noopener nofollow\">les d\u00e9put\u00e9s europ\u00e9ens ont d\u00e9j\u00e0 vot\u00e9 contre ce projet<\/a>.\u00a0<\/p>\n<p class=\"has-medium-font-size\">Pourtant, il pourrait faire son arriv\u00e9e dans l\u2019UE\u2026<\/p>\n<p class=\"has-medium-font-size\">\u2026 et en France !\u00a0<\/p>\n<p class=\"has-medium-font-size\">Vous vous en doutez : c\u2019est loin d\u2019\u00eatre le seul projet de l\u2019Union europ\u00e9enne qui pourrait r\u00e9volutionner le quotidien des Fran\u00e7ais.\u00a0<\/p>\n<p class=\"has-medium-font-size\">Juste Milieu a men\u00e9 son enqu\u00eate.\u00a0<\/p>\n<p class=\"has-medium-font-size\">Nous avons relev\u00e9 tous les projets fous de l\u2019UE qui arrivent en France.\u00a0<\/p>\n<p class=\"has-medium-font-size\">Insectes, voitures thermiques, permis de conduire\u2026<\/p>\n<p class=\"has-medium-font-size\">Vous n\u2019\u00eates pas au bout de vos surprises !\u00a0<\/p>\n<p class=\"has-medium-font-size\">Pour savoir ce qui nous attend dans les prochaines ann\u00e9es, d\u00e9couvrez l\u2019enqu\u00eate de Juste Milieu d\u00e8s maintenant !\u00a0<\/p>\n<p><a href=\"https:\/\/abonnement.juste-milieu.fr\/juste-mensuel-ue\/index.html?source=JUM724230002\" target=\"_blank\" rel=\" noreferrer noopener nofollow\"><img loading=\"lazy\" decoding=\"async\" width=\"700\" height=\"1024\" src=\"https:\/\/www.europesays.com\/fr\/wp-content\/uploads\/2025\/07\/mockup-DS-UE-700x1024.png\" alt=\"\" class=\"wp-image-13407\" style=\"width:470px;height:auto\"  \/><\/a><\/p>\n<p>\t\tContinue Reading<\/p>\n<p>\t                    <script async src=\"https:\/\/platform.twitter.com\/widgets.js\" charset=\"utf-8\"><\/script><\/p>\n","protected":false},"excerpt":{"rendered":"L\u2019accord n\u00e9goci\u00e9 entre Donald Trump et Ursula von der Leyen est loin de convaincre en France.\u00a0 Fran\u00e7ois Bayrou&hellip;\n","protected":false},"author":2,"featured_media":286681,"comment_status":"","ping_status":"","sticky":false,"template":"","format":"standard","meta":{"footnotes":""},"categories":[1586],"tags":[17,11,1777,674,1779,1011,27,14,42560,12,25,1778,364,2544],"class_list":{"0":"post-286680","1":"post","2":"type-post","3":"status-publish","4":"format-standard","5":"has-post-thumbnail","7":"category-europe","8":"tag-17","9":"tag-actualites","10":"tag-eu","11":"tag-europe","12":"tag-european-union","13":"tag-fr","14":"tag-france","15":"tag-international","16":"tag-juste-mensuel","17":"tag-news","18":"tag-republique-francaise","19":"tag-ue","20":"tag-union-europeenne","21":"tag-ursula-von-der-leyen"},"share_on_mastodon":{"url":"https:\/\/pubeurope.com\/@fr\/114947846643250397","error":""},"_links":{"self":[{"href":"https:\/\/www.europesays.com\/fr\/wp-json\/wp\/v2\/posts\/286680","targetHints":{"allow":["GET"]}}],"collection":[{"href":"https:\/\/www.europesays.com\/fr\/wp-json\/wp\/v2\/posts"}],"about":[{"href":"https:\/\/www.europesays.com\/fr\/wp-json\/wp\/v2\/types\/post"}],"author":[{"embeddable":true,"href":"https:\/\/www.europesays.com\/fr\/wp-json\/wp\/v2\/users\/2"}],"replies":[{"embeddable":true,"href":"https:\/\/www.europesays.com\/fr\/wp-json\/wp\/v2\/comments?post=286680"}],"version-history":[{"count":0,"href":"https:\/\/www.europesays.com\/fr\/wp-json\/wp\/v2\/posts\/286680\/revisions"}],"wp:featuredmedia":[{"embeddable":true,"href":"https:\/\/www.europesays.com\/fr\/wp-json\/wp\/v2\/media\/286681"}],"wp:attachment":[{"href":"https:\/\/www.europesays.com\/fr\/wp-json\/wp\/v2\/media?parent=286680"}],"wp:term":[{"taxonomy":"category","embeddable":true,"href":"https:\/\/www.europesays.com\/fr\/wp-json\/wp\/v2\/categories?post=286680"},{"taxonomy":"post_tag","embeddable":true,"href":"https:\/\/www.europesays.com\/fr\/wp-json\/wp\/v2\/tags?post=286680"}],"curies":[{"name":"wp","href":"https:\/\/api.w.org\/{rel}","templated":true}]}}