{"id":286690,"date":"2025-07-31T12:33:14","date_gmt":"2025-07-31T12:33:14","guid":{"rendered":"https:\/\/www.europesays.com\/fr\/286690\/"},"modified":"2025-07-31T12:33:14","modified_gmt":"2025-07-31T12:33:14","slug":"ffr-deux-promus-en-top-14-cinq-en-pro-d2-la-liste-de-tous-les-arbitres-pour-la-saison-2025-2026","status":"publish","type":"post","link":"https:\/\/www.europesays.com\/fr\/286690\/","title":{"rendered":"FFR \u2013 Deux promus en Top 14, cinq en Pro D2\u00a0: la liste de tous les arbitres pour la saison 2025-2026"},"content":{"rendered":"<p>\n                La F\u00e9d\u00e9ration fran\u00e7aise de rugby a communiqu\u00e9 ce jeudi la liste de tous les arbitres pour la saison 2025-2026. Pour ce nouvel exercice, deux arbitres ont \u00e9t\u00e9 promus pour \u00e9voluer dans l\u2019\u00e9lite du rugby fran\u00e7ais, Pierre Bru et Benjamin Hernandez. D\u00e9couvrez la liste compl\u00e8te des arbitres qui officieront en Top 14 et Pro D2 pour la saison \u00e0 venir.\n            <\/p>\n<p>Ce jeudi matin la FFR a officialis\u00e9 la liste des 27 arbitres de champ qui officieront en Top 14 et Pro D2 la saison prochaine. Parmi eux, deux ont \u00e9t\u00e9 promus en Top 14 et cinq en Pro D2. Des choix qui\u00a0\u00ab\u00a0refl\u00e8tent le travail, les parcours et les \u00e9volutions des officiels du rugby fran\u00e7ais \u00e0 tous les niveaux de comp\u00e9tition\u00a0\u00bb explique la F\u00e9d\u00e9ration dans son communiqu\u00e9. En ce sens, deux nouveaux arbitres feront leur apparition au centre du terrain en Top 14. Il s\u2019agit de Pierre Bru et\u00a0Benjamin Hernandez qui arrivent donc tous les deux de la Pro D2. En deuxi\u00e8me division justement, cinq arbitres ont \u00e9t\u00e9 promus\u00a0: Remi Aiguebonne, Julien Caulier, Damien Dauvissat, Hugo Dutreuilh et Thibault Santamaria. Tous arbitraient en Nationale la saison pass\u00e9e.<\/p>\n<p>\u00c0 noter que plusieurs arbitres de Pro D2 int\u00e8grent le Top 14 mais en tant qu\u2019arbitres assistants comme Thomas Chereque ou Flavien Hourquet. D\u2019autres comme Jean Lespes int\u00e8grent la liste des arbitres vid\u00e9os.<\/p>\n<p>La liste compl\u00e8te des arbitres de champ en Top 14\u00a0:<\/p>\n<ul>\n<li>Blasco Baque Vincent (Occitanie)<\/li>\n<li>Bralley Kevin (Occitanie)<\/li>\n<li>Brousset Pierre (Occitanie)<\/li>\n<li>Bru Pierre (Occitanie)<\/li>\n<li>Cayre Ludovic (Nouvelle-Aquitaine)<\/li>\n<li>Charabas Thomas (Nouvelle-Aquitaine)<\/li>\n<li>Dufort Jonathan (Nouvelle-Aquitaine)<\/li>\n<li>Gasnier Jonathan (Occitanie)<\/li>\n<li>Hernandez Benjamin (Auvergne-Rh\u00f4ne-Alpes)<\/li>\n<li>Marbot Adrien (Nouvelle-Aquitaine)<\/li>\n<li>Nuchy Pierre (Nouvelle-Aquitaine)<\/li>\n<li>Praderie Vivien (Occitanie)<\/li>\n<li>Ramos Luc (Occitanie)<\/li>\n<li>Rousselet Benoit (Auvergne-Rh\u00f4ne-Alpes)<\/li>\n<li>Rozier Jeremy (Ile de France)<\/li>\n<li>Trainini Tual (Paca)<\/li>\n<li>Urruzmendi Evan (Nouvelle-Aquitaine)<\/li>\n<\/ul>\n<p>La liste compl\u00e8te des arbitres de champ en\u00a0Pro D2\u00a0:<\/p>\n<ul>\n<li>Aiguebonne R\u00e9mi (Auvergne-Rh\u00f4ne-Alpes)<\/li>\n<li>Carrillo Ludovic (Occitanie)<\/li>\n<li>Caulier Julien (Occitanie)<\/li>\n<li>Coulon Stephane (Occitanie)<\/li>\n<li>Dauvissat Damien (Bourgogne-Franche-Comt\u00e9)<\/li>\n<li>Dutreuilh Hugo (Centre-Val de Loire)<\/li>\n<li>Groizeleau Aurelie (Nouvelle-Aquitaine)<\/li>\n<li>Lac Anthony (Paca)<\/li>\n<li>Noirot Mathieu (Occitanie)<\/li>\n<li>Santamaria Thibault (Occitanie)<\/li>\n<\/ul>\n<p>La liste des arbitres assistants en Top 14 et Pro D2\u00a0:<\/p>\n<p>        <img decoding=\"async\" class=\"std-img__img responsive-img\" src=\"https:\/\/www.europesays.com\/fr\/wp-content\/uploads\/2025\/07\/1753965193_949_image.png\" alt=\"Les arbitres assistants.\"\/><\/p>\n<p>                Les arbitres assistants.<br \/>\n                                    FFR<\/p>\n<p>La liste des arbitres vid\u00e9o\u00a0:<\/p>\n<p>        <img decoding=\"async\" class=\"std-img__img responsive-img\" src=\"https:\/\/www.europesays.com\/fr\/wp-content\/uploads\/2025\/07\/1753965193_511_image.png\" alt=\"Les arbitres vid\u00e9os.\"\/><\/p>\n<p>                Les arbitres vid\u00e9os.<br \/>\n                                    FFR<\/p>\n<p>        <img decoding=\"async\" class=\"std-img__img responsive-img\" src=\"https:\/\/www.europesays.com\/fr\/wp-content\/uploads\/2025\/07\/1753965194_806_image.png\" alt=\"Les arbitres vid\u00e9os.\"\/><\/p>\n<p>                Les arbitres vid\u00e9os.<br \/>\n                                    FFR<\/p>\n<p>\u00c0 noter que la Pro D2 reprendra le week-end du 29\u00a0ao\u00fbt. En Top 14, le championnat reprendra ses droits le week-end du 6\u00a0septembre.<\/p>\n","protected":false},"excerpt":{"rendered":"La F\u00e9d\u00e9ration fran\u00e7aise de rugby a communiqu\u00e9 ce jeudi la liste de tous les arbitres pour la saison&hellip;\n","protected":false},"author":2,"featured_media":286691,"comment_status":"","ping_status":"","sticky":false,"template":"","format":"standard","meta":{"footnotes":""},"categories":[1416],"tags":[1011,27,479,1468,60],"class_list":{"0":"post-286690","1":"post","2":"type-post","3":"status-publish","4":"format-standard","5":"has-post-thumbnail","7":"category-rugby","8":"tag-fr","9":"tag-france","10":"tag-rugby","11":"tag-rugby-football","12":"tag-sports"},"share_on_mastodon":{"url":"https:\/\/pubeurope.com\/@fr\/114947870289391864","error":""},"_links":{"self":[{"href":"https:\/\/www.europesays.com\/fr\/wp-json\/wp\/v2\/posts\/286690","targetHints":{"allow":["GET"]}}],"collection":[{"href":"https:\/\/www.europesays.com\/fr\/wp-json\/wp\/v2\/posts"}],"about":[{"href":"https:\/\/www.europesays.com\/fr\/wp-json\/wp\/v2\/types\/post"}],"author":[{"embeddable":true,"href":"https:\/\/www.europesays.com\/fr\/wp-json\/wp\/v2\/users\/2"}],"replies":[{"embeddable":true,"href":"https:\/\/www.europesays.com\/fr\/wp-json\/wp\/v2\/comments?post=286690"}],"version-history":[{"count":0,"href":"https:\/\/www.europesays.com\/fr\/wp-json\/wp\/v2\/posts\/286690\/revisions"}],"wp:featuredmedia":[{"embeddable":true,"href":"https:\/\/www.europesays.com\/fr\/wp-json\/wp\/v2\/media\/286691"}],"wp:attachment":[{"href":"https:\/\/www.europesays.com\/fr\/wp-json\/wp\/v2\/media?parent=286690"}],"wp:term":[{"taxonomy":"category","embeddable":true,"href":"https:\/\/www.europesays.com\/fr\/wp-json\/wp\/v2\/categories?post=286690"},{"taxonomy":"post_tag","embeddable":true,"href":"https:\/\/www.europesays.com\/fr\/wp-json\/wp\/v2\/tags?post=286690"}],"curies":[{"name":"wp","href":"https:\/\/api.w.org\/{rel}","templated":true}]}}