{"id":286692,"date":"2025-07-31T12:34:10","date_gmt":"2025-07-31T12:34:10","guid":{"rendered":"https:\/\/www.europesays.com\/fr\/286692\/"},"modified":"2025-07-31T12:34:10","modified_gmt":"2025-07-31T12:34:10","slug":"wta-montreal-navratilova-au-chevet-de-raducanu-elle-doit-rester-plus-longtemps-avec-quelquun-car-lorsquon-travaille-avec-un-coach-il-faut-du-temps-pour-que-les-choses-se-met","status":"publish","type":"post","link":"https:\/\/www.europesays.com\/fr\/286692\/","title":{"rendered":"WTA &#8211; Montr\u00e9al > Navr\u00e1tilov\u00e1 au chevet de Raducanu : \u00ab\u00a0Elle doit rester plus longtemps avec quelqu\u2019un, car lorsqu\u2019on travaille avec un coach, il faut du temps pour que les choses se mettent en place \u00ab\u00a0"},"content":{"rendered":"<p>Lorsque la l\u00e9gende du tennis f\u00e9minin, d\u00e9ten\u00adtrice de 18 titres du Grand Chelem, s\u2019exprime, on sait qu\u2019elle ne fait jamais dans la demi\u2010mesure lorsqu\u2019il s\u2019agit de commenter les joueuses actuelles du circuit WTA.<\/p>\n<p>La Tch\u00e8que est revenue, lors d\u2019une inter\u00adview accord\u00e9e \u00e0 nos confr\u00e8res de <a href=\"https:\/\/www.skysports.com\/tennis\/news\/12110\/13336811\/emma-raducanu-martina-navratilova-calls-on-british-star-to-sort-her-coaching-situation-following-miami-open-defeat\" data-wpel-link=\"external\" target=\"_blank\" rel=\"nofollow external noopener\">Sky Sports<\/a>, sur les diff\u00e9\u00adrents choix d\u2019entra\u00eeneurs de la jeune Britannique jusqu\u2019\u00e0 pr\u00e9sent\u00a0:\u00a0<\/p>\n<p><strong>\u00ab\u202fEngage toi pour une ann\u00e9e. Si tu aimes la personne, si tu la connais et sais ce qu\u2019elle peut apporter \u00e0 ton jeu, alors il faut vrai\u00adment s\u2019investir et s\u2019y tenir. Et s\u2019assurer de faire sa part en mati\u00e8re d\u2019entra\u00eenement, de condi\u00adtion physique, d\u2019alimentation, tout cela. Elle est sur la bonne voie d\u00e9sor\u00admais. Elle doit rester plus long\u00adtemps avec quelqu\u2019un, car lorsqu\u2019on travaille avec un coach, il faut du temps pour que les choses se mettent en place dans le jeu et que les r\u00e9sul\u00adtats suivent. Quand on commence un nouveau programme d\u2019entra\u00eenement, on ne devient pas plus rapide ou plus fort du jour au lende\u00admain. Je pense simple\u00adment qu\u2019elle doit vrai\u00adment prendre les r\u00eanes de sa vie, s\u2019assurer que c\u2019est elle qui prend toutes les d\u00e9ci\u00adsions la concer\u00adnant, et ensuite s\u2019en tenir \u00e0 un entra\u00eeneur.\u202f\u00bb<\/strong><\/p>\n<p>En effet, Emma Raducanu n\u2019a pas connu la stabi\u00adlit\u00e9 sur le circuit depuis son titre du Grand Chelem \u00e0 l\u2019US Open en\u00a02021.<\/p>\n<p>Cependant, depuis quelques semaines, on observe une am\u00e9lio\u00adra\u00adtion dans ses r\u00e9sul\u00adtats et davan\u00adtage de r\u00e9gu\u00adla\u00adrit\u00e9, ce qui co\u00efn\u00adci\u00adde\u00adrait avec sa situa\u00adtion actuelle aux c\u00f4t\u00e9s de l\u2019entra\u00eeneur britan\u00adnique Mark Petchey.<\/p>\n<p class=\"post-published-date\" style=\"color: silver; font-size: 75%; text-align: left;\">Publi\u00e9 le jeudi 31 juillet 2025 \u00e0 12:40<\/p>\n","protected":false},"excerpt":{"rendered":"Lorsque la l\u00e9gende du tennis f\u00e9minin, d\u00e9ten\u00adtrice de 18 titres du Grand Chelem, s\u2019exprime, on sait qu\u2019elle ne&hellip;\n","protected":false},"author":2,"featured_media":286693,"comment_status":"","ping_status":"","sticky":false,"template":"","format":"standard","meta":{"footnotes":""},"categories":[1415],"tags":[1011,27,60,1467],"class_list":{"0":"post-286692","1":"post","2":"type-post","3":"status-publish","4":"format-standard","5":"has-post-thumbnail","7":"category-tennis","8":"tag-fr","9":"tag-france","10":"tag-sports","11":"tag-tennis"},"share_on_mastodon":{"url":"https:\/\/pubeurope.com\/@fr\/114947874032926121","error":""},"_links":{"self":[{"href":"https:\/\/www.europesays.com\/fr\/wp-json\/wp\/v2\/posts\/286692","targetHints":{"allow":["GET"]}}],"collection":[{"href":"https:\/\/www.europesays.com\/fr\/wp-json\/wp\/v2\/posts"}],"about":[{"href":"https:\/\/www.europesays.com\/fr\/wp-json\/wp\/v2\/types\/post"}],"author":[{"embeddable":true,"href":"https:\/\/www.europesays.com\/fr\/wp-json\/wp\/v2\/users\/2"}],"replies":[{"embeddable":true,"href":"https:\/\/www.europesays.com\/fr\/wp-json\/wp\/v2\/comments?post=286692"}],"version-history":[{"count":0,"href":"https:\/\/www.europesays.com\/fr\/wp-json\/wp\/v2\/posts\/286692\/revisions"}],"wp:featuredmedia":[{"embeddable":true,"href":"https:\/\/www.europesays.com\/fr\/wp-json\/wp\/v2\/media\/286693"}],"wp:attachment":[{"href":"https:\/\/www.europesays.com\/fr\/wp-json\/wp\/v2\/media?parent=286692"}],"wp:term":[{"taxonomy":"category","embeddable":true,"href":"https:\/\/www.europesays.com\/fr\/wp-json\/wp\/v2\/categories?post=286692"},{"taxonomy":"post_tag","embeddable":true,"href":"https:\/\/www.europesays.com\/fr\/wp-json\/wp\/v2\/tags?post=286692"}],"curies":[{"name":"wp","href":"https:\/\/api.w.org\/{rel}","templated":true}]}}