{"id":286694,"date":"2025-07-31T12:36:23","date_gmt":"2025-07-31T12:36:23","guid":{"rendered":"https:\/\/www.europesays.com\/fr\/286694\/"},"modified":"2025-07-31T12:36:23","modified_gmt":"2025-07-31T12:36:23","slug":"juniorgp-moto2-jusquou-le-menera-letrange-parcours-de-milan-pawelec","status":"publish","type":"post","link":"https:\/\/www.europesays.com\/fr\/286694\/","title":{"rendered":"JuniorGP Moto2 : Jusqu&rsquo;o\u00f9 le m\u00e8nera l&rsquo;\u00e9trange parcours de Milan Pawelec ?"},"content":{"rendered":"<p><strong>Si Brian Uriarte \u00e0 pris le mesure de la cat\u00e9gorie Moto3<br \/>\ndu <a href=\"https:\/\/www.fimjuniorgp.com\/\" target=\"_blank\" rel=\"noopener nofollow\">JuniorGP<\/a>, en Moto2 les yeux se tournent de plus en<br \/>\nplus vers Milan Pawelec, en se demandant jusqu\u2019o\u00f9 ira le pilote<br \/>\npolonais \u00e0 l\u2019\u00e9trange parcours\u2026<\/strong><\/p>\n<p>On pourrait r\u00e9sumer sa saison actuelle en disant que le gar\u00e7on<br \/>\nde 18 ans est rookie dans la cat\u00e9gorie, et qu\u2019il vient de remporter<br \/>\nla deuxi\u00e8me course en Aragon, le week-end dernier, obtenant ainsi<br \/>\nla 3e place provisoire au championnat. Il y a bien l\u00e0 de quoi<br \/>\nouvrir un \u0153il, comme le fait le paddock, avant d\u2019approfondir son<br \/>\nparcours, ce \u00e0 quoi nous nous attachons maintenant.<\/p>\n<p><img loading=\"lazy\" decoding=\"async\" class=\"aligncenter size-full wp-image-1315570\" src=\"https:\/\/www.europesays.com\/fr\/wp-content\/uploads\/2025\/07\/pawelec2.jpg\" alt=\"\" width=\"800\" height=\"532\"  \/><\/p>\n<p><strong>Milan Pawelec<\/strong> est n\u00e9 dans une famille de<br \/>\npilotes, avec un p\u00e8re champion Supersport de Pologne et un oncle<br \/>\nmulti champion de Pologne ayant fait quelques apparitions en wild<br \/>\ncard en WorldSBK. Si on ajoute que son fr\u00e8re a\u00een\u00e9 s\u2019est sans grande<br \/>\nsurprise adonn\u00e9 au sport moto, la voie du jeune Milan \u00e9tait tout<br \/>\ntrac\u00e9e, avec des d\u00e9buts suffisamment prometteurs en Pit Bikes en<br \/>\n2019 pour permettre un passage en European Talent Cup l\u2019ann\u00e9e<br \/>\nsuivante.<\/p>\n<p><img loading=\"lazy\" decoding=\"async\" class=\"aligncenter size-full wp-image-1315576\" src=\"https:\/\/www.europesays.com\/fr\/wp-content\/uploads\/2025\/07\/pawelec4.jpg\" alt=\"\" width=\"800\" height=\"570\"  \/><\/p>\n<p>Jusque l\u00e0, rien que du tr\u00e8s classique, d\u2019autant que les<br \/>\nr\u00e9sultats ne sont gu\u00e8re \u00e0 la hauteur, puisque seulement 38e en<br \/>\nEuropean Talent Cup en 2020.<br \/>2021 sera du m\u00eame acabit, l\u2019ami de <a href=\"https:\/\/www.paddock-gp.com\/?s=acosta\" target=\"_blank\" rel=\"noopener nofollow\"><strong>Pedro Acosta<\/strong><\/a> terminant 24e de<br \/>\nl\u2019ETC.<\/p>\n<p><img loading=\"lazy\" decoding=\"async\" class=\"aligncenter size-full wp-image-1315582\" src=\"https:\/\/www.europesays.com\/fr\/wp-content\/uploads\/2025\/07\/pawelec6.jpg\" alt=\"\" width=\"800\" height=\"502\"  \/><\/p>\n<p>A ce point d\u2019une jeune carri\u00e8re, <strong>Milan Pawelec<\/strong><br \/>\na eu la sagesse de se remettre en question, aboutissant \u00e0 une<br \/>\nd\u00e9cision \u00e0 priori surprenante : arr\u00eat de la comp\u00e9tition et<br \/>\nentra\u00eenement intensif sur une BMW S 1000 RR !<\/p>\n<p>L\u2019ann\u00e9e 2022 s\u2019est \u00e9coul\u00e9e ainsi, avec son fr\u00e8re en partenaire<br \/>\nd\u2019entra\u00eenement, puis, apr\u00e8s avoir dompt\u00e9 la puissante machine<br \/>\ngermanique, le pilote polonais est revenu se battre en 1000cc, dans<br \/>\nle championnat Alpe Adria Superstock qu\u2019il a remport\u00e9, et en IDM<br \/>\n1000 o\u00f9 il a gagn\u00e9 les deux courses auxquelles il a particip\u00e9,<br \/>\ndepuis la pole position.<\/p>\n<p><img loading=\"lazy\" decoding=\"async\" class=\"aligncenter size-full wp-image-1315579\" src=\"https:\/\/www.europesays.com\/fr\/wp-content\/uploads\/2025\/07\/pawelec5.jpg\" alt=\"\" width=\"800\" height=\"590\"  \/><\/p>\n<p>La confiance revenue, la comp\u00e9tition n\u2019allait pas tarder \u00e0<br \/>\nsuivre, sous la forme du championnat du monde JuniorGP Moto3 en<br \/>\n2024, le tout saupoudr\u00e9 d\u2019une demi-saison de Red Bull MotoGP<br \/>\nRookies Cup et de quelques tests en Moto2.<\/p>\n<p><img loading=\"lazy\" decoding=\"async\" class=\"aligncenter size-full wp-image-1315585\" src=\"https:\/\/www.europesays.com\/fr\/wp-content\/uploads\/2025\/07\/pawelec7.jpg\" alt=\"\" width=\"800\" height=\"531\"  \/><\/p>\n<p>Sans pour autant exploser les \u00e9crans, loin de l\u00e0 (20e en<br \/>\nJuniorGP, 19e en Red Bull MotoGP Rookies Cup), la progression s\u2019est<br \/>\nfaite en profondeur et semble porter enfin ses fruits cette<br \/>\nann\u00e9e.<br \/>Il est encore trop t\u00f4t pour savoir o\u00f9 cela m\u00e8nera <strong>Milan<br \/>\nPawelec<\/strong>, mais par certains c\u00f4t\u00e9s son parcours \u00e9clectique<br \/>\nn\u2019est pas sans nous \u00e9voquer un c\u00e9l\u00e8bre pilote du nom de <a href=\"https:\/\/www.paddock-gp.com\/?s=petrucci\" target=\"_blank\" rel=\"noopener nofollow\"><strong>Danilo Petrucci<\/strong><\/a>\u2026<\/p>\n<p><img loading=\"lazy\" decoding=\"async\" class=\"aligncenter size-full wp-image-1315567\" src=\"https:\/\/www.europesays.com\/fr\/wp-content\/uploads\/2025\/07\/pawelec.jpg\" alt=\"\" width=\"800\" height=\"533\"  \/><\/p>\n<p>\u00a0<\/p>\n<p>\u00a0<\/p>\n","protected":false},"excerpt":{"rendered":"Si Brian Uriarte \u00e0 pris le mesure de la cat\u00e9gorie Moto3 du JuniorGP, en Moto2 les yeux se&hellip;\n","protected":false},"author":2,"featured_media":286695,"comment_status":"","ping_status":"","sticky":false,"template":"","format":"standard","meta":{"footnotes":""},"categories":[1413],"tags":[1011,27,1457,1456,60],"class_list":{"0":"post-286694","1":"post","2":"type-post","3":"status-publish","4":"format-standard","5":"has-post-thumbnail","7":"category-moto","8":"tag-fr","9":"tag-france","10":"tag-moto","11":"tag-motocycle","12":"tag-sports"},"share_on_mastodon":{"url":"https:\/\/pubeurope.com\/@fr\/114947882062971900","error":""},"_links":{"self":[{"href":"https:\/\/www.europesays.com\/fr\/wp-json\/wp\/v2\/posts\/286694","targetHints":{"allow":["GET"]}}],"collection":[{"href":"https:\/\/www.europesays.com\/fr\/wp-json\/wp\/v2\/posts"}],"about":[{"href":"https:\/\/www.europesays.com\/fr\/wp-json\/wp\/v2\/types\/post"}],"author":[{"embeddable":true,"href":"https:\/\/www.europesays.com\/fr\/wp-json\/wp\/v2\/users\/2"}],"replies":[{"embeddable":true,"href":"https:\/\/www.europesays.com\/fr\/wp-json\/wp\/v2\/comments?post=286694"}],"version-history":[{"count":0,"href":"https:\/\/www.europesays.com\/fr\/wp-json\/wp\/v2\/posts\/286694\/revisions"}],"wp:featuredmedia":[{"embeddable":true,"href":"https:\/\/www.europesays.com\/fr\/wp-json\/wp\/v2\/media\/286695"}],"wp:attachment":[{"href":"https:\/\/www.europesays.com\/fr\/wp-json\/wp\/v2\/media?parent=286694"}],"wp:term":[{"taxonomy":"category","embeddable":true,"href":"https:\/\/www.europesays.com\/fr\/wp-json\/wp\/v2\/categories?post=286694"},{"taxonomy":"post_tag","embeddable":true,"href":"https:\/\/www.europesays.com\/fr\/wp-json\/wp\/v2\/tags?post=286694"}],"curies":[{"name":"wp","href":"https:\/\/api.w.org\/{rel}","templated":true}]}}