{"id":286696,"date":"2025-07-31T12:37:23","date_gmt":"2025-07-31T12:37:23","guid":{"rendered":"https:\/\/www.europesays.com\/fr\/286696\/"},"modified":"2025-07-31T12:37:23","modified_gmt":"2025-07-31T12:37:23","slug":"la-turquie-espere-retrouver-une-place-permanente-au-calendrier-de-f1","status":"publish","type":"post","link":"https:\/\/www.europesays.com\/fr\/286696\/","title":{"rendered":"La Turquie esp\u00e8re retrouver une place permanente au calendrier de F1"},"content":{"rendered":"<p><strong>La Turquie esp\u00e8re retrouver une place permanente au calendrier de F1<\/strong><\/p>\n<p>avec\u00a0: L\u2019Equipe<\/p>\n<p>Quatre ans apr\u00e8s avoir accueilli son dernier Grand Prix, la Turquie se dit pr\u00eate \u00e0 organiser un nouveau week-end de Formule 1 d\u00e8s 2026. Le pr\u00e9sident de la F\u00e9d\u00e9ration turque des sports automobiles a m\u00eame affich\u00e9 ses ambitions d\u2019obtenir un \u00ab\u00a0contrat \u00e0 long terme\u00a0\u00bb pour Istanbul Park.<\/p>\n<p>La Turquie veut faire son retour en Formule 1. Absent depuis 2021, apr\u00e8s deux \u00e9ditions assur\u00e9es pendant la pand\u00e9mie de Covid-19, le circuit d\u2019Istanbul Park est \u00e0 la recherche d\u2019une place au calendrier. Interrog\u00e9 par Motorsport.com, le pr\u00e9sident de la F\u00e9d\u00e9ration turque des sports automobiles (Tosfed), Eren Uclertopragi, a m\u00eame avanc\u00e9 que la Turquie \u00e9tait pr\u00eate \u00e0 organiser un Grand Prix d\u00e8s l\u2019ann\u00e9e prochaine.<\/p>\n<p>\u00ab\u00a0Le calendrier 2026 a d\u00e9j\u00e0 \u00e9t\u00e9 publi\u00e9, a rappel\u00e9 le dirigeant. N\u00e9anmoins, dans le cas o\u00f9 une course ne pourrait pas avoir lieu pour diverses raisons, nous pourrions accueillir le GP de Turquie.\u00a0\u00bb La Tosfed voudrait m\u00eame s\u00e9curiser un week-end de course annuel pendant plusieurs saisons\u00a0: \u00ab\u00a0Le gouvernement est fermement engag\u00e9 \u00e0 faire revenir la Turquie dans le calendrier avec un accord permanent et \u00e0 long terme. (&#8230;) Contrairement \u00e0 la p\u00e9riode de la pand\u00e9mie, nous ne voulons pas accueillir une course unique de remplacement.\u00a0\u00bb<\/p>\n<p><strong>Un GP annuel d\u00e8s 2027\u00a0?<\/strong><br class=\"autobr\"\/><br \/>\nLa f\u00e9d\u00e9ration turque, qui \u00ab\u00a0ne [cherche] pas \u00e0 entrer en concurrence avec un autre pays\u00a0\u00bb, devra tout de m\u00eame jouer des coudes pour retrouver sa place au calendrier. Motorsport.com ajoute qu\u2019un retour pourrait se profiler en 2027, alors que le circuit de Zandvoort (Pays-Bas) sera d\u00e9programm\u00e9 et que celui de Barcelone n\u2019a toujours pas prolong\u00e9 son bail (2026).<\/p>\n<p>Toutefois, de nombreuses villes attendent leur tour en F1, \u00e0 l\u2019image de Madrid, dont le circuit est tout juste sorti de terre et accueillera un GP en 2026, et de Bangkok (Tha\u00eflande), qui esp\u00e8re accueillir un premier week-end de course en 2028.<\/p>\n","protected":false},"excerpt":{"rendered":"La Turquie esp\u00e8re retrouver une place permanente au calendrier de F1 avec\u00a0: L\u2019Equipe Quatre ans apr\u00e8s avoir accueilli&hellip;\n","protected":false},"author":2,"featured_media":286697,"comment_status":"","ping_status":"","sticky":false,"template":"","format":"standard","meta":{"footnotes":""},"categories":[1412],"tags":[1451,1452,1453,1454,1455,1011,27,60],"class_list":{"0":"post-286696","1":"post","2":"type-post","3":"status-publish","4":"format-standard","5":"has-post-thumbnail","7":"category-f1","8":"tag-f1","9":"tag-formula-1","10":"tag-formula1","11":"tag-formule-1","12":"tag-formule1","13":"tag-fr","14":"tag-france","15":"tag-sports"},"share_on_mastodon":{"url":"https:\/\/pubeurope.com\/@fr\/114947885985261268","error":""},"_links":{"self":[{"href":"https:\/\/www.europesays.com\/fr\/wp-json\/wp\/v2\/posts\/286696","targetHints":{"allow":["GET"]}}],"collection":[{"href":"https:\/\/www.europesays.com\/fr\/wp-json\/wp\/v2\/posts"}],"about":[{"href":"https:\/\/www.europesays.com\/fr\/wp-json\/wp\/v2\/types\/post"}],"author":[{"embeddable":true,"href":"https:\/\/www.europesays.com\/fr\/wp-json\/wp\/v2\/users\/2"}],"replies":[{"embeddable":true,"href":"https:\/\/www.europesays.com\/fr\/wp-json\/wp\/v2\/comments?post=286696"}],"version-history":[{"count":0,"href":"https:\/\/www.europesays.com\/fr\/wp-json\/wp\/v2\/posts\/286696\/revisions"}],"wp:featuredmedia":[{"embeddable":true,"href":"https:\/\/www.europesays.com\/fr\/wp-json\/wp\/v2\/media\/286697"}],"wp:attachment":[{"href":"https:\/\/www.europesays.com\/fr\/wp-json\/wp\/v2\/media?parent=286696"}],"wp:term":[{"taxonomy":"category","embeddable":true,"href":"https:\/\/www.europesays.com\/fr\/wp-json\/wp\/v2\/categories?post=286696"},{"taxonomy":"post_tag","embeddable":true,"href":"https:\/\/www.europesays.com\/fr\/wp-json\/wp\/v2\/tags?post=286696"}],"curies":[{"name":"wp","href":"https:\/\/api.w.org\/{rel}","templated":true}]}}