{"id":286704,"date":"2025-07-31T12:42:10","date_gmt":"2025-07-31T12:42:10","guid":{"rendered":"https:\/\/www.europesays.com\/fr\/286704\/"},"modified":"2025-07-31T12:42:10","modified_gmt":"2025-07-31T12:42:10","slug":"les-coups-de-coeur-de-lete-de-la-libraire-elisabeth-levain","status":"publish","type":"post","link":"https:\/\/www.europesays.com\/fr\/286704\/","title":{"rendered":"Les coups de c\u0153ur de l\u2019\u00e9t\u00e9 de la libraire Elisabeth Levain"},"content":{"rendered":"<p>Comme lors de chaque saison, la libraire Elisabeth Levain, de Quartier Lointain \u00e0 Tr\u00e9gunc, nous fait part de ses coups de c\u0153ur. Si elle a parfois du mal \u00e0 \u00e9tablir un classement, cet \u00e9t\u00e9, il est un livre qui se d\u00e9tache largement et pour lequel la libraire a eu v\u00e9ritable coup de foudre\u00a0: \u00ab\u200aMon vrai nom est Elisabeth\u200a\u00bb, d\u2019Ad\u00e8le Yon. \u00ab\u200aIl s\u2019agit d\u2019une enqu\u00eate \u00e0 la fois intime et universelle o\u00f9 l\u2019autrice cherche \u00e0 comprendre quelle a \u00e9t\u00e9 la vie de son arri\u00e8re-grand-m\u00e8re, Elisabeth. Elle cherche, cherche, parfois se perd, mais avance et nous l\u2019accompagnons. C\u2019est brillant, bouleversant. C\u2019est un livre qui r\u00e9sonne en nous pour longtemps\u200a\u00bb, assure Elisabeth Levain. Elle a aussi beaucoup aim\u00e9 \u00ab\u200aL\u2019inventaire des r\u00eaves\u200a\u00bb, de Chimamanda Ngozi Adichie, qui raconte les trajectoires de quatre femmes. \u00ab\u200aL\u2019art de Chimamanda Ngozi Adichie est de nous permettre de nous rapprocher d\u2019elles au point de voir le monde \u00e0 travers leurs regards, de ressentir leurs questionnements, et d\u2019en comprendre un peu plus sur nous toutes et tous, sur nos soci\u00e9t\u00e9s qui \u00e9voluent, ou pas. C\u2019est extr\u00eamement bien \u00e9crit, dr\u00f4le, \u00e9mouvant et tout simplement g\u00e9nial\u200a\u00bb, garantit la libraire. \u00c0 d\u00e9couvrir \u00e9galement de la m\u00eame autrice\u00a0: \u00ab\u200aAmericanah\u200a\u00bb, \u00ab\u200aL\u2019autre moiti\u00e9 du soleil\u200a\u00bb, et \u00ab\u200aL\u2019hibiscus pourpre\u200a\u00bb.<\/p>\n<p>\u00ab\u200aUne fresque d\u2019une force incroyable\u200a\u00bb<\/p>\n<p>En BD, elle a choisi \u00ab\u200aLa longue route\u200a\u00bb, de St\u00e9phane Melchior et Younn Locard. \u00ab\u200aUne adaptation tr\u00e8s r\u00e9ussie du livre du navigateur et grand voyageur Bernard Moitessier\u200a\u00bb, explique-t-elle. Et en livre de poche\u00a0: \u00ab\u200aDeux femmes et un jardin\u200a\u00bb, d\u2019Anne Guglielmetti. \u00ab\u200aC\u2019est fou tout ce qu\u2019il peut y avoir dans un r\u00e9cit si court. Recommand\u00e9 par une cliente, c\u2019est un plaisir de le mettre en avant \u00e0 mon tour\u200a\u00bb, indique la libraire. Une derni\u00e8re recommandation\u00a0: \u00ab\u200aNous traverserons des orages\u200a\u00bb d\u2019Anne-Laure Bondoux, qui fait vivre le XXe si\u00e8cle aux c\u00f4t\u00e9s de plusieurs g\u00e9n\u00e9rations. \u00ab\u200aLes conflits et les combats pour les droits des femmes rythment leurs vies et notre lecture. Une fresque d\u2019une force incroyable\u200a\u00bb, conclut Elisabeth Levain.<\/p>\n","protected":false},"excerpt":{"rendered":"Comme lors de chaque saison, la libraire Elisabeth Levain, de Quartier Lointain \u00e0 Tr\u00e9gunc, nous fait part de&hellip;\n","protected":false},"author":2,"featured_media":286705,"comment_status":"","ping_status":"","sticky":false,"template":"","format":"standard","meta":{"footnotes":""},"categories":[1357],"tags":[1379,251,58,59,1011,27,1351,1380,2004,19529],"class_list":{"0":"post-286704","1":"post","2":"type-post","3":"status-publish","4":"format-standard","5":"has-post-thumbnail","7":"category-livres","8":"tag-books","9":"tag-culture","10":"tag-divertissement","11":"tag-entertainment","12":"tag-fr","13":"tag-france","14":"tag-litterature","15":"tag-livres","16":"tag-roman","17":"tag-tregunc"},"share_on_mastodon":{"url":"https:\/\/pubeurope.com\/@fr\/114947905554778295","error":""},"_links":{"self":[{"href":"https:\/\/www.europesays.com\/fr\/wp-json\/wp\/v2\/posts\/286704","targetHints":{"allow":["GET"]}}],"collection":[{"href":"https:\/\/www.europesays.com\/fr\/wp-json\/wp\/v2\/posts"}],"about":[{"href":"https:\/\/www.europesays.com\/fr\/wp-json\/wp\/v2\/types\/post"}],"author":[{"embeddable":true,"href":"https:\/\/www.europesays.com\/fr\/wp-json\/wp\/v2\/users\/2"}],"replies":[{"embeddable":true,"href":"https:\/\/www.europesays.com\/fr\/wp-json\/wp\/v2\/comments?post=286704"}],"version-history":[{"count":0,"href":"https:\/\/www.europesays.com\/fr\/wp-json\/wp\/v2\/posts\/286704\/revisions"}],"wp:featuredmedia":[{"embeddable":true,"href":"https:\/\/www.europesays.com\/fr\/wp-json\/wp\/v2\/media\/286705"}],"wp:attachment":[{"href":"https:\/\/www.europesays.com\/fr\/wp-json\/wp\/v2\/media?parent=286704"}],"wp:term":[{"taxonomy":"category","embeddable":true,"href":"https:\/\/www.europesays.com\/fr\/wp-json\/wp\/v2\/categories?post=286704"},{"taxonomy":"post_tag","embeddable":true,"href":"https:\/\/www.europesays.com\/fr\/wp-json\/wp\/v2\/tags?post=286704"}],"curies":[{"name":"wp","href":"https:\/\/api.w.org\/{rel}","templated":true}]}}