{"id":286712,"date":"2025-07-31T12:46:17","date_gmt":"2025-07-31T12:46:17","guid":{"rendered":"https:\/\/www.europesays.com\/fr\/286712\/"},"modified":"2025-07-31T12:46:17","modified_gmt":"2025-07-31T12:46:17","slug":"pourquoi-tant-de-francais-ignorent-quils-ont-une-hepatite-b-ou-c","status":"publish","type":"post","link":"https:\/\/www.europesays.com\/fr\/286712\/","title":{"rendered":"Pourquoi tant de Fran\u00e7ais ignorent qu\u2019ils ont une h\u00e9patite B ou C ?"},"content":{"rendered":"<p>             <a href=\"https:\/\/ma-sante.news\/wp-content\/uploads\/2025\/07\/depistage-hepatites-virales-b-c-symptomes-vaccins-Ma-Sante.jpeg\" data-caption=\"15.000 morts sont li\u00e9s \u00e0 l&#039;h\u00e9patite B et 35.000 \u00e0 l&#039;h\u00e9patite C selon le Centre europ\u00e9en de pr\u00e9vention et de contr\u00f4le des maladies.  \u00a9 Adobe Stock\" target=\"_blank\" rel=\"noopener\"><img loading=\"lazy\" decoding=\"async\" width=\"696\" height=\"465\" class=\"entry-thumb td-modal-image\" src=\"data:image\/svg+xml,%3Csvg%20xmlns=\" http:=\"\" data-lazy- data-lazy- alt=\"Une femme en train de r\u00e9aliser un d\u00e9pistage des h\u00e9patites virales.\" title=\"d\u00e9pistage hepatites virales b c sympt\u00f4mes vaccins Ma Sant\u00e9\" data-lazy-src=\"https:\/\/www.europesays.com\/fr\/wp-content\/uploads\/2025\/07\/depistage-hepatites-virales-b-c-symptomes-vaccins-Ma-Sante-696x465.jpeg\"\/><\/a>15.000 morts sont li\u00e9s \u00e0 l&rsquo;h\u00e9patite B et 35.000 \u00e0 l&rsquo;h\u00e9patite C selon le Centre europ\u00e9en de pr\u00e9vention et de contr\u00f4le des maladies.  \u00a9 Adobe Stock                                    \t\t\t             <a class=\"gofollow\" data-track=\"MjgsMCwxLDYw\" href=\"https:\/\/ma-sante.news\/inscrivez-vous-a-notre-newsletter\/\" target=\"_blank\" rel=\"noopener\"><img loading=\"lazy\" decoding=\"async\" width=\"1068\" height=\"131\" src=\"data:image\/svg+xml,%3Csvg%20xmlns=\" http:=\"\" data-lazy-src=\"https:\/\/www.europesays.com\/fr\/wp-content\/uploads\/2025\/03\/banniere-newsletter.png\"\/><\/a> <\/p>\n<p>Elles ne font pas les gros titres, et pourtant\u202f: <a href=\"https:\/\/ma-sante.news\/hepatites-a-b-c-d-et-e-cest-quoi-la-difference\/\" target=\"_blank\" rel=\"noopener\">les h\u00e9patites virales<\/a> sont responsables chaque ann\u00e9e de dizaines de milliers de d\u00e9c\u00e8s en Europe. \u00ab\u202fC\u2019est une \u00e9pid\u00e9mie silencieuse\u202f\u00bb, reconna\u00eet l\u2019Organisation mondiale de la Sant\u00e9 (OMS), qui alerte\u202f: plus de <a href=\"https:\/\/ma-sante.news\/hepatite-b-et-c-depistage-conseils-28531\/\" target=\"_blank\" rel=\"noopener\">65\u202f% des cas d\u2019h\u00e9patite B et 62\u202f% des cas d\u2019h\u00e9patite C en Europe ne sont pas diagnostiqu\u00e9s<\/a>.<\/p>\n<p>R\u00e9sultat, des malades qui l\u2019ignorent, parfois pendant des ann\u00e9es, jusqu\u2019\u00e0 ce que la maladie se d\u00e9clare sous la forme la plus grave\u202f: cirrhose ou cancer du foie.<\/p>\n<p>        Une menace invisible qui progresse    <strong>La situation en France : des chiffres qui inqui\u00e8tent<\/strong>    <\/p>\n<p>En France, plus de 135\u202f000 personnes seraient atteintes d\u2019une h\u00e9patite B chronique, mais \u00e0 peine une sur cinq conna\u00eet vraiment son statut, selon Sant\u00e9 publique France (Sant\u00e9 Publique France, 2016). Pour l\u2019h\u00e9patite C, la pr\u00e9valence est similaire\u202f: environ 0,3\u202f% de la population adulte serait touch\u00e9e, soit pr\u00e8s de 200\u202f000 personnes. L\u00e0 encore, une large part l\u2019ignore.<\/p>\n<p><a href=\"https:\/\/ma-sante.news\/objectif-2030-ou-en-est-la-france-dans-la-lutte-contre-les-hepatites-virales\/\" target=\"_blank\" rel=\"noopener\">Des campagnes locales tentent de combler ce retard<\/a>. \u00c0 Saint\u2011Denis (La R\u00e9union), par exemple, \u00e0 l\u2019occasion de la Journ\u00e9e mondiale contre les h\u00e9patites (30 juillet 2025), un d\u00e9pistage gratuit et anonyme a \u00e9t\u00e9 propos\u00e9, permettant aux habitants de conna\u00eetre leur statut en quelques minutes.<\/p>\n<p>        <strong>Une Europe fortement touch\u00e9e<\/strong>    <\/p>\n<p>\u00c0 l\u2019\u00e9chelle europ\u00e9enne, les chiffres donnent le vertige. Pr\u00e8s de 5 millions de personnes vivent actuellement avec une infection chronique par l\u2019h\u00e9patite B ou C, selon le dernier rapport du Centre europ\u00e9en de pr\u00e9vention et de contr\u00f4le des maladies (ECDC). Ensemble, ces infections entra\u00eenent environ 50\u202f000 d\u00e9c\u00e8s par an.<\/p>\n<p>Le diagnostic reste trop tardif. La majorit\u00e9 des pays ne disposent pas de donn\u00e9es fiables sur le parcours complet du patient (d\u00e9pistage, diagnostic, traitement, suivi). Autrement dit, des milliers de malades passent entre les mailles du filet chaque ann\u00e9e.<\/p>\n<p>        Pourquoi autant de malades ignorent-ils leur infection\u202f?    <\/p>\n<p>La raison est simple\u202f: les h\u00e9patites B et C sont souvent asymptomatiques pendant des ann\u00e9es. Pas de douleur, pas de fi\u00e8vre, pas de signe visible. La maladie progresse silencieusement, endommageant le foie sans pr\u00e9venir. Alors, beaucoup d\u00e9couvrent leur infection \u00e0 un stade avanc\u00e9, parfois au moment du diagnostic d\u2019un cancer du foie.<\/p>\n<p>Et pourtant, les solutions existent\u202f:<\/p>\n<p>            D\u00e9pistage : des centres gratuit et accessibles partout    <\/p>\n<p>En France, le d\u00e9pistage se fait principalement via les CeGIDD (Centres gratuits d\u2019information, de d\u00e9pistage et de diagnostic), accessibles partout sur le territoire. Il est gratuit et anonyme, et peut \u00eatre compl\u00e9t\u00e9 par la vaccination contre le VHB.<\/p>\n<p>\u00c0 l\u2019\u00e9chelle nationale, le taux de d\u00e9pistage a progress\u00e9. En \u00cele\u2011de\u2011France, par exemple, plus de 100 tests pour 1\u202f000 habitants ont \u00e9t\u00e9 r\u00e9alis\u00e9s en 2021. Un chiffre en hausse par rapport aux ann\u00e9es pr\u00e9c\u00e9dentes selon Sant\u00e9 Publique France.<\/p>\n<blockquote class=\"wp-block-quote is-layout-flow wp-block-quote-is-layout-flow\">\n<p><strong>\u00c0 SAVOIR<\/strong><\/p>\n<p>En France, la vaccination contre l\u2019h\u00e9patite\u202fB est obligatoire pour tous les nourrissons depuis 2018. Elle prot\u00e8ge efficacement dans plus de 90\u202f% des cas et reste le meilleur moyen d\u2019\u00e9viter l\u2019infection et ses complications graves (Sant\u00e9 publique France).<\/p>\n<\/blockquote>\n<p>  <a class=\"gofollow\" data-track=\"MTIsMCwxLDYw\" href=\"https:\/\/ma-sante.news\/annonceurs\/\" target=\"_blank\" rel=\"noopener\"><img loading=\"lazy\" decoding=\"async\" width=\"2560\" height=\"2133\" src=\"data:image\/svg+xml,%3Csvg%20xmlns=\" http:=\"\" data-lazy-src=\"https:\/\/www.europesays.com\/fr\/wp-content\/uploads\/2025\/03\/pub-annonceurs-4-scaled.jpg\"\/><\/a>    <img loading=\"lazy\" decoding=\"async\" width=\"755\" height=\"495\" src=\"data:image\/svg+xml,%3Csvg%20xmlns=\" http:=\"\" data-lazy-src=\"https:\/\/www.europesays.com\/fr\/wp-content\/uploads\/2025\/03\/Image1.jpg\"\/>Inscrivez-vous \u00e0 notre newsletter <br \/>Ma Sant\u00e9                      <\/p>\n","protected":false},"excerpt":{"rendered":"15.000 morts sont li\u00e9s \u00e0 l&rsquo;h\u00e9patite B et 35.000 \u00e0 l&rsquo;h\u00e9patite C selon le Centre europ\u00e9en de pr\u00e9vention&hellip;\n","protected":false},"author":2,"featured_media":286713,"comment_status":"","ping_status":"","sticky":false,"template":"","format":"standard","meta":{"footnotes":""},"categories":[10],"tags":[1011,27,72,13678,71,148],"class_list":{"0":"post-286712","1":"post","2":"type-post","3":"status-publish","4":"format-standard","5":"has-post-thumbnail","7":"category-sante","8":"tag-fr","9":"tag-france","10":"tag-health","11":"tag-hu00e9patite-b","12":"tag-sante","13":"tag-vaccination"},"share_on_mastodon":{"url":"https:\/\/pubeurope.com\/@fr\/114947921301761708","error":""},"_links":{"self":[{"href":"https:\/\/www.europesays.com\/fr\/wp-json\/wp\/v2\/posts\/286712","targetHints":{"allow":["GET"]}}],"collection":[{"href":"https:\/\/www.europesays.com\/fr\/wp-json\/wp\/v2\/posts"}],"about":[{"href":"https:\/\/www.europesays.com\/fr\/wp-json\/wp\/v2\/types\/post"}],"author":[{"embeddable":true,"href":"https:\/\/www.europesays.com\/fr\/wp-json\/wp\/v2\/users\/2"}],"replies":[{"embeddable":true,"href":"https:\/\/www.europesays.com\/fr\/wp-json\/wp\/v2\/comments?post=286712"}],"version-history":[{"count":0,"href":"https:\/\/www.europesays.com\/fr\/wp-json\/wp\/v2\/posts\/286712\/revisions"}],"wp:featuredmedia":[{"embeddable":true,"href":"https:\/\/www.europesays.com\/fr\/wp-json\/wp\/v2\/media\/286713"}],"wp:attachment":[{"href":"https:\/\/www.europesays.com\/fr\/wp-json\/wp\/v2\/media?parent=286712"}],"wp:term":[{"taxonomy":"category","embeddable":true,"href":"https:\/\/www.europesays.com\/fr\/wp-json\/wp\/v2\/categories?post=286712"},{"taxonomy":"post_tag","embeddable":true,"href":"https:\/\/www.europesays.com\/fr\/wp-json\/wp\/v2\/tags?post=286712"}],"curies":[{"name":"wp","href":"https:\/\/api.w.org\/{rel}","templated":true}]}}