{"id":286714,"date":"2025-07-31T12:47:10","date_gmt":"2025-07-31T12:47:10","guid":{"rendered":"https:\/\/www.europesays.com\/fr\/286714\/"},"modified":"2025-07-31T12:47:10","modified_gmt":"2025-07-31T12:47:10","slug":"maxime-grousset-passe-a-cote-de-la-medaille-sur-100-metres-popovici-titre","status":"publish","type":"post","link":"https:\/\/www.europesays.com\/fr\/286714\/","title":{"rendered":"Maxime Grousset passe \u00e0 c\u00f4t\u00e9 de la m\u00e9daille sur 100 m\u00e8tres, Popovici titr\u00e9"},"content":{"rendered":"<p>5e meilleur temps des demi-finales, le nageur cal\u00e9donien n\u2019a pas su acc\u00e9l\u00e9rer et termine \u00e0 une seconde du vainqueur roumain.<\/p>\n<p class=\"fig-paragraph\">Le Roumain David Popovici est devenu champion du monde du 100 m nage libre pour la deuxi\u00e8me fois de sa carri\u00e8re, avec un chrono supersonique de 46 sec 51\/100e, soit la deuxi\u00e8me meilleure performance de l\u2019histoire, jeudi \u00e0 Singapour. Popovici a remport\u00e9 la bataille de la course reine en fr\u00f4lant de 11 centi\u00e8mes le record du monde du Chinois Pan Zhanle pour devancer l\u2019Am\u00e9ricain Jack Alexy (46 sec 92) et l\u2019Australien Kyle Chalmers (47 sec 17), tandis que le Fran\u00e7ais Maxime Grousset, en qu\u00eate d\u2019une deuxi\u00e8me m\u00e9daille apr\u00e8s\u00a0<a href=\"http:\/\/www.lefigaro.fr\/sports\/autres-sports\/mondiaux-de-natation-en-attendant-leon-marchand-maxime-grouset-decroche-l-or-sur-le-50-m-papillon-20250728\" data-fig-type=\"NewsFlash\" data-gtm-custom-categorie=\"navigation\" data-gtm-custom-action=\"crossclick\" data-gtm-custom-label=\"Contextuel\" data-gtm-event=\"customEventSPE\" data-fig-domain=\"LEFIGARO\" target=\"_blank\" rel=\"noopener\">son titre sur 50 m papillon<\/a>, a pris la 7e place.<\/p>\n<p class=\"fig-paragraph\">Comme en 2022, le Roumain r\u00e9alise le doubl\u00e9 du sprint apr\u00e8s<a href=\"http:\/\/www.lefigaro.fr\/sports\/autres-sports\/mondiaux-de-natation-a-20-ans-david-popovici-sacre-champion-du-monde-du-200-m-nage-libre-pour-la-seconde-fois-20250729\" data-fig-type=\"NewsFlash\" data-gtm-custom-categorie=\"navigation\" data-gtm-custom-action=\"crossclick\" data-gtm-custom-label=\"Contextuel\" data-gtm-event=\"customEventSPE\" data-fig-domain=\"LEFIGARO\" target=\"_blank\" rel=\"noopener\">\u00a0sa victoire en finale du 200 m mardi<\/a>. \u00abCelui qui s\u2019impose est g\u00e9n\u00e9ralement celui qui parvient \u00e0 se d\u00e9tacher le plus des autres\u00bb, a d\u00e9clar\u00e9 le charismatique nageur de 20 ans \u00e0 propos de son \u00e9tat d\u2019esprit avant la course. \u00abSi j\u2019arrive \u00e0 imaginer des murs de chaque c\u00f4t\u00e9 de ma ligne d\u2019eau, je peux alors m\u2019imaginer que je suis seul et faire ce pour quoi je me suis entra\u00een\u00e9.\u00bb Popovici a pris le contr\u00f4le de la deuxi\u00e8me longueur, distan\u00e7ant ses rivaux dans les 25 derniers m\u00e8tres pour toucher le mur en vainqueur incontest\u00e9. \u00abJe suis simplement heureux d\u2019\u00eatre ici, ce qui repr\u00e9sente plus que n\u2019importe quel titre \u00e0 n\u2019importe quel moment\u00bb, a-t-il d\u00e9clar\u00e9.<\/p>\n<p>                                    <a class=\"fig-a11y-skip a11y-hidden\" href=\"#fig-a11y-skip-main-inarticle\"><br \/>\n        Passer la publicit\u00e9<br \/>\n    <\/a><\/p>\n<p>Grousset reste \u00e0 quai<\/p>\n<p class=\"fig-paragraph\">Champion olympique en titre et d\u00e9tenteur du record du monde,\u00a0<a href=\"http:\/\/www.lefigaro.fr\/sports\/autres-sports\/mondiaux-de-natation-desillusion-pour-le-champion-olympique-pan-zhanle-sorti-des-les-demi-finales-du-100-m-nage-libre-20250730\" data-fig-type=\"NewsFlash\" data-gtm-custom-categorie=\"navigation\" data-gtm-custom-action=\"crossclick\" data-gtm-custom-label=\"Contextuel\" data-gtm-event=\"customEventSPE\" data-fig-domain=\"LEFIGARO\" target=\"_blank\" rel=\"noopener\">Pan n\u2019avait pas r\u00e9ussi \u00e0 se qualifier pour la finale<\/a>\u00a0apr\u00e8s avoir termin\u00e9 10e des demies. Le ph\u00e9nom\u00e8ne chinois, \u00e9galement \u00e9limin\u00e9 pr\u00e9cocement du 200 m nage libre, a expliqu\u00e9 ne pas se sentir \u00aben bonne forme\u00bb. \u00abUn peu crisp\u00e9\u00bb de son propre aveu, Maxime Grousset n\u2019a pu prendre que la 7e place en 47 sec 59. \u00abJe n\u2019ai pas r\u00e9ussi \u00e0 nager suffisamment rel\u00e2ch\u00e9, car j\u2019ai voulu partir un poil plus vite sur le premier 25 m\u00e8tres. Ce n\u2019est pas une mauvaise course, mais c\u2019est un peu en dessous de ce que je pensais faire\u00bb, a-t-il reconnu.<\/p>\n<p class=\"fig-paragraph\">\u00abIl y avait un peu de fatigue mentale, peut-\u00eatre&#8230; Il faut se ressourcer. Je pense que \u00e7a a jou\u00e9. C\u2019\u00e9tait une finale tr\u00e8s, tr\u00e8s relev\u00e9e, une des plus relev\u00e9es de tous les temps. Et j\u2019en fais partie, donc je suis content. Mais voil\u00e0, je voulais vraiment monter sur ce podium (&#8230;) il \u00e9tait accessible.\u00bb\u00a0<a href=\"http:\/\/www.lefigaro.fr\/sports\/autres-sports\/ca-donne-de-l-appetit-deja-en-or-aux-mondiaux-de-natation-maxime-grousset-reve-d-une-semaine-historique-20250728\" data-fig-type=\"Article\" data-gtm-custom-categorie=\"navigation\" data-gtm-custom-action=\"crossclick\" data-gtm-custom-label=\"Contextuel\" data-gtm-event=\"customEventSPE\" data-fig-domain=\"LEFIGARO\" target=\"_blank\" rel=\"noopener\">Le Fran\u00e7ais de 26 ans<\/a>\u00a0doit encore participer aux 100 m papillon et 50 m nage libre \u00e0 partir de vendredi.<\/p>\n","protected":false},"excerpt":{"rendered":"5e meilleur temps des demi-finales, le nageur cal\u00e9donien n\u2019a pas su acc\u00e9l\u00e9rer et termine \u00e0 une seconde du&hellip;\n","protected":false},"author":2,"featured_media":286715,"comment_status":"","ping_status":"","sticky":false,"template":"","format":"standard","meta":{"footnotes":""},"categories":[9],"tags":[2212,1011,27,32778,5216,3512,60],"class_list":{"0":"post-286714","1":"post","2":"type-post","3":"status-publish","4":"format-standard","5":"has-post-thumbnail","7":"category-sports","8":"tag-championnat-du-monde","9":"tag-fr","10":"tag-france","11":"tag-maxime-grousset","12":"tag-natation","13":"tag-singapour","14":"tag-sports"},"share_on_mastodon":{"url":"https:\/\/pubeurope.com\/@fr\/114947925276415275","error":""},"_links":{"self":[{"href":"https:\/\/www.europesays.com\/fr\/wp-json\/wp\/v2\/posts\/286714","targetHints":{"allow":["GET"]}}],"collection":[{"href":"https:\/\/www.europesays.com\/fr\/wp-json\/wp\/v2\/posts"}],"about":[{"href":"https:\/\/www.europesays.com\/fr\/wp-json\/wp\/v2\/types\/post"}],"author":[{"embeddable":true,"href":"https:\/\/www.europesays.com\/fr\/wp-json\/wp\/v2\/users\/2"}],"replies":[{"embeddable":true,"href":"https:\/\/www.europesays.com\/fr\/wp-json\/wp\/v2\/comments?post=286714"}],"version-history":[{"count":0,"href":"https:\/\/www.europesays.com\/fr\/wp-json\/wp\/v2\/posts\/286714\/revisions"}],"wp:featuredmedia":[{"embeddable":true,"href":"https:\/\/www.europesays.com\/fr\/wp-json\/wp\/v2\/media\/286715"}],"wp:attachment":[{"href":"https:\/\/www.europesays.com\/fr\/wp-json\/wp\/v2\/media?parent=286714"}],"wp:term":[{"taxonomy":"category","embeddable":true,"href":"https:\/\/www.europesays.com\/fr\/wp-json\/wp\/v2\/categories?post=286714"},{"taxonomy":"post_tag","embeddable":true,"href":"https:\/\/www.europesays.com\/fr\/wp-json\/wp\/v2\/tags?post=286714"}],"curies":[{"name":"wp","href":"https:\/\/api.w.org\/{rel}","templated":true}]}}