{"id":286718,"date":"2025-07-31T12:49:11","date_gmt":"2025-07-31T12:49:11","guid":{"rendered":"https:\/\/www.europesays.com\/fr\/286718\/"},"modified":"2025-07-31T12:49:11","modified_gmt":"2025-07-31T12:49:11","slug":"sommes-nous-vraiment-la-derniere-generation-a-voir-des-lucioles-ce-que-dit-vraiment-la-science","status":"publish","type":"post","link":"https:\/\/www.europesays.com\/fr\/286718\/","title":{"rendered":"Sommes-nous vraiment la derni\u00e8re g\u00e9n\u00e9ration \u00e0 voir des lucioles ? Ce que dit vraiment la science"},"content":{"rendered":"<p class=\"whitespace-normal break-words\"><strong>Une vid\u00e9o TikTok a<br \/>\nr\u00e9cemment affol\u00e9 la toile : \u00ab\u00a0Nous sommes la derni\u00e8re<br \/>\ng\u00e9n\u00e9ration \u00e0 voir des lucioles\u00a0\u00bb. Plus de 6,4 millions de<br \/>\nlikes et des milliers de commentaires empreints de nostalgie. Mais<br \/>\ncette affirmation dramatique correspond-elle \u00e0 la r\u00e9alit\u00e9<br \/>\nscientifique ?<\/strong><\/p>\n<p>Quand les<br \/>\nr\u00e9seaux sociaux alimentent l\u2019\u00e9co-anxi\u00e9t\u00e9<\/p>\n<p class=\"whitespace-normal break-words\">Dans notre \u00e9poque marqu\u00e9e<br \/>\npar ce que les experts appellent une \u00ab\u00a0polycrise\u00a0\u00bb \u2013<br \/>\ncette convergence de crises climatiques, \u00e9cologiques et sociales<br \/>\nqui s\u2019amplifient mutuellement \u2013 il devient facile de c\u00e9der au<br \/>\ncatastrophisme. Les lucioles, ces petits col\u00e9opt\u00e8res lumineux qui<br \/>\nenchantent nos soir\u00e9es d\u2019\u00e9t\u00e9, sont devenues le symbole parfait de<br \/>\ncette fragilit\u00e9 environnementale.<\/p>\n<p class=\"whitespace-normal break-words\">L\u2019engouement autour de<br \/>\ncette publication refl\u00e8te une angoisse collective l\u00e9gitime. Entre<br \/>\nr\u00e9chauffement climatique, effondrement de la biodiversit\u00e9 et<br \/>\npollution g\u00e9n\u00e9ralis\u00e9e, notre plan\u00e8te traverse effectivement une<br \/>\np\u00e9riode critique. Mais pour agir efficacement, encore faut-il<br \/>\ndistinguer les v\u00e9ritables menaces des exag\u00e9rations virales.<\/p>\n<p>Ce que<br \/>\nr\u00e9v\u00e8le la recherche sur les lucioles<\/p>\n<p class=\"whitespace-normal break-words\">Une \u00e9tude majeure <a href=\"https:\/\/www.sciencedirect.com\/science\/article\/pii\/S0048969724024720?via%3Dihub\" target=\"_blank\" rel=\"noopener nofollow\">publi\u00e9e en avril 2024<\/a> apporte un<br \/>\n\u00e9clairage scientifique pr\u00e9cieux sur l\u2019\u00e9tat des populations de<br \/>\nlucioles en Am\u00e9rique du Nord. Dirig\u00e9e par Darin McNeil de<br \/>\nl\u2019Universit\u00e9 du Kentucky, cette recherche s\u2019appuie sur plus de 24<br \/>\n000 observations collect\u00e9es par des scientifiques citoyens du<br \/>\nprogramme Firefly Watch.<\/p>\n<p class=\"whitespace-normal break-words\">Les r\u00e9sultats confirment<br \/>\nque ces insectes font face \u00e0 des d\u00e9fis consid\u00e9rables. Le <a href=\"https:\/\/sciencepost.fr\/cartographie-zones-ou-changement-climatique-menace-securite-alimentaire\/\" target=\"_blank\" rel=\"noopener nofollow\">changement climatique<\/a> perturbe<br \/>\nleurs cycles de reproduction : ces cr\u00e9atures qui prosp\u00e8rent dans<br \/>\ndes \u00e9t\u00e9s chauds et humides souffrent des variations de temp\u00e9rature<br \/>\net des modifications des r\u00e9gimes de pr\u00e9cipitations. Trop de<br \/>\ns\u00e9cheresse tue leurs larves, tandis que des pluies excessives<br \/>\ninondent leurs sites de reproduction.<\/p>\n<p class=\"whitespace-normal break-words\">L\u2019urbanisation galopante<br \/>\nconstitue une autre menace majeure. L\u2019expansion des villes grignote<br \/>\nleurs habitats naturels \u2013 ces zones d\u2019herbes hautes et d\u2019eau<br \/>\nstagnante indispensables \u00e0 leur reproduction. Plus insidieusement,<br \/>\nla pollution lumineuse des lampadaires et enseignes commerciales<br \/>\nbrouille leurs signaux lumineux, perturbant leurs rituels<br \/>\nd\u2019accouplement qui reposent enti\u00e8rement sur la bioluminescence.<\/p>\n<blockquote class=\"tiktok-embed\" cite=\"https:\/\/www.tiktok.com\/@evenaged\/video\/7515743121200794896\" data-video-id=\"7515743121200794896\" data-embed-from=\"oembed\" style=\"max-width:605px; min-width:325px;\"><p><a target=\"_blank\" title=\"@evenaged\" href=\"https:\/\/www.tiktok.com\/@evenaged?refer=embed\" rel=\"nofollow noopener\">@evenaged<\/a><\/p>\n<p>We are the last generation to see fireflies.<\/p>\n<p><a target=\"_blank\" title=\"\u266c original sound - Jay - Spotify\" href=\"https:\/\/www.tiktok.com\/music\/original-sound-Jay-7273050629097196293?refer=embed\" rel=\"nofollow noopener\"><br \/>\n\u266c original sound \u2013 Jay \u2013 Spotify<\/a><\/p>\n<\/blockquote>\n<p>L\u2019agriculture, menace et refuge \u00e0 la fois<\/p>\n<p class=\"whitespace-normal break-words\">L\u2019impact de l\u2019agriculture<br \/>\nmoderne r\u00e9v\u00e8le toute la complexit\u00e9 du probl\u00e8me. L\u2019usage massif de<br \/>\npesticides et d\u2019herbicides contribue ind\u00e9niablement au d\u00e9clin des<br \/>\npopulations de lucioles, ces produits chimiques d\u00e9truisant \u00e0 la<br \/>\nfois leurs proies et exer\u00e7ant une toxicit\u00e9 directe sur les<br \/>\ninsectes.<\/p>\n<p class=\"whitespace-normal break-words\">Paradoxalement, certaines<br \/>\nzones agricoles pr\u00e9sentent les densit\u00e9s de lucioles les plus<br \/>\n\u00e9lev\u00e9es. Cette apparente contradiction s\u2019explique par la diversit\u00e9<br \/>\ndes pratiques : le p\u00e2turage du b\u00e9tail, par exemple, peut maintenir<br \/>\nces conditions herbeuses favorables aux lucioles, contrairement aux<br \/>\nmonocultures intensives.<\/p>\n<p>Un d\u00e9clin<br \/>\nlocalis\u00e9, pas une extinction globale<\/p>\n<p class=\"whitespace-normal break-words\">Voici le point crucial que<br \/>\nmasque le sensationnalisme des r\u00e9seaux sociaux : le probl\u00e8me n\u2019est<br \/>\npas uniforme. Certaines esp\u00e8ces locales disparaissent<br \/>\neffectivement, mais la communaut\u00e9 des lucioles dans son ensemble ne<br \/>\ncourt pas un danger imminent d\u2019extinction.<\/p>\n<p class=\"whitespace-normal break-words\">Cette nuance fondamentale<br \/>\na \u00e9t\u00e9 soulign\u00e9e par le communicateur scientifique Hank Green, qui a<br \/>\npubli\u00e9 une vid\u00e9o de fact-checking pour temp\u00e9rer les inqui\u00e9tudes.<br \/>\nSon message est clair : \u00ab\u00a0Je ne veux pas que vous ayez<br \/>\npeur de tout, je veux que nous ayons peur des bonnes<br \/>\nchoses.\u00a0\u00bb<\/p>\n<p>Des<br \/>\nsolutions concr\u00e8tes existent<\/p>\n<p class=\"whitespace-normal break-words\">Loin d\u2019\u00eatre un combat<br \/>\nperdu d\u2019avance, la conservation des lucioles dispose d\u2019un arsenal<br \/>\nde solutions accessibles. La r\u00e9duction de la pollution lumineuse<br \/>\nrepr\u00e9sente un levier d\u2019action imm\u00e9diat : \u00e9teindre les \u00e9clairages<br \/>\next\u00e9rieurs inutiles, utiliser des ampoules moins intrusives,<br \/>\norienter les sources lumineuses vers le bas.<\/p>\n<p class=\"whitespace-normal break-words\">La pr\u00e9servation des<br \/>\nhabitats naturels reste prioritaire. Maintenir des zones d\u2019herbes<br \/>\nhautes, pr\u00e9server les points d\u2019eau, \u00e9viter la sur-tonte des<br \/>\npelouses : autant de gestes simples qui peuvent faire la<br \/>\ndiff\u00e9rence. En agriculture, l\u2019adoption de pratiques respectueuses<br \/>\nde la faune \u2013 r\u00e9duction des pesticides, maintien de bandes<br \/>\nenherb\u00e9es \u2013 offre des perspectives encourageantes.<\/p>\n<p>Garder<br \/>\nespoir sans minimiser l\u2019urgence<\/p>\n<p class=\"whitespace-normal break-words\">Les lucioles ne sont pas<br \/>\ncondamn\u00e9es \u00e0 dispara\u00eetre, mais leur situation illustre parfaitement<br \/>\nles d\u00e9fis environnementaux contemporains. Leur sort d\u00e9pend de notre<br \/>\ncapacit\u00e9 \u00e0 comprendre finement les \u00e9cosyst\u00e8mes naturels et \u00e0<br \/>\nadapter nos pratiques en cons\u00e9quence.<\/p>\n<p class=\"whitespace-normal break-words\">Face \u00e0 l\u2019\u00e9co-anxi\u00e9t\u00e9<br \/>\nambiante, la science nous invite \u00e0 un \u00e9quilibre d\u00e9licat : prendre<br \/>\nconscience de l\u2019urgence \u00e9cologique sans c\u00e9der au fatalisme, agir<br \/>\navec d\u00e9termination tout en gardant espoir. Car c\u2019est peut-\u00eatre l\u00e0<br \/>\nla cl\u00e9 pour que les g\u00e9n\u00e9rations futures puissent encore<br \/>\ns\u2019\u00e9merveiller devant la danse lumineuse des lucioles par les<br \/>\nchaudes soir\u00e9es d\u2019\u00e9t\u00e9.<\/p>\n<p><script async src=\"\/\/www.tiktok.com\/embed.js\"><\/script><\/p>\n","protected":false},"excerpt":{"rendered":"Une vid\u00e9o TikTok a r\u00e9cemment affol\u00e9 la toile : \u00ab\u00a0Nous sommes la derni\u00e8re g\u00e9n\u00e9ration \u00e0 voir des lucioles\u00a0\u00bb.&hellip;\n","protected":false},"author":2,"featured_media":286719,"comment_status":"","ping_status":"","sticky":false,"template":"","format":"standard","meta":{"footnotes":""},"categories":[7],"tags":[1011,27,43,40,41,39,42,44],"class_list":{"0":"post-286718","1":"post","2":"type-post","3":"status-publish","4":"format-standard","5":"has-post-thumbnail","7":"category-sciences-et-technologies","8":"tag-fr","9":"tag-france","10":"tag-science","11":"tag-science-and-technology","12":"tag-sciences","13":"tag-sciences-et-technologies","14":"tag-technologies","15":"tag-technology"},"share_on_mastodon":{"url":"https:\/\/pubeurope.com\/@fr\/114947933094350658","error":""},"_links":{"self":[{"href":"https:\/\/www.europesays.com\/fr\/wp-json\/wp\/v2\/posts\/286718","targetHints":{"allow":["GET"]}}],"collection":[{"href":"https:\/\/www.europesays.com\/fr\/wp-json\/wp\/v2\/posts"}],"about":[{"href":"https:\/\/www.europesays.com\/fr\/wp-json\/wp\/v2\/types\/post"}],"author":[{"embeddable":true,"href":"https:\/\/www.europesays.com\/fr\/wp-json\/wp\/v2\/users\/2"}],"replies":[{"embeddable":true,"href":"https:\/\/www.europesays.com\/fr\/wp-json\/wp\/v2\/comments?post=286718"}],"version-history":[{"count":0,"href":"https:\/\/www.europesays.com\/fr\/wp-json\/wp\/v2\/posts\/286718\/revisions"}],"wp:featuredmedia":[{"embeddable":true,"href":"https:\/\/www.europesays.com\/fr\/wp-json\/wp\/v2\/media\/286719"}],"wp:attachment":[{"href":"https:\/\/www.europesays.com\/fr\/wp-json\/wp\/v2\/media?parent=286718"}],"wp:term":[{"taxonomy":"category","embeddable":true,"href":"https:\/\/www.europesays.com\/fr\/wp-json\/wp\/v2\/categories?post=286718"},{"taxonomy":"post_tag","embeddable":true,"href":"https:\/\/www.europesays.com\/fr\/wp-json\/wp\/v2\/tags?post=286718"}],"curies":[{"name":"wp","href":"https:\/\/api.w.org\/{rel}","templated":true}]}}