{"id":286720,"date":"2025-07-31T12:50:11","date_gmt":"2025-07-31T12:50:11","guid":{"rendered":"https:\/\/www.europesays.com\/fr\/286720\/"},"modified":"2025-07-31T12:50:11","modified_gmt":"2025-07-31T12:50:11","slug":"les-francais-ont-depose-978-milliards-deuros-au-premier-semestre-du-jamais-vu","status":"publish","type":"post","link":"https:\/\/www.europesays.com\/fr\/286720\/","title":{"rendered":"les Fran\u00e7ais ont d\u00e9pos\u00e9 97,8 milliards d&rsquo;euros au premier semestre, du jamais vu"},"content":{"rendered":"<p>Le solde entre d\u00e9p\u00f4ts et retraits s\u2019\u00e9l\u00e8ve \u00e0 26,6 milliards d\u2019euros entre janvier et juin, le niveau le plus haut atteint depuis 2010.<\/p>\n<p class=\"fig-paragraph\">Les \u00e9pargnants fran\u00e7ais, pouss\u00e9s \u00e0 \u00e9conomiser par le climat \u00e9conomique incertain, ont d\u00e9pos\u00e9 97,8 milliards d&rsquo;euros sur leurs contrats\u00a0<a href=\"http:\/\/www.lefigaro.fr\/conjoncture\/assurance-vie-livret-a-pel-actions-ou-les-francais-placent-ils-vraiment-leur-argent-20250723\" data-fig-type=\"NewsFlash\" data-gtm-custom-categorie=\"navigation\" data-gtm-custom-action=\"crossclick\" data-gtm-custom-label=\"Contextuel\" data-gtm-event=\"customEventSPE\" data-fig-domain=\"LEFIGARO\" target=\"_blank\" rel=\"noopener\">d&rsquo;assurance vie<\/a>\u00a0au premier semestre, du jamais vu, selon les donn\u00e9es publi\u00e9es jeudi par France Assureurs.<\/p>\n<p class=\"fig-paragraph\">En retranchant les prestations vers\u00e9es par les assureurs sur la p\u00e9riode, le solde entre d\u00e9p\u00f4ts et retraits s&rsquo;\u00e9l\u00e8ve \u00e0 26,6 milliards d&rsquo;euros entre janvier et juin, le niveau le plus haut atteint depuis 2010.<\/p>\n<p>                                    <a class=\"fig-a11y-skip a11y-hidden\" href=\"#fig-a11y-skip-main-inarticle\"><br \/>\n        Passer la publicit\u00e9<br \/>\n    <\/a><\/p>\n<p class=\"fig-paragraph\">Plus d\u2019informations \u00e0 venir.<\/p>\n","protected":false},"excerpt":{"rendered":"Le solde entre d\u00e9p\u00f4ts et retraits s\u2019\u00e9l\u00e8ve \u00e0 26,6 milliards d\u2019euros entre janvier et juin, le niveau le&hellip;\n","protected":false},"author":2,"featured_media":286721,"comment_status":"","ping_status":"","sticky":false,"template":"","format":"standard","meta":{"footnotes":""},"categories":[6],"tags":[11660,35,33,34,1011,27,1118],"class_list":{"0":"post-286720","1":"post","2":"type-post","3":"status-publish","4":"format-standard","5":"has-post-thumbnail","7":"category-economie","8":"tag-assurance-vie","9":"tag-business","10":"tag-economie","11":"tag-economy","12":"tag-fr","13":"tag-france","14":"tag-placement"},"share_on_mastodon":{"url":"https:\/\/pubeurope.com\/@fr\/114947937541114090","error":""},"_links":{"self":[{"href":"https:\/\/www.europesays.com\/fr\/wp-json\/wp\/v2\/posts\/286720","targetHints":{"allow":["GET"]}}],"collection":[{"href":"https:\/\/www.europesays.com\/fr\/wp-json\/wp\/v2\/posts"}],"about":[{"href":"https:\/\/www.europesays.com\/fr\/wp-json\/wp\/v2\/types\/post"}],"author":[{"embeddable":true,"href":"https:\/\/www.europesays.com\/fr\/wp-json\/wp\/v2\/users\/2"}],"replies":[{"embeddable":true,"href":"https:\/\/www.europesays.com\/fr\/wp-json\/wp\/v2\/comments?post=286720"}],"version-history":[{"count":0,"href":"https:\/\/www.europesays.com\/fr\/wp-json\/wp\/v2\/posts\/286720\/revisions"}],"wp:featuredmedia":[{"embeddable":true,"href":"https:\/\/www.europesays.com\/fr\/wp-json\/wp\/v2\/media\/286721"}],"wp:attachment":[{"href":"https:\/\/www.europesays.com\/fr\/wp-json\/wp\/v2\/media?parent=286720"}],"wp:term":[{"taxonomy":"category","embeddable":true,"href":"https:\/\/www.europesays.com\/fr\/wp-json\/wp\/v2\/categories?post=286720"},{"taxonomy":"post_tag","embeddable":true,"href":"https:\/\/www.europesays.com\/fr\/wp-json\/wp\/v2\/tags?post=286720"}],"curies":[{"name":"wp","href":"https:\/\/api.w.org\/{rel}","templated":true}]}}