{"id":286726,"date":"2025-07-31T12:54:12","date_gmt":"2025-07-31T12:54:12","guid":{"rendered":"https:\/\/www.europesays.com\/fr\/286726\/"},"modified":"2025-07-31T12:54:12","modified_gmt":"2025-07-31T12:54:12","slug":"politique-la-stephanoise-audrey-lyonnet-devient-la-numero-deux-nationale-des-jeunes-en-marche","status":"publish","type":"post","link":"https:\/\/www.europesays.com\/fr\/286726\/","title":{"rendered":"Politique. La St\u00e9phanoise Audrey Lyonnet devient la num\u00e9ro deux nationale des Jeunes en Marche"},"content":{"rendered":"<p>Elle \u00e9tait vice-pr\u00e9sidente l\u2019an dernier, elle est d\u00e9sormais secr\u00e9taire g\u00e9n\u00e9rale. \u00c0 30 ans, la St\u00e9phanoise Audrey Lyonnet vient d\u2019\u00eatre nomm\u00e9e num\u00e9ro deux au niveau national du mouvement des Jeunes en Marche. Elle figurait sur la liste men\u00e9e par Louis Roquebert, qui a remport\u00e9 l\u2019\u00e9lection interne au mouvement avec 63\u00a0% des voix (1\u00a0598 voix sur 2\u00a0650 votants).<\/p>\n<p>  Elle devrait participer aux municipales 2026 \u00e0 Saint-\u00c9tienne<\/p>\n<p>En politique depuis une dizaine d\u2019ann\u00e9es, elle a d\u2019abord milit\u00e9 aux c\u00f4t\u00e9s des R\u00e9publicains et de <a href=\"https:\/\/www.leprogres.fr\/p\/gael-perdriau\" target=\"_blank\" rel=\"noopener\">Ga\u00ebl Perdriau<\/a> lors des \u00e9lections municipales de 2014, avant de rejoindre le parti d\u2019<a href=\"https:\/\/www.leprogres.fr\/p\/emmanuel-macron\" target=\"_blank\" rel=\"noopener\">Emmanuel Macron<\/a>. Audrey Lyonnet est devenue, en 2018, collaboratrice parlementaire du d\u00e9put\u00e9 En Marche <a href=\"https:\/\/www.leprogres.fr\/p\/jean-michel-mis\" target=\"_blank\" rel=\"noopener\">Jean-Michel Mis<\/a>, puis de <a href=\"https:\/\/www.leprogres.fr\/p\/quentin-bataillon\" target=\"_blank\" rel=\"noopener\">Quentin Bataillon<\/a> en 2022.<\/p>\n<p>Investie localement, la jeune femme participera tr\u00e8s certainement aux prochaines \u00e9lections municipales de 2026. Dans un communiqu\u00e9 de presse envoy\u00e9 mardi, elle assure avoir pour ambition de \u00ab\u00a0figurer <a href=\"https:\/\/www.leprogres.fr\/elections\/2025\/05\/23\/municipales-2026-un-arc-republicain-historique-pour-en-finir-avec-l-ere-perdriau\" target=\"_blank\" rel=\"noopener\">sur la liste Saint-\u00c9tienne Ensemble 2026<\/a> (la liste d\u2019union de la droite et du centre, NDLR) et se d\u00e9clare pr\u00eate \u00e0 soutenir le candidat d\u00e9sign\u00e9 \u00e0 l\u2019issue du sondage qui d\u00e9terminera la t\u00eate de liste\u00a0\u00bb.<\/p>\n","protected":false},"excerpt":{"rendered":"Elle \u00e9tait vice-pr\u00e9sidente l\u2019an dernier, elle est d\u00e9sormais secr\u00e9taire g\u00e9n\u00e9rale. \u00c0 30 ans, la St\u00e9phanoise Audrey Lyonnet vient&hellip;\n","protected":false},"author":2,"featured_media":286727,"comment_status":"","ping_status":"","sticky":false,"template":"","format":"standard","meta":{"footnotes":""},"categories":[9653],"tags":[1111,11,2430,7539,4188,1777,674,1011,27,3367,12,316,3370,25,4001,7538],"class_list":{"0":"post-286726","1":"post","2":"type-post","3":"status-publish","4":"format-standard","5":"has-post-thumbnail","7":"category-saint-etienne","8":"tag-actu","9":"tag-actualites","10":"tag-auvergne-rhone-alpes","11":"tag-edition-loire-sud","12":"tag-elections-municipales","13":"tag-eu","14":"tag-europe","15":"tag-fr","16":"tag-france","17":"tag-loire","18":"tag-news","19":"tag-politique","20":"tag-renaissance","21":"tag-republique-francaise","22":"tag-saint-etienne","23":"tag-saint-etienne-ville"},"share_on_mastodon":{"url":"https:\/\/pubeurope.com\/@fr\/114947952822818620","error":""},"_links":{"self":[{"href":"https:\/\/www.europesays.com\/fr\/wp-json\/wp\/v2\/posts\/286726","targetHints":{"allow":["GET"]}}],"collection":[{"href":"https:\/\/www.europesays.com\/fr\/wp-json\/wp\/v2\/posts"}],"about":[{"href":"https:\/\/www.europesays.com\/fr\/wp-json\/wp\/v2\/types\/post"}],"author":[{"embeddable":true,"href":"https:\/\/www.europesays.com\/fr\/wp-json\/wp\/v2\/users\/2"}],"replies":[{"embeddable":true,"href":"https:\/\/www.europesays.com\/fr\/wp-json\/wp\/v2\/comments?post=286726"}],"version-history":[{"count":0,"href":"https:\/\/www.europesays.com\/fr\/wp-json\/wp\/v2\/posts\/286726\/revisions"}],"wp:featuredmedia":[{"embeddable":true,"href":"https:\/\/www.europesays.com\/fr\/wp-json\/wp\/v2\/media\/286727"}],"wp:attachment":[{"href":"https:\/\/www.europesays.com\/fr\/wp-json\/wp\/v2\/media?parent=286726"}],"wp:term":[{"taxonomy":"category","embeddable":true,"href":"https:\/\/www.europesays.com\/fr\/wp-json\/wp\/v2\/categories?post=286726"},{"taxonomy":"post_tag","embeddable":true,"href":"https:\/\/www.europesays.com\/fr\/wp-json\/wp\/v2\/tags?post=286726"}],"curies":[{"name":"wp","href":"https:\/\/api.w.org\/{rel}","templated":true}]}}