{"id":286730,"date":"2025-07-31T12:56:22","date_gmt":"2025-07-31T12:56:22","guid":{"rendered":"https:\/\/www.europesays.com\/fr\/286730\/"},"modified":"2025-07-31T12:56:22","modified_gmt":"2025-07-31T12:56:22","slug":"grand-nancy-ca-y-est-le-phallus-de-titan-tintin-fleurit-a-nouveau-au-jardin-botanique-une-premiere-en-france","status":"publish","type":"post","link":"https:\/\/www.europesays.com\/fr\/286730\/","title":{"rendered":"Grand Nancy. \u00c7a y est, le phallus de titan \u00ab\u00a0Tintin\u00a0\u00bb fleurit \u00e0 nouveau au jardin botanique : une premi\u00e8re en France"},"content":{"rendered":"<p>\u00c7a y est, il s\u2019est ouvert\u00a0! Cette fois <a href=\"https:\/\/www.estrepublicain.fr\/environnement\/2025\/07\/28\/le-phallus-de-titan-tintin-bat-son-record-de-taille-avant-sa-deuxieme-floraison-dans-les-prochains-jours\" target=\"_blank\" rel=\"noopener\">dans le timing que lui avaient programm\u00e9 les sp\u00e9cialistes.<\/a> Ce matin, le phallus de titan r\u00e9pondant au nom de Tintin (amorphophallus de son nom scientifique) a entam\u00e9 sa floraison, pour la seconde fois de son existence. Cela constitue une premi\u00e8re en France. Jamais avant aujourd\u2019hui, un arum titan (autre nom) n\u2019avait fleuri deux fois dans son existence dans le pays.<\/p>\n<p>Tintin en effet avait d\u00e9j\u00e0 fleuri en juillet\u00a02023, offrant alors un spectacle pr\u00e9cieux, l\u2019inflorescence de cette plante g\u00e9ante constituant en soi une raret\u00e9. <a href=\"https:\/\/www.estrepublicain.fr\/environnement\/2025\/07\/25\/tintin-le-phallus-de-titan-va-s-ouvrir-pas-rare-mais-rarissime\" target=\"_blank\" rel=\"noopener\">Mais deux fois pour le m\u00eame individu, c\u2019\u00e9tait in\u00e9dit.<\/a><\/p>\n<p>Le jardin botanique s\u2019est mis aussit\u00f4t en ordre de bataille, conscient que cet \u00e9v\u00e9nement botanique promet d\u2019attirer les foules. Il en ma\u00eetrise d\u2019ailleurs bien le tempo, car en juin dernier, un autre arum titan avait d\u00e9j\u00e0 cr\u00e9\u00e9 l\u2019\u00e9v\u00e9nement. Il s\u2019agissait d\u2019\u00c9ros, qui lui fleurissait pour la premi\u00e8re fois.<\/p>\n<p>Tintin, son grand fr\u00e8re, le bat \u00e0 plate couture\u00a0: il vient d\u2019atteindre ce matin la taille de 2,16 m\u00e8tres (l\u00e0 o\u00f9 \u00c9ros avait culmin\u00e9 \u00e0 1,62\u00a0m). Or en 2023, il n\u2019avait atteint qu\u20191,95\u00a0m. Il pulv\u00e9rise comme pr\u00e9vu son record national.<\/p>\n<p>  Il a pouss\u00e9 jusqu\u2019\u00e0 la derni\u00e8re minute<\/p>\n<p>L\u00e0 o\u00f9 Tintin a tromp\u00e9 les pronostics, en revanche, c\u2019est qu\u2019il a grandi jusqu\u2019\u00e0 la derni\u00e8re minute, prenant encore trois centim\u00e8tres dans la nuit. Ce n\u2019est normalement pas dans les habitudes de cette plante originaire de Sumatra, dont l\u2019arr\u00eat de la croissance indique th\u00e9oriquement qu\u2019elle est sur le point de s\u2019ouvrir.<\/p>\n<p>Quoi qu\u2019il en soit, revoil\u00e0 Tintin\u00a0! Qui nous fait gr\u00e9 de son spectacle \u00e9ph\u00e9m\u00e8re et donc pr\u00e9cieux. Et odorant\u00a0!<\/p>\n<p>Une fragrance de putr\u00e9faction se d\u00e9gage peu apr\u00e8s son ouverture, dont l\u2019amorphophallus embaumera la serre o\u00f9 il sera expos\u00e9. Mais cette fois, il faudra remonter jusqu\u2019au palmarium, au bout des tunnels.<\/p>\n<p>  Des horaires adapt\u00e9s<\/p>\n<p>Pour l\u2019occasion le jardin Jean-Marie-Pelt \u00e9tend ses horaires d\u2019ouverture, avec deux nocturnes jeudi 31\u00a0juillet et vendredi 1er\u00a0ao\u00fbt jusqu\u2019\u00e0 20 h. Attention, les derniers billets seront vendus, eux, \u00e0 19 h. L\u2019arum, lui, devrait atteindre le sommet de sa gloire vers 17\u00a0h ce jeudi.<\/p>\n<p>Une billetterie est disponible en ligne \u00e9galement, qui permet de choisir son cr\u00e9neau, et ainsi d\u2019\u00e9viter la file d\u2019attente \u00e9ventuelle. Mieux vaut aussi se m\u00e9fier pour le stationnement\u00a0: les places sont rares pr\u00e8s du jardin.<\/p>\n<p>Pour ceux qui n\u2019auront pas pu se lib\u00e9rer ces jours de semaine, sachez que le spectacle devrait encore valoir largement le d\u00e9tour ce week-end. Tintin n\u2019est pas avare de ses charmes\u00a0!<\/p>\n","protected":false},"excerpt":{"rendered":"\u00c7a y est, il s\u2019est ouvert\u00a0! Cette fois dans le timing que lui avaient programm\u00e9 les sp\u00e9cialistes. Ce&hellip;\n","protected":false},"author":2,"featured_media":286731,"comment_status":"","ping_status":"","sticky":false,"template":"","format":"standard","meta":{"footnotes":""},"categories":[9635],"tags":[1111,11,1704,436,1777,674,1011,27,775,1757,10262,3457,1702,12,3456,25,10261],"class_list":{"0":"post-286730","1":"post","2":"type-post","3":"status-publish","4":"format-standard","5":"has-post-thumbnail","7":"category-nancy","8":"tag-actu","9":"tag-actualites","10":"tag-edition-nancy-et-agglomeration","11":"tag-environnement","12":"tag-eu","13":"tag-europe","14":"tag-fr","15":"tag-france","16":"tag-grand-est","17":"tag-insolite","18":"tag-metropole-du-grand-nancy-54b5","19":"tag-meurthe-et-moselle","20":"tag-nancy","21":"tag-news","22":"tag-region-lorraine","23":"tag-republique-francaise","24":"tag-villers-les-nancy"},"share_on_mastodon":{"url":"https:\/\/pubeurope.com\/@fr\/114947960502187151","error":""},"_links":{"self":[{"href":"https:\/\/www.europesays.com\/fr\/wp-json\/wp\/v2\/posts\/286730","targetHints":{"allow":["GET"]}}],"collection":[{"href":"https:\/\/www.europesays.com\/fr\/wp-json\/wp\/v2\/posts"}],"about":[{"href":"https:\/\/www.europesays.com\/fr\/wp-json\/wp\/v2\/types\/post"}],"author":[{"embeddable":true,"href":"https:\/\/www.europesays.com\/fr\/wp-json\/wp\/v2\/users\/2"}],"replies":[{"embeddable":true,"href":"https:\/\/www.europesays.com\/fr\/wp-json\/wp\/v2\/comments?post=286730"}],"version-history":[{"count":0,"href":"https:\/\/www.europesays.com\/fr\/wp-json\/wp\/v2\/posts\/286730\/revisions"}],"wp:featuredmedia":[{"embeddable":true,"href":"https:\/\/www.europesays.com\/fr\/wp-json\/wp\/v2\/media\/286731"}],"wp:attachment":[{"href":"https:\/\/www.europesays.com\/fr\/wp-json\/wp\/v2\/media?parent=286730"}],"wp:term":[{"taxonomy":"category","embeddable":true,"href":"https:\/\/www.europesays.com\/fr\/wp-json\/wp\/v2\/categories?post=286730"},{"taxonomy":"post_tag","embeddable":true,"href":"https:\/\/www.europesays.com\/fr\/wp-json\/wp\/v2\/tags?post=286730"}],"curies":[{"name":"wp","href":"https:\/\/api.w.org\/{rel}","templated":true}]}}